{"id":37547,"date":"2025-05-02T10:07:14","date_gmt":"2025-05-02T10:07:14","guid":{"rendered":"https:\/\/new.igihe.com\/french\/Le-testament-spirituel-du-Pape-Francois-37547\/"},"modified":"2025-05-02T10:04:27","modified_gmt":"2025-05-02T10:04:27","slug":"Le-testament-spirituel-du-Pape-Francois","status":"publish","type":"post","link":"https:\/\/new.igihe.com\/french\/Le-testament-spirituel-du-Pape-Francois\/","title":{"rendered":"Le testament spirituel du Pape Fran\u00e7ois"},"content":{"rendered":"<p>En ces lignes cr\u00e9pusculaires, o\u00f9 l\u2019intime rejoint l\u2019universel, le Pape ne l\u00e8gue point tant un legs doctrinal qu\u2019un souffle spirituel, une effusion d\u2019\u00e2me o\u00f9 transpara\u00eet l\u2019\u00e9cho de la Vierge, m\u00e9diatrice silencieuse, et l\u2019appel \u00e9vang\u00e9lique \u00e0 la fraternit\u00e9 comme horizon eschatologique de l\u2019humanit\u00e9. <\/p>\n<p>Ce testament n\u2019est pas seulement m\u00e9moire, il est offrande : l\u2019acte supr\u00eame d\u2019un pasteur qui, ayant bu jusqu\u2019\u00e0 la lie le calice du service, remet l\u2019\u00c9glise entre les mains de la tendresse divine, en une oblation sans retour. Chaque mot, pes\u00e9 dans le silence de la pri\u00e8re, r\u00e9sonne comme une ultime exhortation \u00e0 la communion des c\u0153urs et \u00e0 la docilit\u00e9 \u00e0 l&#8217;Esprit, scellant ainsi, sous le sceau du d\u00e9pouillement, la trace lumineuse d\u2019un pontificat \u00e0 la fois th\u00e9ologal et fraternel.<\/p>\n<p>Dans les derniers feuillets de la conscience humaine, lorsque le souffle se rar\u00e9fie et que l\u2019\u00e2me s\u2019appr\u00eate \u00e0 franchir le seuil du myst\u00e8re, il est des paroles qui, plus que d\u2019autres, s\u2019impriment comme des stigmates de lumi\u00e8re sur l\u2019histoire des hommes. Le testament spirituel que le Pape Fran\u00e7ois, Serviteur des serviteurs de Dieu, r\u00e9digea en la solennit\u00e9 des saints ap\u00f4tres Pierre et Paul, le 29 juin 2022, appartient \u00e0 cette cat\u00e9gorie d\u2019\u00e9crits dont la bri\u00e8vet\u00e9 rec\u00e8le l\u2019incommensurable.<\/p>\n<p>Loin de toute grandiloquence fun\u00e9raire, ce texte, empreint d\u2019humilit\u00e9 s\u00e9raphique, ne cherche ni l\u2019\u00e9loquence ni l\u2019apoth\u00e9ose, mais la simplicit\u00e9 nue de l\u2019\u00c9vangile. Il n\u2019est pas une \u00e9pitaphe solennelle destin\u00e9e \u00e0 magnifier un pontificat, mais plut\u00f4t une ultime pri\u00e8re, une offrande silencieuse, o\u00f9 la volont\u00e9 personnelle se retire devant la pr\u00e9sence maternelle de la Vierge Marie.<\/p>\n<p>En des termes d\u2019une sobri\u00e9t\u00e9 quasi monastique, le Souverain Pontife n\u2019exprime qu\u2019un unique d\u00e9sir : celui d\u2019\u00eatre inhum\u00e9 dans le sein de celle qu\u2019il appelle avec ferveur \u00ab la M\u00e8re de Notre Seigneur, la Tr\u00e8s Sainte Marie \u00bb. La basilique papale Sainte-Marie-Majeure, l\u2019un des plus v\u00e9n\u00e9rables sanctuaires mariaux de la chr\u00e9tient\u00e9, devient ainsi le point d\u2019aboutissement de son p\u00e8lerinage terrestre, cette marche apostolique jalonn\u00e9e de pri\u00e8res et de supplications, toujours entam\u00e9e et conclue sous le regard de la Salus Populi Romani, cette ic\u00f4ne antique qui veilla sur lui comme sur un fils livr\u00e9 aux vents du si\u00e8cle.<\/p>\n<p>La dimension mariale de ce testament est \u00e9minemment th\u00e9ologique. Elle inscrit le pontificat de Fran\u00e7ois dans la lign\u00e9e de ceux qui ont fait de la Vierge Immacul\u00e9e non seulement un mod\u00e8le de docilit\u00e9 \u00e9vang\u00e9lique, mais aussi un refuge maternel dans l\u2019\u00e9paisseur de l\u2019histoire. Il ne s\u2019agit point d\u2019un simple choix de lieu ou d\u2019un caprice sentimental, mais d\u2019une profession de foi ultime, d\u2019un acte de confiance totale dans celle que l\u2019\u00c9glise acclame comme Mater Ecclesiae, M\u00e8re de l\u2019\u00c9glise.<\/p>\n<p>La demande d\u2019un s\u00e9pulcre \u00ab dans la terre, simple, sans d\u00e9coration particuli\u00e8re \u00bb r\u00e9v\u00e8le quant \u00e0 elle une profondeur spirituelle rare en ces temps de culte de l\u2019apparence et de glorification des vanit\u00e9s. L\u2019inscription lapidaire, unique et d\u00e9sarm\u00e9e \u201cFranciscus\u201d r\u00e9sume \u00e0 elle seule l\u2019essence d\u2019un pontificat voulu pauvre parmi les pauvres, d\u00e9nu\u00e9 de l\u2019orgueil des titres et des m\u00e9moriaux. <\/p>\n<p>Ce d\u00e9pouillement ultime rejoint le silence des catacombes et l\u2019humilit\u00e9 des commencements \u00e9vang\u00e9liques, comme pour rappeler que le successeur de Pierre n\u2019est, apr\u00e8s tout, qu\u2019un fr\u00e8re parmi ses fr\u00e8res, un p\u00e9cheur rachet\u00e9, un serviteur inutile rendu \u00e0 la poussi\u00e8re.<\/p>\n<p>Mais ce testament n\u2019est pas qu\u2019un acte de pi\u00e9t\u00e9 personnelle : il est aussi un acte de gouvernement eccl\u00e9sial. En confiant l\u2019ex\u00e9cution de ses volont\u00e9s \u00e0 Mgr Rolandas Makrickas, et en veillant \u00e0 ce que les frais de la s\u00e9pulture soient couverts par une donation explicitement d\u00e9sign\u00e9e, le Pape manifeste jusqu\u2019au bout ce sens du devoir pastoral qui caract\u00e9risa son pontificat. Il ne laisse pas de dettes, ni mat\u00e9rielles ni morales : il cl\u00f4t le livre de sa vie avec une clart\u00e9 administrative qui refl\u00e8te sa rigueur int\u00e9rieure.<\/p>\n<p>Enfin, dans une ultime phrase o\u00f9 affleure la gravit\u00e9 d\u2019un homme aux portes de la grande nuit, Fran\u00e7ois \u00e9l\u00e8ve une offrande spirituelle d\u2019une beaut\u00e9 saisissante. La souffrance, qui s\u2019est accrue dans la derni\u00e8re partie de son existence, il la transfigure en pri\u00e8re pour la paix entre les peuples et la fraternit\u00e9 universelle, deux piliers qui ont soutenu toute la charpente de son magist\u00e8re. Ce don de soi, offert en silence sur l\u2019autel du monde, r\u00e9sonne comme l\u2019\u00e9cho lointain des douleurs r\u00e9demptrices du Christ : un sacrifice discret, sans \u00e9clat, mais d\u2019autant plus f\u00e9cond.<\/p>\n<p>Ce testament, par son d\u00e9pouillement et sa densit\u00e9, est \u00e0 l\u2019image du Pape qui le signe : un homme habit\u00e9 par le myst\u00e8re, fa\u00e7onn\u00e9 par la pri\u00e8re, et tendu vers l\u2019unique n\u00e9cessaire. Il scelle moins une fin qu\u2019il n\u2019ouvre une esp\u00e9rance. Car dans le silence de la tombe, sous la nef mariale, une voix demeurera : celle d\u2019un pasteur qui, jusqu\u2019au bout, a confi\u00e9 ses brebis \u00e0 la M\u00e8re du R\u00e9dempteur, dans l\u2019attente du matin pascal.<\/p>\n<figure class=\"spip-document spip-document-60652 aligncenter\"><img decoding=\"async\" src=\"https:\/\/fr.igihe.com\/IMG\/jpg\/pf-3.jpg\" alt=\"Le testament du Pape appara\u00eet comme l\u2019accomplissement spirituel d\u2019un pontificat marqu\u00e9 par le don de soi, la foi mariale et l\u2019attention fraternelle\" \/><\/figure>\n","protected":false},"excerpt":{"rendered":"<p>Le testament du Souverain Pontife, tel une ultime offrande d\u2019un minist\u00e8re empreint d\u2019abandon marial et de sollicitude fraternelle, se d\u00e9ploie comme l\u2019aboutissement mystique d\u2019un pontificat tout entier vou\u00e9 \u00e0 la transparence du don de soi. <\/p>\n","protected":false},"author":488,"featured_media":4000060651,"comment_status":"open","ping_status":"open","sticky":false,"template":"","format":"standard","meta":{"footnotes":""},"categories":[7541],"tags":[7605],"byline":[9102],"hashtag":[],"class_list":["post-37547","post","type-post","status-publish","format-standard","has-post-thumbnail","hentry","category-religion","tag-homenews","byline-tite-gatabazi"],"bylines":[{"id":9102,"name":"Tite Gatabazi","slug":"tite-gatabazi","description":"","image":{"id":0,"url":"https:\/\/secure.gravatar.com\/avatar\/?s=96&d=mm&f=y&r=g","alt":"Default avatar","title":"Default avatar","caption":"","mime_type":"image\/jpeg","sizes":[]},"user_id":472}],"contributors":[{"id":9102,"name":"Tite Gatabazi","slug":"tite-gatabazi","description":"","image":{"id":0,"url":"https:\/\/secure.gravatar.com\/avatar\/?s=96&d=mm&f=y&r=g","alt":"Default avatar","title":"Default avatar","caption":"","mime_type":"image\/jpeg","sizes":[]},"user_id":472}],"featured_image":{"id":4000060651,"url":"https:\/\/fr-images.igihe.com\/IMG\/logo\/pf_cp-4.jpg","alt":"","caption":"","mime_type":"image\/jpeg","width":0,"height":0,"sizes":{"thumbnail":{"url":"https:\/\/fr-images.igihe.com\/IMG\/logo\/pf_cp-4.jpg","width":1,"height":1},"medium":{"url":"https:\/\/fr-images.igihe.com\/IMG\/logo\/pf_cp-4.jpg","width":1,"height":1},"medium_large":{"url":"https:\/\/fr-images.igihe.com\/IMG\/logo\/pf_cp-4.jpg","width":1,"height":1},"large":{"url":"https:\/\/fr-images.igihe.com\/IMG\/logo\/pf_cp-4.jpg","width":1,"height":1},"full":{"url":"https:\/\/fr-images.igihe.com\/IMG\/logo\/pf_cp-4.jpg","width":0,"height":0}}},"_links":{"self":[{"href":"https:\/\/new.igihe.com\/french\/wp-json\/wp\/v2\/posts\/37547","targetHints":{"allow":["GET"]}}],"collection":[{"href":"https:\/\/new.igihe.com\/french\/wp-json\/wp\/v2\/posts"}],"about":[{"href":"https:\/\/new.igihe.com\/french\/wp-json\/wp\/v2\/types\/post"}],"author":[{"embeddable":true,"href":"https:\/\/new.igihe.com\/french\/wp-json\/wp\/v2\/users\/488"}],"replies":[{"embeddable":true,"href":"https:\/\/new.igihe.com\/french\/wp-json\/wp\/v2\/comments?post=37547"}],"version-history":[{"count":0,"href":"https:\/\/new.igihe.com\/french\/wp-json\/wp\/v2\/posts\/37547\/revisions"}],"wp:featuredmedia":[{"embeddable":true,"href":"https:\/\/new.igihe.com\/french\/wp-json\/wp\/v2\/media\/4000060651"}],"wp:attachment":[{"href":"https:\/\/new.igihe.com\/french\/wp-json\/wp\/v2\/media?parent=37547"}],"wp:term":[{"taxonomy":"category","embeddable":true,"href":"https:\/\/new.igihe.com\/french\/wp-json\/wp\/v2\/categories?post=37547"},{"taxonomy":"post_tag","embeddable":true,"href":"https:\/\/new.igihe.com\/french\/wp-json\/wp\/v2\/tags?post=37547"},{"taxonomy":"byline","embeddable":true,"href":"https:\/\/new.igihe.com\/french\/wp-json\/wp\/v2\/byline?post=37547"},{"taxonomy":"hashtag","embeddable":true,"href":"https:\/\/new.igihe.com\/french\/wp-json\/wp\/v2\/hashtag?post=37547"}],"curies":[{"name":"wp","href":"https:\/\/api.w.org\/{rel}","templated":true}]}}