{"id":37544,"date":"2025-05-02T09:07:02","date_gmt":"2025-05-02T09:07:02","guid":{"rendered":"https:\/\/new.igihe.com\/french\/Le-Rwanda-et-la-RDC-s-accordent-sur-un-traite-de-paix-37544\/"},"modified":"2025-05-05T09:34:24","modified_gmt":"2025-05-05T09:34:24","slug":"Le-Rwanda-et-la-RDC-s-accordent-sur-un-traite-de-paix","status":"publish","type":"post","link":"https:\/\/new.igihe.com\/french\/Le-Rwanda-et-la-RDC-s-accordent-sur-un-traite-de-paix\/","title":{"rendered":"Le Rwanda et la RDC signeront un accord de paix en pr\u00e9sence du pr\u00e9sident Trump en juin"},"content":{"rendered":"<p>Ce trait\u00e9 de paix sera accompagn\u00e9 de plusieurs accords \u00e9conomiques entre les \u00c9tats-Unis et les deux pays africains. Washington envisage un vaste programme d\u2019investissements destin\u00e9 \u00e0 stimuler le d\u00e9veloppement r\u00e9gional et \u00e0 renforcer les progr\u00e8s diplomatiques accomplis. D\u2019apr\u00e8s les autorit\u00e9s am\u00e9ricaines, cet ensemble d\u2019accords profitera \u00e0 toutes les parties impliqu\u00e9es et offrira une solution durable aux crises qui affectent la r\u00e9gion des Grands Lacs depuis des d\u00e9cennies.<\/p>\n<p>Le ministre des Affaires \u00e9trang\u00e8res, Olivier Nduhungirehe, a confirm\u00e9 au Journal &#8220;IGIHE&#8221; que la date du vendredi 2 mai 2025 avait \u00e9t\u00e9 retenu pour la remise des versions pr\u00e9liminaires des accords. \u00ab Oui, c\u2019est bien ce que nous avons convenu. Les projets d\u2019accords seront finalis\u00e9s ce vendredi, et leur signature est pr\u00e9vue en juin \u00e0 la Maison-Blanche \u00bb, a-t-il d\u00e9clar\u00e9.<\/p>\n<p>Cette avanc\u00e9e diplomatique intervient \u00e0 la suite d&#8217;une r\u00e9union tenue \u00e0 Doha, r\u00e9unissant des repr\u00e9sentants des \u00c9tats-Unis, du Rwanda, de la RDC et du Qatar. Le Rwanda y \u00e9tait repr\u00e9sent\u00e9 par le G\u00e9n\u00e9ral de Brigade Jean Paul Nyirubutama, Directeur g\u00e9n\u00e9ral adjoint du Service national de renseignement (NISS), ainsi que par le G\u00e9n\u00e9ral de Brigade Patrick Karuretwa.<\/p>\n<p>\u00c0 l\u2019issue de ces \u00e9changes, le principal conseiller du pr\u00e9sident Donald Trump pour l\u2019Afrique, Massad Boulos, a salu\u00e9 les progr\u00e8s accomplis, assurant que les documents finaux seraient pr\u00eats dans les d\u00e9lais pr\u00e9vus. Parall\u00e8lement, le secr\u00e9taire d\u2019\u00c9tat am\u00e9ricain aux Affaires \u00e9trang\u00e8res, Marco Rubio, a accept\u00e9 de rencontrer \u00e0 nouveau les ministres rwandais et congolais afin de finaliser un projet d\u2019accord commun.<\/p>\n<p>Une fois les documents finalis\u00e9s, les pr\u00e9paratifs en vue de la signature officielle seront engag\u00e9s. En plus du Pr\u00e9sident Paul Kagame et F\u00e9lix Tshisekedi, plusieurs chefs d\u2019\u00c9tat ayant contribu\u00e9 aux efforts de r\u00e9solution de la crise dans l\u2019est de la RDC devraient \u00e9galement \u00eatre convi\u00e9s \u00e0 la c\u00e9r\u00e9monie pr\u00e9vue \u00e0 Washington.<\/p>\n<p>Cependant, certaines conditions pr\u00e9alables devront \u00eatre remplies avant la signature d\u00e9finitive de l\u2019accord. La RDC est notamment tenue de r\u00e9soudre les probl\u00e8mes s\u00e9curitaires persistants sur son territoire, en particulier la question de la pr\u00e9sence du groupe arm\u00e9 FDLR. Elle devra \u00e9galement achever des r\u00e9formes internes en mati\u00e8re de gouvernance et de r\u00e9partition \u00e9quitable des ressources entre les r\u00e9gions. Par ailleurs, le Rwanda et la RDC devront chacun s\u2019engager \u00e0 conclure s\u00e9par\u00e9ment des accords \u00e9conomiques avec les \u00c9tats-Unis.<\/p>\n<p>Afin de garantir le respect des engagements pris, un comit\u00e9 de suivi a \u00e9t\u00e9 institu\u00e9, r\u00e9unissant les \u00c9tats-Unis, le Qatar, la France et le Togo, ce dernier repr\u00e9sentant l\u2019Union africaine. Par ailleurs, il a \u00e9t\u00e9 d\u00e9cid\u00e9 que les discussions ne rel\u00e8veraient plus des cadres r\u00e9gionaux de la Communaut\u00e9 d\u2019Afrique de l\u2019Est (EAC) et de la Communaut\u00e9 de d\u00e9veloppement de l\u2019Afrique australe (SADC), mais se poursuivraient d\u00e9sormais sous l\u2019\u00e9gide de l\u2019Union africaine, avec le Togo en chef de file.<\/p>\n<figure class=\"spip-document spip-document-60643 aligncenter\"><img decoding=\"async\" src=\"https:\/\/fr.igihe.com\/IMG\/jpg\/ap.jpg\" alt=\"Le pr\u00e9sident Paul Kagame et son homologue de la RDC, F\u00e9lix Tshisekedi, ont particip\u00e9 aux pourparlers de paix tenus \u00e0 Luanda, en Angola, le 6 juillet 2022.\" \/><\/figure>\n","protected":false},"excerpt":{"rendered":"<p>Le Rwanda, la R\u00e9publique D\u00e9mocratique du Congo et les \u00c9tats-Unis d\u2019Am\u00e9rique sont parvenus \u00e0 un accord en vue de la signature, en juin prochain, d\u2019un trait\u00e9 de paix. La c\u00e9r\u00e9monie officielle se tiendra \u00e0 la Maison-Blanche, en pr\u00e9sence du pr\u00e9sident Donald Trump. \u00c0 cette occasion, le Pr\u00e9sident Paul Kagame et F\u00e9lix Tshisekedi proc\u00e9deront \u00e0 la signature de l\u2019accord.<\/p>\n","protected":false},"author":488,"featured_media":4000060642,"comment_status":"open","ping_status":"open","sticky":false,"template":"","format":"standard","meta":{"footnotes":""},"categories":[7544],"tags":[7605],"byline":[9865],"hashtag":[],"class_list":["post-37544","post","type-post","status-publish","format-standard","has-post-thumbnail","hentry","category-politique","tag-homenews","byline-alain-bertrand-tunezerwe"],"bylines":[{"id":9865,"name":"Alain Bertrand Tunezerwe","slug":"alain-bertrand-tunezerwe","description":"","image":{"id":0,"url":"https:\/\/secure.gravatar.com\/avatar\/?s=96&d=mm&f=y&r=g","alt":"Default avatar","title":"Default avatar","caption":"","mime_type":"image\/jpeg","sizes":[]},"user_id":452}],"contributors":[{"id":9865,"name":"Alain Bertrand Tunezerwe","slug":"alain-bertrand-tunezerwe","description":"","image":{"id":0,"url":"https:\/\/secure.gravatar.com\/avatar\/?s=96&d=mm&f=y&r=g","alt":"Default avatar","title":"Default avatar","caption":"","mime_type":"image\/jpeg","sizes":[]},"user_id":452}],"featured_image":{"id":4000060642,"url":"https:\/\/fr-images.igihe.com\/IMG\/logo\/ap_cp.jpg","alt":"","caption":"","mime_type":"image\/jpeg","width":0,"height":0,"sizes":{"thumbnail":{"url":"https:\/\/fr-images.igihe.com\/IMG\/logo\/ap_cp.jpg","width":1,"height":1},"medium":{"url":"https:\/\/fr-images.igihe.com\/IMG\/logo\/ap_cp.jpg","width":1,"height":1},"medium_large":{"url":"https:\/\/fr-images.igihe.com\/IMG\/logo\/ap_cp.jpg","width":1,"height":1},"large":{"url":"https:\/\/fr-images.igihe.com\/IMG\/logo\/ap_cp.jpg","width":1,"height":1},"full":{"url":"https:\/\/fr-images.igihe.com\/IMG\/logo\/ap_cp.jpg","width":0,"height":0}}},"_links":{"self":[{"href":"https:\/\/new.igihe.com\/french\/wp-json\/wp\/v2\/posts\/37544","targetHints":{"allow":["GET"]}}],"collection":[{"href":"https:\/\/new.igihe.com\/french\/wp-json\/wp\/v2\/posts"}],"about":[{"href":"https:\/\/new.igihe.com\/french\/wp-json\/wp\/v2\/types\/post"}],"author":[{"embeddable":true,"href":"https:\/\/new.igihe.com\/french\/wp-json\/wp\/v2\/users\/488"}],"replies":[{"embeddable":true,"href":"https:\/\/new.igihe.com\/french\/wp-json\/wp\/v2\/comments?post=37544"}],"version-history":[{"count":0,"href":"https:\/\/new.igihe.com\/french\/wp-json\/wp\/v2\/posts\/37544\/revisions"}],"wp:featuredmedia":[{"embeddable":true,"href":"https:\/\/new.igihe.com\/french\/wp-json\/wp\/v2\/media\/4000060642"}],"wp:attachment":[{"href":"https:\/\/new.igihe.com\/french\/wp-json\/wp\/v2\/media?parent=37544"}],"wp:term":[{"taxonomy":"category","embeddable":true,"href":"https:\/\/new.igihe.com\/french\/wp-json\/wp\/v2\/categories?post=37544"},{"taxonomy":"post_tag","embeddable":true,"href":"https:\/\/new.igihe.com\/french\/wp-json\/wp\/v2\/tags?post=37544"},{"taxonomy":"byline","embeddable":true,"href":"https:\/\/new.igihe.com\/french\/wp-json\/wp\/v2\/byline?post=37544"},{"taxonomy":"hashtag","embeddable":true,"href":"https:\/\/new.igihe.com\/french\/wp-json\/wp\/v2\/hashtag?post=37544"}],"curies":[{"name":"wp","href":"https:\/\/api.w.org\/{rel}","templated":true}]}}