{"id":37543,"date":"2025-05-01T15:04:11","date_gmt":"2025-05-01T15:04:11","guid":{"rendered":"https:\/\/new.igihe.com\/french\/Un-ancien-combattant-revele-l-etroite-collaboration-entre-les-FDLR-et-les-FARDC-37543\/"},"modified":"2025-05-05T11:30:12","modified_gmt":"2025-05-05T11:30:12","slug":"Un-ancien-combattant-revele-l-etroite-collaboration-entre-les-FDLR-et-les-FARDC","status":"publish","type":"post","link":"https:\/\/new.igihe.com\/french\/Un-ancien-combattant-revele-l-etroite-collaboration-entre-les-FDLR-et-les-FARDC\/","title":{"rendered":"Un ancien combattant r\u00e9v\u00e8le l&#8217;\u00e9troite collaboration entre les FDLR et les FARDC"},"content":{"rendered":"<p>Sous le nom de Capt Bitumba, Murame a progressivement gravi les \u00e9chelons au sein de l\u2019arm\u00e9e congolaise, assumant diverses responsabilit\u00e9s jusqu\u2019\u00e0 \u00eatre promu capitaine en 2013. Au cours de sa carri\u00e8re, il a pris part \u00e0 de nombreuses op\u00e9rations militaires, notamment contre des groupes arm\u00e9s dans l&#8217;est du pays.<\/p>\n<p> En 2023, alors que les combats contre le M23 faisaient rage, il a \u00e9t\u00e9 mobilis\u00e9 par les autorit\u00e9s congolaises pour venir en renfort aux troupes en difficult\u00e9. L\u2019unit\u00e9 \u00e0 laquelle il appartenait s\u2019est r\u00e9guli\u00e8rement heurt\u00e9e au M23 dans plusieurs zones, notamment autour de la mine de Rubaya, dont ils ont fini par perdre le contr\u00f4le. <\/p>\n<p>\u00ab Le tournant dans le parcours de Murame survient apr\u00e8s cette d\u00e9faite. En raison de sa ma\u00eetrise du kinyarwanda, il est rapidement soup\u00e7onn\u00e9 de collaborer avec le M23, accus\u00e9 d\u2019avoir sabot\u00e9 la guerre. \u201cOn m\u2019a convoqu\u00e9 \u00e0 Goma pour, soi-disant, r\u00e9cup\u00e9rer du mat\u00e9riel destin\u00e9 aux soldats. Mais d\u00e8s mon arriv\u00e9e, j\u2019ai \u00e9t\u00e9 arr\u00eat\u00e9. Les FARDC m\u2019ont accus\u00e9 de trahison, associant ma connaissance du kinyarwanda \u00e0 une collaboration avec le M23, ce qui \u00e9tait totalement faux\u201d, t\u00e9moigne-t-il. \u00bb<\/p>\n<p>\u00ab Apr\u00e8s son incarc\u00e9ration \u00e0 la prison de Munzenze, dont il a \u00e9t\u00e9 lib\u00e9r\u00e9 \u00e0 la suite de la prise de la ville par le M23, Murame a commenc\u00e9 \u00e0 remettre en question sa situation. Il a alors envisag\u00e9 un retour au Rwanda, qu\u2019il avait quitt\u00e9 plus de trente ans auparavant.<\/p>\n<p>Il a \u00e9galement mis en lumi\u00e8re les liens \u00e9troits entre les FDLR et les FARDC, affirmant qu\u2019il est pratiquement impossible de les distinguer sur le terrain, tant leurs uniformes sont similaires et leur collaboration \u00e9troite. \u201cAujourd\u2019hui encore, il est difficile de diff\u00e9rencier un soldat des FDLR d\u2019un soldat des FARDC\u201d, a-t-il d\u00e9clar\u00e9. \u201cIls travaillent main dans la main, et tout le monde le sait, m\u00eame les enfants.\u201d \u00bb<\/p>\n<p> Murame a par ailleurs soulign\u00e9 le manque de motivation qui r\u00e8gne au sein des troupes des FARDC, en raison d\u2019un soutien logistique insuffisant et de salaires d\u00e9risoires. \u00c0 l\u2019inverse, il estime que les combattants du M23, \u00e9quip\u00e9s d\u2019armes lourdes, encha\u00eenent les victoires parce qu\u2019ils d\u00e9fendent une cause qu\u2019ils consid\u00e8rent comme l\u00e9gitime : la reconnaissance de leurs droits longtemps ignor\u00e9s. <\/p>\n<p>\u00ab Le M23 se bat pour faire valoir ses droits, et c\u2019est en partie ce qui explique ses victoires \u00bb, a-t-il soulign\u00e9. \u00ab Depuis le d\u00e9but du conflit, je n\u2019ai jamais vu de soldats rwandais sur le terrain, ce qui d\u00e9montre que ce sont les Congolais eux-m\u00eames qui en ont assez de l\u2019injustice dans laquelle ils vivent. \u00bb<\/p>\n<figure class=\"spip-document spip-document-60641 aligncenter\"><img decoding=\"async\" src=\"https:\/\/fr.igihe.com\/IMG\/jpg\/reb.jpg\" alt=\"Murame Jean de Dieu, n\u00e9 au Rwanda, a int\u00e9gr\u00e9 l\u2019arm\u00e9e congolaise et gravi les \u00e9chelons\" \/><\/figure>\n","protected":false},"excerpt":{"rendered":"<p>Murame Jean de Dieu, n\u00e9 au Rwanda, a quitt\u00e9 le pays en 1994 \u00e0 l\u2019\u00e2ge de 19 ans, durant le g\u00e9nocide perp\u00e9tr\u00e9 contre les Tutsi. Il s\u2019est d\u2019abord install\u00e9 \u00e0 Bukavu, en R\u00e9publique D\u00e9mocratique du Congo, avant de rejoindre Lubumbashi en 1996, o\u00f9 il a int\u00e9gr\u00e9 l&#8217;arm\u00e9e congolaise, les FARDC.<\/p>\n","protected":false},"author":488,"featured_media":4000060640,"comment_status":"open","ping_status":"open","sticky":false,"template":"","format":"standard","meta":{"footnotes":""},"categories":[7581],"tags":[7603,7605],"byline":[7717],"hashtag":[],"class_list":["post-37543","post","type-post","status-publish","format-standard","has-post-thumbnail","hentry","category-ideologie","tag-featured-news-home","tag-homenews","byline-igihe"],"bylines":[{"id":7717,"name":"IGIHE","slug":"igihe","description":"","image":{"id":0,"url":"https:\/\/secure.gravatar.com\/avatar\/?s=96&d=mm&f=y&r=g","alt":"Default avatar","title":"Default avatar","caption":"","mime_type":"image\/jpeg","sizes":[]},"user_id":393}],"contributors":[{"id":7717,"name":"IGIHE","slug":"igihe","description":"","image":{"id":0,"url":"https:\/\/secure.gravatar.com\/avatar\/?s=96&d=mm&f=y&r=g","alt":"Default avatar","title":"Default avatar","caption":"","mime_type":"image\/jpeg","sizes":[]},"user_id":393}],"featured_image":{"id":4000060640,"url":"https:\/\/fr-images.igihe.com\/IMG\/logo\/reb_cp.jpg","alt":"","caption":"","mime_type":"image\/jpeg","width":0,"height":0,"sizes":{"thumbnail":{"url":"https:\/\/fr-images.igihe.com\/IMG\/logo\/reb_cp.jpg","width":1,"height":1},"medium":{"url":"https:\/\/fr-images.igihe.com\/IMG\/logo\/reb_cp.jpg","width":1,"height":1},"medium_large":{"url":"https:\/\/fr-images.igihe.com\/IMG\/logo\/reb_cp.jpg","width":1,"height":1},"large":{"url":"https:\/\/fr-images.igihe.com\/IMG\/logo\/reb_cp.jpg","width":1,"height":1},"full":{"url":"https:\/\/fr-images.igihe.com\/IMG\/logo\/reb_cp.jpg","width":0,"height":0}}},"_links":{"self":[{"href":"https:\/\/new.igihe.com\/french\/wp-json\/wp\/v2\/posts\/37543","targetHints":{"allow":["GET"]}}],"collection":[{"href":"https:\/\/new.igihe.com\/french\/wp-json\/wp\/v2\/posts"}],"about":[{"href":"https:\/\/new.igihe.com\/french\/wp-json\/wp\/v2\/types\/post"}],"author":[{"embeddable":true,"href":"https:\/\/new.igihe.com\/french\/wp-json\/wp\/v2\/users\/488"}],"replies":[{"embeddable":true,"href":"https:\/\/new.igihe.com\/french\/wp-json\/wp\/v2\/comments?post=37543"}],"version-history":[{"count":0,"href":"https:\/\/new.igihe.com\/french\/wp-json\/wp\/v2\/posts\/37543\/revisions"}],"wp:featuredmedia":[{"embeddable":true,"href":"https:\/\/new.igihe.com\/french\/wp-json\/wp\/v2\/media\/4000060640"}],"wp:attachment":[{"href":"https:\/\/new.igihe.com\/french\/wp-json\/wp\/v2\/media?parent=37543"}],"wp:term":[{"taxonomy":"category","embeddable":true,"href":"https:\/\/new.igihe.com\/french\/wp-json\/wp\/v2\/categories?post=37543"},{"taxonomy":"post_tag","embeddable":true,"href":"https:\/\/new.igihe.com\/french\/wp-json\/wp\/v2\/tags?post=37543"},{"taxonomy":"byline","embeddable":true,"href":"https:\/\/new.igihe.com\/french\/wp-json\/wp\/v2\/byline?post=37543"},{"taxonomy":"hashtag","embeddable":true,"href":"https:\/\/new.igihe.com\/french\/wp-json\/wp\/v2\/hashtag?post=37543"}],"curies":[{"name":"wp","href":"https:\/\/api.w.org\/{rel}","templated":true}]}}