{"id":37541,"date":"2025-05-01T12:08:08","date_gmt":"2025-05-01T12:08:08","guid":{"rendered":"https:\/\/new.igihe.com\/french\/L-Etat-vacille-et-s-acharne-contre-Kabila-et-Katumbi-37541\/"},"modified":"2025-05-01T12:06:15","modified_gmt":"2025-05-01T12:06:15","slug":"L-Etat-vacille-et-s-acharne-contre-Kabila-et-Katumbi","status":"publish","type":"post","link":"https:\/\/new.igihe.com\/french\/L-Etat-vacille-et-s-acharne-contre-Kabila-et-Katumbi\/","title":{"rendered":"L\u2019Etat vacille et s\u2019acharne contre Kabila et Katumbi"},"content":{"rendered":"<p>En s\u2019attaquant \u00e0 ce domaine rural, sanctuaire d\u2019un des principaux opposants du moment, le pouvoir congolais ne manifeste pas tant une volont\u00e9 de justice que le sympt\u00f4me d\u2019une panique strat\u00e9gique, o\u00f9 l\u2019appareil d\u2019\u00c9tat, d\u00e9sormais instrumentalis\u00e9, devient le bras s\u00e9culier d\u2019une gouvernance en perte de rep\u00e8res. <\/p>\n<p>Et comme pour donner la mesure du vacillement institutionnel, le m\u00eame gouvernement convoque soudainement l\u2019ombre de Joseph Kabila, en sollicitant du S\u00e9nat la lev\u00e9e de son immunit\u00e9 pour lui imputer des crimes d\u2019une gravit\u00e9 extr\u00eame. Ce double mouvement r\u00e9pressif \u00e0 l\u2019endroit du rival pr\u00e9sent, accusatoire envers le pr\u00e9d\u00e9cesseur tut\u00e9laire d\u00e9voile un pouvoir qui, cern\u00e9 par ses propres \u00e9checs, semble osciller entre purge politique et strat\u00e9gie de diversion, t\u00e2tonnant dans un brouillard de d\u00e9cisions improvis\u00e9es, o\u00f9 la justice devient un th\u00e9\u00e2tre d\u2019ombres, et la force publique, le dernier rempart d\u2019une autorit\u00e9 affaiblie.<\/p>\n<p> En une nouvelle illustration de l\u2019instabilit\u00e9 politique croissante qui mine les hautes sph\u00e8res de la R\u00e9publique d\u00e9mocratique du Congo, des \u00e9l\u00e9ments des forces arm\u00e9es ont \u00e9t\u00e9 aper\u00e7us dans la matin\u00e9e du samedi 26 avril dans la ferme Futuka, propri\u00e9t\u00e9 de l\u2019opposant politique Mo\u00efse Katumbi Chapwe, situ\u00e9e \u00e0 une trentaine de kilom\u00e8tres de la ville de Lubumbashi, au c\u0153ur de l&#8217;ancien Katanga, r\u00e9gion hautement strat\u00e9gique. <\/p>\n<p>D\u2019apr\u00e8s les proches de l&#8217;ancien gouverneur du Katanga, des militaires en tenue officielle ont surgi sur les lieux, proc\u00e9dant \u00e0 une perquisition dont les motifs r\u00e9els restent entour\u00e9s d\u2019un mutisme officiel aussi opaque qu\u2019inqui\u00e9tant.<\/p>\n<p>Cette incursion arm\u00e9e, aux relents de d\u00e9monstration de force, ne saurait \u00eatre dissoci\u00e9e du climat politique d\u00e9l\u00e9t\u00e8re qui r\u00e8gne dans les coulisses du pouvoir congolais. A cette op\u00e9ration pour le moins spectaculaire, s&#8217;ajoute un fait d\u2019une gravit\u00e9 in\u00e9dite : l\u2019auditeur g\u00e9n\u00e9ral des Forces arm\u00e9es de la R\u00e9publique d\u00e9mocratique du Congo (FARDC) a officiellement saisi le bureau du S\u00e9nat afin d\u2019obtenir la lev\u00e9e de l\u2019immunit\u00e9 parlementaire de l\u2019ancien pr\u00e9sident Joseph Kabila Kabange. <\/p>\n<p>Les motifs invoqu\u00e9s sont d\u2019une rare solennit\u00e9 : trahison, crimes de guerre et crimes contre l\u2019humanit\u00e9. Le Garde des Sceaux, le tr\u00e8s z\u00e9l\u00e9, Constant Mutamba, affirme que cette d\u00e9marche est fond\u00e9e sur un \u00ab maximum de preuves \u00bb.<\/p>\n<p>{{Panique au sommet et cr\u00e9puscule d\u2019un r\u00e9gime vacillant}}<\/p>\n<p>L\u2019histoire politique des \u00c9tats faibles enseigne qu\u2019il est des moments o\u00f9 le pouvoir, confront\u00e9 \u00e0 l\u2019effritement de sa l\u00e9gitimit\u00e9, s\u2019abandonne \u00e0 des gestes d\u2019autoritarisme f\u00e9brile. Le spectacle donn\u00e9 en ce mois d\u2019avril par les autorit\u00e9s congolaises en est l\u2019illustration \u00e9loquente. <\/p>\n<p>A travers la perquisition de la ferme Futuka, le pouvoir en place semble s\u2019engager dans une fuite en avant, cherchant \u00e0 intimider, d\u00e9stabiliser, voire neutraliser les figures embl\u00e9matiques de l&#8217;opposition, tout en orchestrant un revirement dramatique contre l\u2019ancien pr\u00e9sident de la R\u00e9publique. Mais ce double mouvement trahit moins une volont\u00e9 de justice qu\u2019un profond d\u00e9sarroi.<\/p>\n<p>Le recours \u00e0 la force militaire contre une propri\u00e9t\u00e9 priv\u00e9e appartenant \u00e0 un acteur politique de premier plan est le signe d\u2019un gouvernement qui ne parvient plus \u00e0 distinguer entre ordre r\u00e9publicain et r\u00e8glement de comptes. Plus encore, le timing de cette perquisition concomitante \u00e0 la proc\u00e9dure spectaculaire engag\u00e9e contre l\u2019ancien pr\u00e9sident et s\u00e9nateur a vie, Joseph Kabila suscite l\u2019interrogation : s\u2019agit-il d\u2019un aggiornamento judiciaire, d\u2019un sursaut moral tant attendu, ou plut\u00f4t d\u2019un stratag\u00e8me cynique destin\u00e9 \u00e0 red\u00e9finir les \u00e9quilibres du pouvoir par l\u2019intimidation et la dissimulation ?<\/p>\n<p>Quoi qu\u2019il en soit, le z\u00e8le soudain \u00e0 poursuivre Kabila, figure tut\u00e9laire de l\u2019ancien syst\u00e8me, pourrait tout autant traduire une tentative d\u00e9sesp\u00e9r\u00e9e de d\u00e9samorcer les tensions populaires, en donnant \u00e0 la vindicte nationale une cible opportune. Mais cet opportunisme judiciaire, s\u2019il est d\u00e9nu\u00e9 de constance et de transparence, risque de s\u2019av\u00e9rer contre-productif : un tel geste, pos\u00e9 sans \u00e9pure juridique solide et sans p\u00e9dagogie politique, ne saurait qu\u2019aggraver le climat de suspicion et d\u2019instabilit\u00e9.<\/p>\n<p>Il semble en r\u00e9alit\u00e9 que le pouvoir vacille, pris dans une spirale de t\u00e2tonnements, agissant moins par strat\u00e9gie que par r\u00e9flexe de survie. L\u2019impression d\u2019un pouvoir aux abois se renforce \u00e0 mesure que les institutions s\u2019enchev\u00eatrent dans des logiques concurrentes, et que la verticalit\u00e9 du commandement c\u00e8de \u00e0 une gouvernance de l\u2019instinct. Dans cette atmosph\u00e8re, chaque perquisition devient un message, chaque mise en cause un avertissement, chaque silence un aveu.<\/p>\n<p>Or, ce qui se joue ici d\u00e9passe les seuls antagonismes partisans. C\u2019est la possibilit\u00e9 m\u00eame d\u2019une justice ind\u00e9pendante, d\u2019une opposition libre et structur\u00e9e, qui est mise en p\u00e9ril. Car l\u2019acharnement contre Mo\u00efse Katumbi, que d\u2019aucuns per\u00e7oivent comme le principal rival du r\u00e9gime en place, combin\u00e9 \u00e0 la man\u0153uvre judiciaire visant Kabila, compose un tableau d\u2019une R\u00e9publique hant\u00e9e par ses d\u00e9mons : la personnalisation du pouvoir, la militarisation du politique, et l\u2019obsession du contr\u00f4le.<\/p>\n<p>Il est temps que les forces vives de la nation, les garants des institutions, et la soci\u00e9t\u00e9 civile prennent la mesure du p\u00e9ril. La d\u00e9rive autoritaire, m\u00eame maquill\u00e9e en croisade morale ou en \u00e9puration salutaire, n\u2019ouvre jamais la voie \u00e0 la reconstruction. Elle l\u2019obstrue. C\u2019est par la transparence, l\u2019ind\u00e9pendance des juges, le respect scrupuleux des proc\u00e9dures, et la protection des libert\u00e9s publiques que s\u2019\u00e9difie un \u00c9tat digne de ce nom. Faute de quoi, la R\u00e9publique d\u00e9mocratique du Congo ne fera que reproduire les cycles d\u2019instabilit\u00e9 qui ont, depuis trop longtemps, fig\u00e9 son destin.<\/p>\n<figure class=\"spip-document spip-document-60637 aligncenter\"><img decoding=\"async\" src=\"https:\/\/fr.igihe.com\/IMG\/jpg\/kk.jpg\" alt=\"Kabila et Katumbi sont victimes d&#039;un acharnement syst\u00e9matique de la part de l&#039;\u00c9tat congolais\" \/><\/figure>\n","protected":false},"excerpt":{"rendered":"<p>La perquisition men\u00e9e dans la ferme Futuka, propri\u00e9t\u00e9 embl\u00e9matique de Mo\u00efse Katumbi Chapwe, s\u2019apparente moins \u00e0 une op\u00e9ration judiciaire ordinaire qu\u2019\u00e0 une mise en sc\u00e8ne \u00e0 forte teneur symbolique, r\u00e9v\u00e9latrice des convulsions internes d\u2019un r\u00e9gime en proie \u00e0 ses propres spectres. <\/p>\n","protected":false},"author":488,"featured_media":4000060636,"comment_status":"open","ping_status":"open","sticky":false,"template":"","format":"standard","meta":{"footnotes":""},"categories":[7544],"tags":[7605],"byline":[9102],"hashtag":[],"class_list":["post-37541","post","type-post","status-publish","format-standard","has-post-thumbnail","hentry","category-politique","tag-homenews","byline-tite-gatabazi"],"bylines":[{"id":9102,"name":"Tite Gatabazi","slug":"tite-gatabazi","description":"","image":{"id":0,"url":"https:\/\/secure.gravatar.com\/avatar\/?s=96&d=mm&f=y&r=g","alt":"Default avatar","title":"Default avatar","caption":"","mime_type":"image\/jpeg","sizes":[]},"user_id":472}],"contributors":[{"id":9102,"name":"Tite Gatabazi","slug":"tite-gatabazi","description":"","image":{"id":0,"url":"https:\/\/secure.gravatar.com\/avatar\/?s=96&d=mm&f=y&r=g","alt":"Default avatar","title":"Default avatar","caption":"","mime_type":"image\/jpeg","sizes":[]},"user_id":472}],"featured_image":{"id":4000060636,"url":"https:\/\/fr-images.igihe.com\/IMG\/logo\/kk_cp.jpg","alt":"","caption":"","mime_type":"image\/jpeg","width":0,"height":0,"sizes":{"thumbnail":{"url":"https:\/\/fr-images.igihe.com\/IMG\/logo\/kk_cp.jpg","width":1,"height":1},"medium":{"url":"https:\/\/fr-images.igihe.com\/IMG\/logo\/kk_cp.jpg","width":1,"height":1},"medium_large":{"url":"https:\/\/fr-images.igihe.com\/IMG\/logo\/kk_cp.jpg","width":1,"height":1},"large":{"url":"https:\/\/fr-images.igihe.com\/IMG\/logo\/kk_cp.jpg","width":1,"height":1},"full":{"url":"https:\/\/fr-images.igihe.com\/IMG\/logo\/kk_cp.jpg","width":0,"height":0}}},"_links":{"self":[{"href":"https:\/\/new.igihe.com\/french\/wp-json\/wp\/v2\/posts\/37541","targetHints":{"allow":["GET"]}}],"collection":[{"href":"https:\/\/new.igihe.com\/french\/wp-json\/wp\/v2\/posts"}],"about":[{"href":"https:\/\/new.igihe.com\/french\/wp-json\/wp\/v2\/types\/post"}],"author":[{"embeddable":true,"href":"https:\/\/new.igihe.com\/french\/wp-json\/wp\/v2\/users\/488"}],"replies":[{"embeddable":true,"href":"https:\/\/new.igihe.com\/french\/wp-json\/wp\/v2\/comments?post=37541"}],"version-history":[{"count":0,"href":"https:\/\/new.igihe.com\/french\/wp-json\/wp\/v2\/posts\/37541\/revisions"}],"wp:featuredmedia":[{"embeddable":true,"href":"https:\/\/new.igihe.com\/french\/wp-json\/wp\/v2\/media\/4000060636"}],"wp:attachment":[{"href":"https:\/\/new.igihe.com\/french\/wp-json\/wp\/v2\/media?parent=37541"}],"wp:term":[{"taxonomy":"category","embeddable":true,"href":"https:\/\/new.igihe.com\/french\/wp-json\/wp\/v2\/categories?post=37541"},{"taxonomy":"post_tag","embeddable":true,"href":"https:\/\/new.igihe.com\/french\/wp-json\/wp\/v2\/tags?post=37541"},{"taxonomy":"byline","embeddable":true,"href":"https:\/\/new.igihe.com\/french\/wp-json\/wp\/v2\/byline?post=37541"},{"taxonomy":"hashtag","embeddable":true,"href":"https:\/\/new.igihe.com\/french\/wp-json\/wp\/v2\/hashtag?post=37541"}],"curies":[{"name":"wp","href":"https:\/\/api.w.org\/{rel}","templated":true}]}}