{"id":37540,"date":"2025-05-01T12:15:01","date_gmt":"2025-05-01T12:15:01","guid":{"rendered":"https:\/\/new.igihe.com\/french\/Le-langage-politique-vacille-sur-les-ruines-de-la-credibilite-37540\/"},"modified":"2025-05-01T12:10:23","modified_gmt":"2025-05-01T12:10:23","slug":"Le-langage-politique-vacille-sur-les-ruines-de-la-credibilite","status":"publish","type":"post","link":"https:\/\/new.igihe.com\/french\/Le-langage-politique-vacille-sur-les-ruines-de-la-credibilite\/","title":{"rendered":"Le langage politique vacille sur les ruines de la cr\u00e9dibilit\u00e9"},"content":{"rendered":"<p>D\u2019un ton grave, elle y r\u00e9affirma, en des termes solennels, l\u2019attachement ind\u00e9fectible du gouvernement congolais \u00e0 la d\u00e9fense des int\u00e9r\u00eats du peuple et \u00e0 la poursuite d\u2019une paix authentique dans la r\u00e9gion des Grands Lacs. Redevabilit\u00e9, justice, dignit\u00e9 des peuples furent invoqu\u00e9es comme autant de piliers d\u2019un avenir apais\u00e9.<\/p>\n<p>{{Mais \u00e0 quel prix, et surtout, avec quelle coh\u00e9rence\u202f?}}<\/p>\n<p>Car au-del\u00e0 de la rh\u00e9torique attendue, que reste-t-il lorsque les paroles s&#8217;entrechoquent \u00e0 la surface d\u2019une r\u00e9alit\u00e9 que ni les chancelleries ni les observateurs avertis ne peuvent plus ignorer\u202f? Ce gouvernement, dont la Ministre est l\u2019\u00e9manation, s\u2019enlise chaque jour davantage dans un mar\u00e9cage d\u2019alliances contre-nature, de silences complices et d\u2019agissements dont la brutalit\u00e9 d\u00e9fie le droit et la morale. <\/p>\n<p>L\u2019on ne saurait appeler \u00ab paix \u00bb la couverture habile d\u2019un ordre fond\u00e9 sur la violence ethnique, les violations syst\u00e9matiques et l\u2019impunit\u00e9 \u00e9rig\u00e9e en m\u00e9thode de gouvernement. Tandis que les Forces arm\u00e9es de la R\u00e9publique d\u00e9mocratique du Congo (FARDC), qui devraient incarner la derni\u00e8re digue contre l\u2019anomie, sont accus\u00e9es et cela de mani\u00e8re document\u00e9e, de crimes odieux \u00e0 l\u2019encontre des civils, les plus hautes instances de l\u2019\u00c9tat s\u2019acoquinent ouvertement avec les milices Wazalendo, en violation manifeste du droit international, tout en pactisant avec les FDLR, groupe arm\u00e9 notoirement impliqu\u00e9 dans le g\u00e9nocide contre les tutsi de 1994.<\/p>\n<p>En ce contexte d\u2019inqui\u00e9tante d\u00e9liquescence, le r\u00e9quisitoire de la Ministre sonne comme une dissonance tragique, voire un acte de duplicit\u00e9 politique. Est-ce une tentative d\u00e9sesp\u00e9r\u00e9e de sauver les apparences sur la sc\u00e8ne diplomatique internationale\u202f? Ou bien le signe d\u2019une fracture interne croissante au sein du pouvoir, o\u00f9 les voix critiques peinent \u00e0 se faire entendre, \u00e9touff\u00e9es par la verticalit\u00e9 d\u2019un r\u00e9gime qui sacrifie la justice sur l\u2019autel de ses int\u00e9r\u00eats imm\u00e9diats\u202f? <\/p>\n<p>La plainte d\u00e9pos\u00e9e par le collectif des Avocats repr\u00e9sentant les communaut\u00e9s Hema, Tutsi congolais et Banyamulenge pour \u00e9puration ethnique vient, \u00e0 cet \u00e9gard, poser un acte de rupture radicale. Car il ne s\u2019agit plus ici de d\u00e9noncer des dysfonctionnements ou des abus isol\u00e9s, mais bien de porter \u00e0 la conscience du monde l\u2019architecture d\u2019un syst\u00e8me fond\u00e9 sur la discrimination cibl\u00e9e, la manipulation identitaire et la violence m\u00e9thodique.<\/p>\n<p>Il serait intellectuellement malhonn\u00eate d\u2019omettre que cette m\u00eame R\u00e9publique d\u00e9mocratique du Congo abrite en son sein des figures politiques ouvertement x\u00e9nophobes, \u00e0 l\u2019image de Justin Bitakwira, proche du sommet de l\u2019\u00c9tat, et d\u00e9sormais sous sanction de l\u2019Union europ\u00e9enne pour incitation publique \u00e0 la haine ethnique. Comment d\u00e8s lors continuer \u00e0 parler, sans trembler, de \u00ab redevabilit\u00e9 \u00bb et de \u00ab paix durable \u00bb, quand ceux qui devraient incarner la vertu d\u00e9mocratique \u0153uvrent au contraire \u00e0 l\u2019atomisation du tissu social congolais\u202f?<\/p>\n<p>Il ne saurait y avoir de paix l\u00e0 o\u00f9 l\u2019\u00c9tat pactise avec l\u2019inhumanit\u00e9. Il ne saurait y avoir de r\u00e9conciliation l\u00e0 o\u00f9 les coupables prosp\u00e8rent au sein m\u00eame de l\u2019appareil gouvernemental. Il ne saurait y avoir de discours cr\u00e9dible lorsque les mots s\u2019effondrent sous le poids de leur propre imposture.<\/p>\n<p>\u00c0 l\u2019heure o\u00f9 la R\u00e9publique d\u00e9mocratique du Congo se trouve \u00e0 la crois\u00e9e des chemins, il est urgent que ses dirigeants choisissent entre le mirage d\u2019un pouvoir sans conscience et l\u2019exigence, douloureuse mais salvatrice, d\u2019un sursaut moral. Car le silence des tombeaux n\u2019est pas la paix et la n\u00e9gation de la v\u00e9rit\u00e9 n\u2019est jamais le commencement de la justice.<\/p>\n<figure class=\"spip-document spip-document-60635 aligncenter\"><img decoding=\"async\" src=\"https:\/\/fr.igihe.com\/IMG\/png\/ky.png\" alt=\"La Ministre d\u2019\u00c9tat Th\u00e9r\u00e8se Kayikwamba Wagner a pris la parole lors d\u2019un atelier organis\u00e9 par le GEC et Ebuteli, dans un contexte de guerre et d\u2019instabilit\u00e9 en RDC\" \/><\/figure>\n","protected":false},"excerpt":{"rendered":"<p>Le 30 avril 2025, alors que les vestiges d\u2019une R\u00e9publique d\u00e9sorient\u00e9e continuent de flotter au-dessus d\u2019un pays mis en coupe r\u00e9gl\u00e9e par les convulsions de la guerre, la Ministre d\u2019\u00c9tat Th\u00e9r\u00e8se Kayikwamba Wagner, arborant l\u2019\u00e9tendard de la l\u00e9gitimit\u00e9 institutionnelle, s\u2019est avanc\u00e9e \u00e0 la tribune d\u2019un atelier organis\u00e9 par le Groupe d\u2019\u00e9tude sur le Congo (GEC) et Ebuteli. <\/p>\n","protected":false},"author":488,"featured_media":4000060634,"comment_status":"open","ping_status":"open","sticky":false,"template":"","format":"standard","meta":{"footnotes":""},"categories":[7544],"tags":[7605],"byline":[9102],"hashtag":[],"class_list":["post-37540","post","type-post","status-publish","format-standard","has-post-thumbnail","hentry","category-politique","tag-homenews","byline-tite-gatabazi"],"bylines":[{"id":9102,"name":"Tite Gatabazi","slug":"tite-gatabazi","description":"","image":{"id":0,"url":"https:\/\/secure.gravatar.com\/avatar\/?s=96&d=mm&f=y&r=g","alt":"Default avatar","title":"Default avatar","caption":"","mime_type":"image\/jpeg","sizes":[]},"user_id":472}],"contributors":[{"id":9102,"name":"Tite Gatabazi","slug":"tite-gatabazi","description":"","image":{"id":0,"url":"https:\/\/secure.gravatar.com\/avatar\/?s=96&d=mm&f=y&r=g","alt":"Default avatar","title":"Default avatar","caption":"","mime_type":"image\/jpeg","sizes":[]},"user_id":472}],"featured_image":{"id":4000060634,"url":"https:\/\/fr-images.igihe.com\/IMG\/logo\/ky_cp.png","alt":"","caption":"","mime_type":"image\/png","width":0,"height":0,"sizes":{"thumbnail":{"url":"https:\/\/fr-images.igihe.com\/IMG\/logo\/ky_cp.png","width":1,"height":1},"medium":{"url":"https:\/\/fr-images.igihe.com\/IMG\/logo\/ky_cp.png","width":1,"height":1},"medium_large":{"url":"https:\/\/fr-images.igihe.com\/IMG\/logo\/ky_cp.png","width":1,"height":1},"large":{"url":"https:\/\/fr-images.igihe.com\/IMG\/logo\/ky_cp.png","width":1,"height":1},"full":{"url":"https:\/\/fr-images.igihe.com\/IMG\/logo\/ky_cp.png","width":0,"height":0}}},"_links":{"self":[{"href":"https:\/\/new.igihe.com\/french\/wp-json\/wp\/v2\/posts\/37540","targetHints":{"allow":["GET"]}}],"collection":[{"href":"https:\/\/new.igihe.com\/french\/wp-json\/wp\/v2\/posts"}],"about":[{"href":"https:\/\/new.igihe.com\/french\/wp-json\/wp\/v2\/types\/post"}],"author":[{"embeddable":true,"href":"https:\/\/new.igihe.com\/french\/wp-json\/wp\/v2\/users\/488"}],"replies":[{"embeddable":true,"href":"https:\/\/new.igihe.com\/french\/wp-json\/wp\/v2\/comments?post=37540"}],"version-history":[{"count":0,"href":"https:\/\/new.igihe.com\/french\/wp-json\/wp\/v2\/posts\/37540\/revisions"}],"wp:featuredmedia":[{"embeddable":true,"href":"https:\/\/new.igihe.com\/french\/wp-json\/wp\/v2\/media\/4000060634"}],"wp:attachment":[{"href":"https:\/\/new.igihe.com\/french\/wp-json\/wp\/v2\/media?parent=37540"}],"wp:term":[{"taxonomy":"category","embeddable":true,"href":"https:\/\/new.igihe.com\/french\/wp-json\/wp\/v2\/categories?post=37540"},{"taxonomy":"post_tag","embeddable":true,"href":"https:\/\/new.igihe.com\/french\/wp-json\/wp\/v2\/tags?post=37540"},{"taxonomy":"byline","embeddable":true,"href":"https:\/\/new.igihe.com\/french\/wp-json\/wp\/v2\/byline?post=37540"},{"taxonomy":"hashtag","embeddable":true,"href":"https:\/\/new.igihe.com\/french\/wp-json\/wp\/v2\/hashtag?post=37540"}],"curies":[{"name":"wp","href":"https:\/\/api.w.org\/{rel}","templated":true}]}}