{"id":37538,"date":"2025-05-01T11:08:44","date_gmt":"2025-05-01T11:08:44","guid":{"rendered":"https:\/\/new.igihe.com\/french\/Le-president-burundais-accuse-a-nouveau-le-Rwanda-37538\/"},"modified":"2025-05-05T09:34:10","modified_gmt":"2025-05-05T09:34:10","slug":"Le-president-burundais-accuse-a-nouveau-le-Rwanda","status":"publish","type":"post","link":"https:\/\/new.igihe.com\/french\/Le-president-burundais-accuse-a-nouveau-le-Rwanda\/","title":{"rendered":"Le pr\u00e9sident burundais accuse \u00e0 nouveau le Rwanda"},"content":{"rendered":"<p>Dans un entretien accord\u00e9 \u00e0 France 24 et centr\u00e9 sur la situation s\u00e9curitaire dans l\u2019Est de la R\u00e9publique d\u00e9mocratique du Congo, le pr\u00e9sident burundais a soulign\u00e9 que, malgr\u00e9 les tensions persistantes, les r\u00e9cents pourparlers et accords sign\u00e9s entre Kigali et Kinshasa \u2014 avec le soutien des \u00c9tats-Unis et la m\u00e9diation du Qatar \u2014 ont permis une prise de conscience collective de la gravit\u00e9 de la crise. \u00ab Sans ces efforts, la situation serait aujourd\u2019hui catastrophique \u00bb, a-t-il affirm\u00e9.<\/p>\n<p>Selon lui, plusieurs indicateurs montrent que le Rwanda maintient des intentions hostiles, malgr\u00e9 les d\u00e9mentis de Kigali. \u00ab Nous disposons d\u2019informations, connaissons les intentions du Rwanda et avons des preuves fond\u00e9es sur le fait qu\u2019il abrite encore des individus impliqu\u00e9s dans la tentative de coup d\u2019\u00c9tat de 2015 \u00bb, a-t-il d\u00e9clar\u00e9. <\/p>\n<p>\u00ab Le Rwanda pr\u00e9voit de les instrumentaliser, comme il le fait avec le M23 en RDC, en pr\u00e9tendant qu\u2019il s\u2019agit de Burundais, alors qu\u2019il s\u2019agira en r\u00e9alit\u00e9 d\u2019une op\u00e9ration men\u00e9e par Kigali. \u00bb a-t-il ajout\u00e9.<\/p>\n<p>Ndayishimiye se dit vivement pr\u00e9occup\u00e9 par cette perspective, bien qu\u2019il estime qu\u2019un retour \u00e0 la paix en RDC rendrait plus complexe toute tentative d\u2019agression contre le Burundi. Le pr\u00e9sident burundais a \u00e9galement accus\u00e9 le Rwanda d\u2019utiliser le groupe arm\u00e9 RED Tabara et d\u2019avoir \u00e9t\u00e9 impliqu\u00e9 dans divers actes terroristes visant son pays, ce qui justifie, selon lui, une vigilance accrue.<\/p>\n<p>Ndayishimiye a par ailleurs pr\u00e9cis\u00e9 ne pas avoir eu de contact r\u00e9cent avec le pr\u00e9sident Paul Kagame. Leur dernier \u00e9change remonterait, selon lui, aux n\u00e9gociations de paix en RDC, au cours desquelles il aurait re\u00e7u l\u2019assurance que les personnes recherch\u00e9es seraient remises \u00e0 la justice burundaise.<\/p>\n<p>En r\u00e9ponse, Kigali rejette fermement ces accusations. En f\u00e9vrier dernier, le ministre des Affaires \u00e9trang\u00e8res, Olivier Nduhungirehe, avait d\u00e9clar\u00e9 au m\u00e9dia IGIHE que c\u2019\u00e9tait le Burundi, et non le Rwanda, qui entretenait des intentions hostiles. Il a notamment reproch\u00e9 \u00e0 Bujumbura d\u2019avoir envoy\u00e9 des soldats combattre aux c\u00f4t\u00e9s des forces arm\u00e9es congolaises contre le M23, dans une d\u00e9marche clairement dirig\u00e9e contre le Rwanda. \u00ab Ces accusations ne sont donc pas surprenantes \u00bb, avait-t-il affirm\u00e9.<\/p>\n<p>Selon les autorit\u00e9s rwandaises, le Burundi se serait associ\u00e9 \u00e0 la RDC dans le but de renverser le gouvernement rwandais, en mobilisant des groupes arm\u00e9s tels que les FDLR et les Wazalendo.<\/p>\n<p>Malgr\u00e9 ces tensions persistantes, plusieurs rencontres ont eu lieu entre les responsables des deux pays dans le but d\u2019apaiser les relations. En mars dernier, Olivier Nduhungirehe avait d\u00e9clar\u00e9 que \u00ab le Rwanda et le Burundi sont engag\u00e9s de mani\u00e8re r\u00e9solue sur la voie du dialogue et de l\u2019apaisement, avec des discussions toujours en cours entre leurs dirigeants respectifs. \u00bb<\/p>\n<p>Les personnes en question sont accus\u00e9es d\u2019avoir particip\u00e9 \u00e0 la tentative de renversement du pr\u00e9sident burundais de l\u2019\u00e9poque, Pierre Nkurunziza, en 2015. Le Rwanda refuse toutefois leur extradition, invoquant ses engagements internationaux relatifs \u00e0 la protection des r\u00e9fugi\u00e9s.<\/p>\n<p>En tant que signataire d&#8217;accords avec les Nations unies, Kigali rappelle qu\u2019un individu ayant obtenu le statut de r\u00e9fugi\u00e9 ne peut \u00eatre renvoy\u00e9 dans son pays d&#8217;origine, notamment si ce statut a \u00e9t\u00e9 attribu\u00e9 par le Haut-Commissariat des Nations unies pour les r\u00e9fugi\u00e9s (HCR).<\/p>\n<p>Pour Kigali, extrader ces individus reviendrait \u00e0 violer d\u00e9lib\u00e9r\u00e9ment ses engagements internationaux \u2014 une option qu\u2019aucun autre \u00c9tat, selon lui, ne saurait envisager. De son c\u00f4t\u00e9, Bujumbura a transmis une liste nominative des personnes concern\u00e9es, estimant que leur remise \u00e0 la justice burundaise constituerait un signal fort en faveur de la normalisation des relations bilat\u00e9rales.<\/p>\n<p>Devant le refus du Rwanda, une solution envisageable serait de chercher un pays tiers dispos\u00e9 \u00e0 accueillir ces individus.<\/p>\n<figure class=\"spip-document spip-document-60631 aligncenter\"><img decoding=\"async\" src=\"https:\/\/fr.igihe.com\/IMG\/jpg\/neva-11.jpg\" alt=\"\u00c9variste Ndayishimiye, a r\u00e9it\u00e9r\u00e9 ses accusations contre le Rwanda, l\u2019accusant de pr\u00e9parer une offensive contre son pays \" \/><\/figure>\n","protected":false},"excerpt":{"rendered":"<p>Le pr\u00e9sident burundais, \u00c9variste Ndayishimiye, a r\u00e9it\u00e9r\u00e9 ses accusations contre le Rwanda, l&#8217;accusant de pr\u00e9parer une offensive contre son pays en s\u2019appuyant, selon lui, sur d\u2019anciens exil\u00e9s impliqu\u00e9s dans le coup d\u2019\u00c9tat manqu\u00e9 de 2015.<\/p>\n","protected":false},"author":488,"featured_media":4000060630,"comment_status":"open","ping_status":"open","sticky":false,"template":"","format":"standard","meta":{"footnotes":""},"categories":[7544],"tags":[7605],"byline":[7717],"hashtag":[],"class_list":["post-37538","post","type-post","status-publish","format-standard","has-post-thumbnail","hentry","category-politique","tag-homenews","byline-igihe"],"bylines":[{"id":7717,"name":"IGIHE","slug":"igihe","description":"","image":{"id":0,"url":"https:\/\/secure.gravatar.com\/avatar\/?s=96&d=mm&f=y&r=g","alt":"Default avatar","title":"Default avatar","caption":"","mime_type":"image\/jpeg","sizes":[]},"user_id":393}],"contributors":[{"id":7717,"name":"IGIHE","slug":"igihe","description":"","image":{"id":0,"url":"https:\/\/secure.gravatar.com\/avatar\/?s=96&d=mm&f=y&r=g","alt":"Default avatar","title":"Default avatar","caption":"","mime_type":"image\/jpeg","sizes":[]},"user_id":393}],"featured_image":{"id":4000060630,"url":"https:\/\/fr-images.igihe.com\/IMG\/logo\/neva-7.jpg","alt":"","caption":"","mime_type":"image\/jpeg","width":0,"height":0,"sizes":{"thumbnail":{"url":"https:\/\/fr-images.igihe.com\/IMG\/logo\/neva-7.jpg","width":1,"height":1},"medium":{"url":"https:\/\/fr-images.igihe.com\/IMG\/logo\/neva-7.jpg","width":1,"height":1},"medium_large":{"url":"https:\/\/fr-images.igihe.com\/IMG\/logo\/neva-7.jpg","width":1,"height":1},"large":{"url":"https:\/\/fr-images.igihe.com\/IMG\/logo\/neva-7.jpg","width":1,"height":1},"full":{"url":"https:\/\/fr-images.igihe.com\/IMG\/logo\/neva-7.jpg","width":0,"height":0}}},"_links":{"self":[{"href":"https:\/\/new.igihe.com\/french\/wp-json\/wp\/v2\/posts\/37538","targetHints":{"allow":["GET"]}}],"collection":[{"href":"https:\/\/new.igihe.com\/french\/wp-json\/wp\/v2\/posts"}],"about":[{"href":"https:\/\/new.igihe.com\/french\/wp-json\/wp\/v2\/types\/post"}],"author":[{"embeddable":true,"href":"https:\/\/new.igihe.com\/french\/wp-json\/wp\/v2\/users\/488"}],"replies":[{"embeddable":true,"href":"https:\/\/new.igihe.com\/french\/wp-json\/wp\/v2\/comments?post=37538"}],"version-history":[{"count":0,"href":"https:\/\/new.igihe.com\/french\/wp-json\/wp\/v2\/posts\/37538\/revisions"}],"wp:featuredmedia":[{"embeddable":true,"href":"https:\/\/new.igihe.com\/french\/wp-json\/wp\/v2\/media\/4000060630"}],"wp:attachment":[{"href":"https:\/\/new.igihe.com\/french\/wp-json\/wp\/v2\/media?parent=37538"}],"wp:term":[{"taxonomy":"category","embeddable":true,"href":"https:\/\/new.igihe.com\/french\/wp-json\/wp\/v2\/categories?post=37538"},{"taxonomy":"post_tag","embeddable":true,"href":"https:\/\/new.igihe.com\/french\/wp-json\/wp\/v2\/tags?post=37538"},{"taxonomy":"byline","embeddable":true,"href":"https:\/\/new.igihe.com\/french\/wp-json\/wp\/v2\/byline?post=37538"},{"taxonomy":"hashtag","embeddable":true,"href":"https:\/\/new.igihe.com\/french\/wp-json\/wp\/v2\/hashtag?post=37538"}],"curies":[{"name":"wp","href":"https:\/\/api.w.org\/{rel}","templated":true}]}}