{"id":37536,"date":"2025-05-01T10:12:35","date_gmt":"2025-05-01T10:12:35","guid":{"rendered":"https:\/\/new.igihe.com\/french\/Les-fruits-amers-de-la-lutte-et-les-hommages-du-1er-mai-37536\/"},"modified":"2025-05-01T10:11:07","modified_gmt":"2025-05-01T10:11:07","slug":"Les-fruits-amers-de-la-lutte-et-les-hommages-du-1er-mai","status":"publish","type":"post","link":"https:\/\/new.igihe.com\/french\/Les-fruits-amers-de-la-lutte-et-les-hommages-du-1er-mai\/","title":{"rendered":"Les fruits amers de la lutte et les hommages du 1er mai"},"content":{"rendered":"<p>Depuis les ann\u00e9es 1960, ces combats ont dessin\u00e9, non sans peine, les contours d\u2019un droit du travail plus juste, d\u2019une reconnaissance accrue de la valeur humaine derri\u00e8re la force de production, et d\u2019un espoir de justice sociale.<\/p>\n<p>C\u2019est dans les soubresauts de l&#8217;apr\u00e8s-colonialisme, de la guerre froide et de l&#8217;essor du capitalisme industriel mondialis\u00e9 que les luttes syndicales et ouvri\u00e8res ont trouv\u00e9 un souffle nouveau. Des gr\u00e8ves massives de Mai 1968 aux mouvements ouvriers en Am\u00e9rique latine, en passant par les revendications des travailleurs immigr\u00e9s en Europe ou les combats des ouvriers agricoles aux \u00c9tats-Unis, les ann\u00e9es 1960 et 1970 ont marqu\u00e9 un tournant. <\/p>\n<p>L\u2019exigence d\u2019un travail d\u00e9cent, de salaires justes, de protections sociales universelles a \u00e9t\u00e9 arrach\u00e9e \u00e0 des \u00e9lites politiques et \u00e9conomiques souvent sourdes \u00e0 la mis\u00e8re silencieuse des masses laborieuses.<\/p>\n<p>Les acquis qui en d\u00e9coul\u00e8rent ne furent ni spontan\u00e9s ni g\u00e9n\u00e9reusement conc\u00e9d\u00e9s. Le droit aux cong\u00e9s pay\u00e9s, \u00e0 la retraite, \u00e0 l\u2019assurance maladie, \u00e0 la repr\u00e9sentation syndicale dans les entreprises, \u00e0 la protection contre les licenciements abusifs ou encore \u00e0 l\u2019\u00e9galit\u00e9 salariale, sont autant de conqu\u00eates arrach\u00e9es par une lutte tenace, souvent men\u00e9e contre des forces puissamment organis\u00e9es et prot\u00e9g\u00e9es. <\/p>\n<p>Derri\u00e8re chaque avanc\u00e9e, il y eut des femmes et des hommes, parfois anonymes, qui os\u00e8rent se dresser face \u00e0 l&#8217;injustice structurelle.<\/p>\n<p>Mais c\u00e9l\u00e9brer ces victoires sans lucidit\u00e9 serait une trahison. Car aujourd\u2019hui, sous les coups de boutoir du n\u00e9olib\u00e9ralisme, d\u2019un capitalisme financiaris\u00e9, et d\u2019une pr\u00e9carisation rampante, nombre de ces acquis sont m\u00e9thodiquement sap\u00e9s. <\/p>\n<p>L\u2019ub\u00e9risation du travail, la sous-traitance \u00e0 outrance, les atteintes aux droits syndicaux, la mont\u00e9e des in\u00e9galit\u00e9s salariales ou la normalisation du travail informel t\u00e9moignent d\u2019un recul masqu\u00e9 sous le vernis technocratique de la modernit\u00e9.<\/p>\n<p>Le 1er mai ne saurait donc \u00eatre un simple rite m\u00e9moriel. Il doit demeurer un point d\u2019orgue dans la conscience collective, un rappel de ce que la solidarit\u00e9 peut conqu\u00e9rir et de ce qu\u2019elle risque de perdre si elle se dilue dans l\u2019individualisme contemporain. Les combats du pass\u00e9 ne doivent pas seulement \u00eatre honor\u00e9s\u202f: ils doivent \u00eatre poursuivis avec la m\u00eame ardeur, la m\u00eame foi intransigeante en la justice sociale.<\/p>\n<p>Car l\u2019\u00e9mancipation du travailleur reste \u00e0 accomplir non plus seulement contre les cha\u00eenes visibles de l\u2019oppression \u00e9conomique, mais aussi contre les formes insidieuses de d\u00e9possession que sont la flexibilisation extr\u00eame, la marchandisation de l\u2019humain et la r\u00e9duction du travail \u00e0 un simple co\u00fbt. Face \u00e0 ces p\u00e9rils, que le 1er mai soit une vigie, une clameur, une r\u00e9volte vivante contre l\u2019oubli et la r\u00e9signation.<\/p>\n<figure class=\"spip-document spip-document-60627 aligncenter\"><img decoding=\"async\" src=\"https:\/\/fr.igihe.com\/IMG\/jpg\/manif-4.jpg\" alt=\"Chaque 1er mai, les rues du monde s\u2019emplissent de banderoles, de chants revendicatifs, de pas r\u00e9solus foulant le pav\u00e9 au nom de la dignit\u00e9 ouvri\u00e8re\" \/><\/figure>\n","protected":false},"excerpt":{"rendered":"<p>Chaque 1er mai, les rues du monde s\u2019emplissent de banderoles, de chants revendicatifs, de pas r\u00e9solus foulant le pav\u00e9 au nom de la dignit\u00e9 ouvri\u00e8re. Cette Journ\u00e9e internationale du travail, trop souvent r\u00e9duite \u00e0 une comm\u00e9moration routini\u00e8re ou \u00e0 une journ\u00e9e ch\u00f4m\u00e9e, trouve pourtant ses racines dans une histoire tragique et ardente, nourrie par des d\u00e9cennies de lutte, de sang vers\u00e9, de r\u00e9pressions, mais aussi de conqu\u00eates essentielles. <\/p>\n","protected":false},"author":488,"featured_media":4000060626,"comment_status":"open","ping_status":"open","sticky":false,"template":"","format":"standard","meta":{"footnotes":""},"categories":[7544],"tags":[7605],"byline":[9102],"hashtag":[],"class_list":["post-37536","post","type-post","status-publish","format-standard","has-post-thumbnail","hentry","category-politique","tag-homenews","byline-tite-gatabazi"],"bylines":[{"id":9102,"name":"Tite Gatabazi","slug":"tite-gatabazi","description":"","image":{"id":0,"url":"https:\/\/secure.gravatar.com\/avatar\/?s=96&d=mm&f=y&r=g","alt":"Default avatar","title":"Default avatar","caption":"","mime_type":"image\/jpeg","sizes":[]},"user_id":472}],"contributors":[{"id":9102,"name":"Tite Gatabazi","slug":"tite-gatabazi","description":"","image":{"id":0,"url":"https:\/\/secure.gravatar.com\/avatar\/?s=96&d=mm&f=y&r=g","alt":"Default avatar","title":"Default avatar","caption":"","mime_type":"image\/jpeg","sizes":[]},"user_id":472}],"featured_image":{"id":4000060626,"url":"https:\/\/fr-images.igihe.com\/IMG\/logo\/manif_cp.jpg","alt":"","caption":"","mime_type":"image\/jpeg","width":0,"height":0,"sizes":{"thumbnail":{"url":"https:\/\/fr-images.igihe.com\/IMG\/logo\/manif_cp.jpg","width":1,"height":1},"medium":{"url":"https:\/\/fr-images.igihe.com\/IMG\/logo\/manif_cp.jpg","width":1,"height":1},"medium_large":{"url":"https:\/\/fr-images.igihe.com\/IMG\/logo\/manif_cp.jpg","width":1,"height":1},"large":{"url":"https:\/\/fr-images.igihe.com\/IMG\/logo\/manif_cp.jpg","width":1,"height":1},"full":{"url":"https:\/\/fr-images.igihe.com\/IMG\/logo\/manif_cp.jpg","width":0,"height":0}}},"_links":{"self":[{"href":"https:\/\/new.igihe.com\/french\/wp-json\/wp\/v2\/posts\/37536","targetHints":{"allow":["GET"]}}],"collection":[{"href":"https:\/\/new.igihe.com\/french\/wp-json\/wp\/v2\/posts"}],"about":[{"href":"https:\/\/new.igihe.com\/french\/wp-json\/wp\/v2\/types\/post"}],"author":[{"embeddable":true,"href":"https:\/\/new.igihe.com\/french\/wp-json\/wp\/v2\/users\/488"}],"replies":[{"embeddable":true,"href":"https:\/\/new.igihe.com\/french\/wp-json\/wp\/v2\/comments?post=37536"}],"version-history":[{"count":0,"href":"https:\/\/new.igihe.com\/french\/wp-json\/wp\/v2\/posts\/37536\/revisions"}],"wp:featuredmedia":[{"embeddable":true,"href":"https:\/\/new.igihe.com\/french\/wp-json\/wp\/v2\/media\/4000060626"}],"wp:attachment":[{"href":"https:\/\/new.igihe.com\/french\/wp-json\/wp\/v2\/media?parent=37536"}],"wp:term":[{"taxonomy":"category","embeddable":true,"href":"https:\/\/new.igihe.com\/french\/wp-json\/wp\/v2\/categories?post=37536"},{"taxonomy":"post_tag","embeddable":true,"href":"https:\/\/new.igihe.com\/french\/wp-json\/wp\/v2\/tags?post=37536"},{"taxonomy":"byline","embeddable":true,"href":"https:\/\/new.igihe.com\/french\/wp-json\/wp\/v2\/byline?post=37536"},{"taxonomy":"hashtag","embeddable":true,"href":"https:\/\/new.igihe.com\/french\/wp-json\/wp\/v2\/hashtag?post=37536"}],"curies":[{"name":"wp","href":"https:\/\/api.w.org\/{rel}","templated":true}]}}