{"id":37534,"date":"2025-04-30T17:04:29","date_gmt":"2025-04-30T17:04:29","guid":{"rendered":"https:\/\/new.igihe.com\/french\/Felicien-Kabuga-comparaitra-de-nouveau-devant-le-MTPI-a-La-Haye-37534\/"},"modified":"2025-04-30T17:00:57","modified_gmt":"2025-04-30T17:00:57","slug":"Felicien-Kabuga-comparaitra-de-nouveau-devant-le-MTPI-a-La-Haye","status":"publish","type":"post","link":"https:\/\/new.igihe.com\/french\/Felicien-Kabuga-comparaitra-de-nouveau-devant-le-MTPI-a-La-Haye\/","title":{"rendered":"F\u00e9licien Kabuga compara\u00eetra de nouveau devant le MTPI \u00e0 La Haye"},"content":{"rendered":"<p>\u00c0 cette occasion, une conf\u00e9rence de mise en \u00e9tat se tiendra dans l&#8217;affaire opposant le Procureur \u00e0 F\u00e9licien Kabuga, accus\u00e9 d\u2019avoir jou\u00e9 un r\u00f4le central dans le g\u00e9nocide perp\u00e9tr\u00e9 contre les Tutsi en 1994 au Rwanda.<\/p>\n<p>Le M\u00e9canisme pour les Tribunaux p\u00e9naux internationaux (MTPI) a annonc\u00e9 que cette audience est programm\u00e9e pour le 1er mai 2025 \u00e0 16h00, heure d\u2019Arusha, dans la salle d\u2019audience de sa division situ\u00e9e \u00e0 La Haye, aux Pays-Bas.<\/p>\n<p>\u00ab Une conf\u00e9rence de mise en \u00e9tat aura lieu dans l\u2019affaire opposant le Procureur \u00e0 F\u00e9licien Kabuga. L\u2019audience sera retransmise avec un diff\u00e9r\u00e9 de 30 minutes. \u00bb a pr\u00e9cis\u00e9 le MTPI, dans un communiqu\u00e9 publi\u00e9 sur X ce 30 avril 2025.<\/p>\n<p>F\u00e9licien Kabuga a \u00e9t\u00e9 arr\u00eat\u00e9 en France le 16 mai 2020. Depuis, il est incarc\u00e9r\u00e9 dans un centre de d\u00e9tention du Tribunal p\u00e9nal international \u00e0 La Haye, aux Pays-Bas.<\/p>\n<p>Consid\u00e9r\u00e9 comme l\u2019un des hommes d\u2019affaires les plus influents du Rwanda au moment du g\u00e9nocide contre les Tutsi, Kabuga a comparu pour la premi\u00e8re fois sur le fond en septembre 2022 devant les juges du M\u00e9canisme pour les Tribunaux p\u00e9naux internationaux (MTPI), \u00e0 La Haye.<\/p>\n<p>La m\u00eame ann\u00e9e, plusieurs rapports m\u00e9dicaux ont r\u00e9v\u00e9l\u00e9 que l\u2019accus\u00e9 souffrait de diverses pathologies, notamment des maladies cardiaques et pulmonaires, ainsi que d\u2019ost\u00e9oporose, une affection qui fragilise les os, les rendant ainsi particuli\u00e8rement vuln\u00e9rables aux fractures.<\/p>\n<p>\u00c0 plusieurs reprises, il a \u00e9galement \u00e9t\u00e9 rapport\u00e9 que F\u00e9licien Kabuga n\u2019\u00e9tait plus en mesure de se &#8220;souvenir d&#8217;\u00e9v\u00e9nements pass\u00e9s&#8221;.<\/p>\n<p>Ces constatations ont conduit, en novembre 2023, \u00e0 la d\u00e9cision du M\u00e9canisme pour les Tribunaux p\u00e9naux internationaux (MTPI) de suspendre les poursuites engag\u00e9es contre lui, estimant que son \u00e9tat de sant\u00e9 physique et mental ne lui permettait plus de suivre son proc\u00e8s de mani\u00e8re \u00e9quitable.<\/p>\n<p>Cette d\u00e9cision a suscit\u00e9 une vive controverse, au regard du r\u00f4le central que Kabuga est accus\u00e9 d\u2019avoir jou\u00e9 dans le g\u00e9nocide contre les Tutsi, notamment en tant que principal financier de la Radio T\u00e9l\u00e9vision Libre des Mille Collines (RTLM), un m\u00e9dia qui a largement \u00e9t\u00e9 utilis\u00e9 pour inciter \u00e0 la haine et appeler \u00e0 l\u2019extermination des Tutsi.<\/p>\n<p>En f\u00e9vrier 2025, le greffier du MTPI, Abubacarr Tambadou, a d\u00e9clar\u00e9 que F\u00e9licien Kabuga \u00e9tait toujours d\u00e9tenu \u00e0 La Haye, aucun pays n\u2019ayant encore accept\u00e9 de l\u2019accueillir.<\/p>\n<p>Il a pr\u00e9cis\u00e9 qu\u2019\u00e0 la suite de la suspension des poursuites engag\u00e9es contre Kabuga, la d\u00e9fense avait \u00e9t\u00e9 invit\u00e9e \u00e0 identifier un \u00c9tat susceptible de l\u2019accueillir en vue d\u2019une lib\u00e9ration \u00e0 titre provisoire.<\/p>\n<p>\u00ab\u202fLa d\u00e9fense a \u00e9t\u00e9 charg\u00e9e de trouver un pays pr\u00eat \u00e0 l\u2019accueillir, mais cette d\u00e9marche est toujours en cours, car elle n\u2019a pas encore abouti. Kabuga reste donc incarc\u00e9r\u00e9 \u00e0 La Haye dans l\u2019attente d\u2019une solution\u202f\u00bb, a-t-il indiqu\u00e9.<\/p>\n<p>En ao\u00fbt 2023, lors d&#8217;une visite au Rwanda, le procureur du MTPI, Serge Brammertz, avait d\u00e9clar\u00e9 qu\u2019il \u00e9tait difficile de pr\u00e9voir \u00e0 quel moment F\u00e9licien Kabuga pourrait \u00eatre lib\u00e9r\u00e9.<\/p>\n<p>Brammertz avait pr\u00e9cis\u00e9 que la lib\u00e9ration de Kabuga ne pourrait intervenir que lorsqu\u2019un pays accepterait de l\u2019accueillir, tout en soulignant que cela pourrait s\u2019av\u00e9rer particuli\u00e8rement complexe pour la France \u2014 o\u00f9 Kabuga s\u2019\u00e9tait cach\u00e9 \u2014 en raison de son arrestation en possession de faux documents d\u2019identit\u00e9.<\/p>\n<figure class=\"spip-document spip-document-60623 aligncenter\"><img decoding=\"async\" src=\"https:\/\/fr.igihe.com\/IMG\/jpg\/kf.jpg\" alt=\"F\u00e9licien Kabuga, d\u00e9tenu depuis plusieurs ann\u00e9es aux Pays-Bas, compara\u00eetra de nouveau devant la justice\" \/><\/figure>\n","protected":false},"excerpt":{"rendered":"<p>Le M\u00e9canisme R\u00e9siduel pour les Tribunaux p\u00e9naux internationaux (MTPI), qui a succ\u00e9d\u00e9 aux juridictions p\u00e9nales internationales, a annonc\u00e9 que F\u00e9licien Kabuga, d\u00e9tenu depuis plusieurs ann\u00e9es aux Pays-Bas, compara\u00eetra de nouveau devant la justice dans le cadre de son proc\u00e8s l\u2019opposant au procureur. <\/p>\n","protected":false},"author":488,"featured_media":4000060622,"comment_status":"open","ping_status":"open","sticky":false,"template":"","format":"standard","meta":{"footnotes":""},"categories":[7542],"tags":[7605],"byline":[7717],"hashtag":[],"class_list":["post-37534","post","type-post","status-publish","format-standard","has-post-thumbnail","hentry","category-art-de-vivre","tag-homenews","byline-igihe"],"bylines":[{"id":7717,"name":"IGIHE","slug":"igihe","description":"","image":{"id":0,"url":"https:\/\/secure.gravatar.com\/avatar\/?s=96&d=mm&f=y&r=g","alt":"Default avatar","title":"Default avatar","caption":"","mime_type":"image\/jpeg","sizes":[]},"user_id":393}],"contributors":[{"id":7717,"name":"IGIHE","slug":"igihe","description":"","image":{"id":0,"url":"https:\/\/secure.gravatar.com\/avatar\/?s=96&d=mm&f=y&r=g","alt":"Default avatar","title":"Default avatar","caption":"","mime_type":"image\/jpeg","sizes":[]},"user_id":393}],"featured_image":{"id":4000060622,"url":"https:\/\/fr-images.igihe.com\/IMG\/logo\/kf_cp.jpg","alt":"","caption":"","mime_type":"image\/jpeg","width":0,"height":0,"sizes":{"thumbnail":{"url":"https:\/\/fr-images.igihe.com\/IMG\/logo\/kf_cp.jpg","width":1,"height":1},"medium":{"url":"https:\/\/fr-images.igihe.com\/IMG\/logo\/kf_cp.jpg","width":1,"height":1},"medium_large":{"url":"https:\/\/fr-images.igihe.com\/IMG\/logo\/kf_cp.jpg","width":1,"height":1},"large":{"url":"https:\/\/fr-images.igihe.com\/IMG\/logo\/kf_cp.jpg","width":1,"height":1},"full":{"url":"https:\/\/fr-images.igihe.com\/IMG\/logo\/kf_cp.jpg","width":0,"height":0}}},"_links":{"self":[{"href":"https:\/\/new.igihe.com\/french\/wp-json\/wp\/v2\/posts\/37534","targetHints":{"allow":["GET"]}}],"collection":[{"href":"https:\/\/new.igihe.com\/french\/wp-json\/wp\/v2\/posts"}],"about":[{"href":"https:\/\/new.igihe.com\/french\/wp-json\/wp\/v2\/types\/post"}],"author":[{"embeddable":true,"href":"https:\/\/new.igihe.com\/french\/wp-json\/wp\/v2\/users\/488"}],"replies":[{"embeddable":true,"href":"https:\/\/new.igihe.com\/french\/wp-json\/wp\/v2\/comments?post=37534"}],"version-history":[{"count":0,"href":"https:\/\/new.igihe.com\/french\/wp-json\/wp\/v2\/posts\/37534\/revisions"}],"wp:featuredmedia":[{"embeddable":true,"href":"https:\/\/new.igihe.com\/french\/wp-json\/wp\/v2\/media\/4000060622"}],"wp:attachment":[{"href":"https:\/\/new.igihe.com\/french\/wp-json\/wp\/v2\/media?parent=37534"}],"wp:term":[{"taxonomy":"category","embeddable":true,"href":"https:\/\/new.igihe.com\/french\/wp-json\/wp\/v2\/categories?post=37534"},{"taxonomy":"post_tag","embeddable":true,"href":"https:\/\/new.igihe.com\/french\/wp-json\/wp\/v2\/tags?post=37534"},{"taxonomy":"byline","embeddable":true,"href":"https:\/\/new.igihe.com\/french\/wp-json\/wp\/v2\/byline?post=37534"},{"taxonomy":"hashtag","embeddable":true,"href":"https:\/\/new.igihe.com\/french\/wp-json\/wp\/v2\/hashtag?post=37534"}],"curies":[{"name":"wp","href":"https:\/\/api.w.org\/{rel}","templated":true}]}}