{"id":37533,"date":"2025-04-30T16:19:08","date_gmt":"2025-04-30T16:19:08","guid":{"rendered":"https:\/\/new.igihe.com\/french\/Le-Rwanda-et-la-RDC-reunis-a-Doha-37533\/"},"modified":"2025-05-03T10:59:29","modified_gmt":"2025-05-03T10:59:29","slug":"Le-Rwanda-et-la-RDC-reunis-a-Doha","status":"publish","type":"post","link":"https:\/\/new.igihe.com\/french\/Le-Rwanda-et-la-RDC-reunis-a-Doha\/","title":{"rendered":"Le Rwanda et la RDC r\u00e9unis \u00e0 Doha"},"content":{"rendered":"<p>Lors de la r\u00e9union tenue ce 30 avril 2025 \u00e0 Doha, le Rwanda \u00e9tait repr\u00e9sent\u00e9 par le g\u00e9n\u00e9ral de brigade Patrick Karuretwa, chef de la coop\u00e9ration militaire, ainsi que par le g\u00e9n\u00e9ral de brigade Jean Paul Nyirubutama, secr\u00e9taire g\u00e9n\u00e9ral adjoint du Service national de renseignement et de s\u00e9curit\u00e9 (NISS).<\/p>\n<p>Les discussions ont \u00e9galement rassembl\u00e9 le conseiller sp\u00e9cial des \u00c9tats-Unis pour le partenariat avec l\u2019Afrique, Massad Boulos, ainsi que des repr\u00e9sentants du Togo, de la France et du Qatar, ce dernier assurant l\u2019accueil et la facilitation des \u00e9changes.<\/p>\n<p>Les d\u00e9l\u00e9gations rwandaise et congolaise se sont r\u00e9unies \u00e0 Doha quelques jours apr\u00e8s la signature, le 25 avril 2025, d\u2019un accord de principes visant \u00e0 poser les bases d\u2019une paix durable dans la r\u00e9gion des Grands Lacs, sous l\u2019\u00e9gide des \u00c9tats-Unis.<\/p>\n<p>\u00c0 cette occasion, Washington a demand\u00e9 aux deux pays de soumettre, d\u2019ici le 2 mai 2025, un projet d\u2019accord de paix que toutes les parties pourront examiner et affiner ensemble.<\/p>\n<p>Washington a annonc\u00e9 que les repr\u00e9sentants diplomatiques des deux pays se rendraient \u00e0 nouveau \u00e0 Washington pour r\u00e9soudre les points de d\u00e9saccord restants concernant le projet d\u2019accord de paix.<\/p>\n<p>Le pr\u00e9sident am\u00e9ricain, Donald Trump, avait d\u00e9clar\u00e9 ce 27 avril 2025 que le Rwanda, la RDC et leurs pays voisins \u00e9tait sur le point de parvenir \u00e0 un accord de paix. \u00ab Nous avons de bonnes nouvelles concernant le Rwanda et la RDC. Je crois que ces deux pays, ainsi que d\u2019autres, parviendront \u00e0 un processus de paix. Ce serait un d\u00e9veloppement positif. Nous esp\u00e9rons sinc\u00e8rement que cela produira des r\u00e9sultats concrets \u00bb, a-t-il affirm\u00e9.<\/p>\n<p>Le ministre des Affaires \u00e9trang\u00e8res et de la Coop\u00e9ration internationale, l\u2019ambassadeur Olivier Nduhungirehe, a exprim\u00e9 la volont\u00e9 du Rwanda de parvenir rapidement \u00e0 un accord de paix, soulignant que celle-ci ne pouvait \u00eatre atteinte par des solutions simplistes.<\/p>\n<p>\u00ab Notre objectif est de parvenir \u00e0 un accord de paix dans les plus brefs d\u00e9lais. Cependant, il n\u2019existe aucun raccourci possible. Nous devons faire preuve de d\u00e9termination et r\u00e9soudre ce probl\u00e8me de mani\u00e8re authentique et d\u00e9finitive \u00bb, a-t-il affirm\u00e9.<\/p>\n<p>L&#8217;accord de principes visant \u00e0 instaurer une paix durable repose sur les n\u00e9gociations en cours destin\u00e9es \u00e0 r\u00e9soudre les conflits r\u00e9gionaux. Il int\u00e8gre notamment les initiatives men\u00e9es par le m\u00e9diateur d\u00e9sign\u00e9 par l&#8217;Union africaine, le pr\u00e9sident du Togo, Faure Essozimna Gnassingb\u00e9.<\/p>\n<p>Cet accord s&#8217;appuie \u00e9galement sur les progr\u00e8s r\u00e9alis\u00e9s dans les discussions entre le Rwanda et la RDC, ainsi que celles entre la RDC et l&#8217;AFC\/M23, organis\u00e9es sous l&#8217;\u00e9gide du Qatar depuis mars 2025. Par ailleurs, il prend en compte les r\u00e9solutions adopt\u00e9es par les chefs d&#8217;\u00c9tat de la Communaut\u00e9 d&#8217;Afrique de l&#8217;Est (EAC) et de la Communaut\u00e9 de d\u00e9veloppement de l&#8217;Afrique australe (SADC).<\/p>\n<p>La France, repr\u00e9sent\u00e9e lors des pourparlers en cours \u00e0 Doha a r\u00e9affirm\u00e9 sa volont\u00e9 de contribuer activement \u00e0 l\u2019instauration de la paix dans la r\u00e9gion.<\/p>\n<p>Le pr\u00e9sident fran\u00e7ais, Emmanuel Macron, avait d\u00e9j\u00e0 r\u00e9uni le Pr\u00e9sident Paul Kagame et F\u00e9lix Tshisekedi en septembre 2022 dans le cadre d\u2019une m\u00e9diation, et avait tent\u00e9 de renouveler cet effort en f\u00e9vrier 2025, ceci-dit sans succ\u00e8s.<\/p>\n<figure class=\"spip-document spip-document-60621 aligncenter\"><img decoding=\"async\" src=\"https:\/\/fr.igihe.com\/IMG\/jpg\/d1-4.jpg\" alt=\"Des repr\u00e9sentants du Rwanda et de la R\u00e9publique d\u00e9mocratique du Congo se sont r\u00e9unis \u00e0 Doha, au Qatar\" \/><\/figure>\n<figure class=\"spip-document spip-document-60619 aligncenter\"><img decoding=\"async\" src=\"https:\/\/fr.igihe.com\/IMG\/jpg\/d2-5.jpg\" alt=\"Le Qatar assurait l\u2019accueil et la facilitation des \u00e9changes\" \/><\/figure>\n<figure class=\"spip-document spip-document-60620 aligncenter\"><img decoding=\"async\" src=\"https:\/\/fr.igihe.com\/IMG\/jpg\/d3-3.jpg\" alt=\"Les \u00e9changes avaient pour objectif, entamer des discussions en vue d\u2019un accord de paix formel\" \/><\/figure>\n","protected":false},"excerpt":{"rendered":"<p>Dans le cadre d&#8217;efforts de paix bilat\u00e9raux, des repr\u00e9sentants du Rwanda et de la R\u00e9publique d\u00e9mocratique du Congo se sont r\u00e9unis \u00e0 Doha, au Qatar, pour entamer des discussions en vue d\u2019un accord formel. <\/p>\n","protected":false},"author":488,"featured_media":4000060618,"comment_status":"open","ping_status":"open","sticky":false,"template":"","format":"standard","meta":{"footnotes":""},"categories":[7544],"tags":[7605],"byline":[9865],"hashtag":[],"class_list":["post-37533","post","type-post","status-publish","format-standard","has-post-thumbnail","hentry","category-politique","tag-homenews","byline-alain-bertrand-tunezerwe"],"bylines":[{"id":9865,"name":"Alain Bertrand Tunezerwe","slug":"alain-bertrand-tunezerwe","description":"","image":{"id":0,"url":"https:\/\/secure.gravatar.com\/avatar\/?s=96&d=mm&f=y&r=g","alt":"Default avatar","title":"Default avatar","caption":"","mime_type":"image\/jpeg","sizes":[]},"user_id":452}],"contributors":[{"id":9865,"name":"Alain Bertrand Tunezerwe","slug":"alain-bertrand-tunezerwe","description":"","image":{"id":0,"url":"https:\/\/secure.gravatar.com\/avatar\/?s=96&d=mm&f=y&r=g","alt":"Default avatar","title":"Default avatar","caption":"","mime_type":"image\/jpeg","sizes":[]},"user_id":452}],"featured_image":{"id":4000060618,"url":"https:\/\/fr-images.igihe.com\/IMG\/logo\/d1_cp.jpg","alt":"","caption":"","mime_type":"image\/jpeg","width":0,"height":0,"sizes":{"thumbnail":{"url":"https:\/\/fr-images.igihe.com\/IMG\/logo\/d1_cp.jpg","width":1,"height":1},"medium":{"url":"https:\/\/fr-images.igihe.com\/IMG\/logo\/d1_cp.jpg","width":1,"height":1},"medium_large":{"url":"https:\/\/fr-images.igihe.com\/IMG\/logo\/d1_cp.jpg","width":1,"height":1},"large":{"url":"https:\/\/fr-images.igihe.com\/IMG\/logo\/d1_cp.jpg","width":1,"height":1},"full":{"url":"https:\/\/fr-images.igihe.com\/IMG\/logo\/d1_cp.jpg","width":0,"height":0}}},"_links":{"self":[{"href":"https:\/\/new.igihe.com\/french\/wp-json\/wp\/v2\/posts\/37533","targetHints":{"allow":["GET"]}}],"collection":[{"href":"https:\/\/new.igihe.com\/french\/wp-json\/wp\/v2\/posts"}],"about":[{"href":"https:\/\/new.igihe.com\/french\/wp-json\/wp\/v2\/types\/post"}],"author":[{"embeddable":true,"href":"https:\/\/new.igihe.com\/french\/wp-json\/wp\/v2\/users\/488"}],"replies":[{"embeddable":true,"href":"https:\/\/new.igihe.com\/french\/wp-json\/wp\/v2\/comments?post=37533"}],"version-history":[{"count":0,"href":"https:\/\/new.igihe.com\/french\/wp-json\/wp\/v2\/posts\/37533\/revisions"}],"wp:featuredmedia":[{"embeddable":true,"href":"https:\/\/new.igihe.com\/french\/wp-json\/wp\/v2\/media\/4000060618"}],"wp:attachment":[{"href":"https:\/\/new.igihe.com\/french\/wp-json\/wp\/v2\/media?parent=37533"}],"wp:term":[{"taxonomy":"category","embeddable":true,"href":"https:\/\/new.igihe.com\/french\/wp-json\/wp\/v2\/categories?post=37533"},{"taxonomy":"post_tag","embeddable":true,"href":"https:\/\/new.igihe.com\/french\/wp-json\/wp\/v2\/tags?post=37533"},{"taxonomy":"byline","embeddable":true,"href":"https:\/\/new.igihe.com\/french\/wp-json\/wp\/v2\/byline?post=37533"},{"taxonomy":"hashtag","embeddable":true,"href":"https:\/\/new.igihe.com\/french\/wp-json\/wp\/v2\/hashtag?post=37533"}],"curies":[{"name":"wp","href":"https:\/\/api.w.org\/{rel}","templated":true}]}}