{"id":37532,"date":"2025-04-30T14:28:12","date_gmt":"2025-04-30T14:28:12","guid":{"rendered":"https:\/\/new.igihe.com\/french\/Transfert-vers-Kinshasa-des-soldats-et-policiers-refugies-dans-les-camps-de-la-37532\/"},"modified":"2025-04-30T14:26:18","modified_gmt":"2025-04-30T14:26:18","slug":"Transfert-vers-Kinshasa-des-soldats-et-policiers-refugies-dans-les-camps-de-la","status":"publish","type":"post","link":"https:\/\/new.igihe.com\/french\/Transfert-vers-Kinshasa-des-soldats-et-policiers-refugies-dans-les-camps-de-la\/","title":{"rendered":"Transfert vers Kinshasa des soldats et policiers r\u00e9fugi\u00e9s dans les camps de la MONUSCO"},"content":{"rendered":"<p>Le rapatriement de ces militaires et policiers non arm\u00e9s, accompagn\u00e9s de leurs familles, a \u00e9t\u00e9 organis\u00e9 par le Comit\u00e9 international de la Croix-Rouge (CICR), \u00e0 la demande conjointe de la MONUSCO, de l\u2019AFC\/M23 et du minist\u00e8re congolais de la D\u00e9fense.<\/p>\n<p>Le chef de la d\u00e9l\u00e9gation du CICR en RDC, Fran\u00e7ois Moreillon, a pr\u00e9cis\u00e9 que cette assistance visait \u00e0 att\u00e9nuer les difficult\u00e9s susceptibles de d\u00e9couler de leur pr\u00e9sence prolong\u00e9e \u00e0 Goma.<\/p>\n<p>\u00ab En tant qu\u2019interm\u00e9diaire neutre, cette mission peut contribuer \u00e0 d\u00e9samorcer une crise humanitaire majeure en r\u00e9duisant les menaces pesant sur les populations civiles \u00bb, a-t-il d\u00e9clar\u00e9.<\/p>\n<p>L\u2019arm\u00e9e congolaise a confirm\u00e9, ce 30 avril 2025, que l\u2019op\u00e9ration de transfert vers Kinshasa \u00e9tait en cours. Elle a exprim\u00e9 sa gratitude \u00e0 la MONUSCO pour avoir h\u00e9berg\u00e9 ses hommes durant cette p\u00e9riode critique, ainsi qu\u2019au CICR pour son appui dans leur \u00e9vacuation depuis Goma.<\/p>\n<p>Le transport des soldats, policiers et membres de leurs familles a \u00e9t\u00e9 assur\u00e9 par des minibus arborant des drapeaux blancs, symboles de leur statut non bellig\u00e9rant.<\/p>\n<p>De son c\u00f4t\u00e9, l\u2019AFC\/M23 affirme qu\u2019environ 2\u202f000 soldats congolais s\u2019\u00e9taient r\u00e9fugi\u00e9s dans les camps de la MONUSCO lors de la prise de Goma, accusant les Casques bleus d\u2019en avoir rel\u00e2ch\u00e9 800 et de n\u2019en avoir gard\u00e9 que 1\u202f200 sur place. <\/p>\n<figure class=\"spip-document spip-document-60616 aligncenter\"><img decoding=\"async\" src=\"https:\/\/fr.igihe.com\/IMG\/jpg\/cp-3.jpg\" alt=\"Les soldats et policiers de la RDC, qui s\u2019\u00e9taient r\u00e9fugi\u00e9s dans les camps de la MONUSCO \u00e0 Goma, ont commenc\u00e9 \u00e0 \u00eatre transf\u00e9r\u00e9s vers Kinshasa\" \/><\/figure>\n","protected":false},"excerpt":{"rendered":"<p>Suite \u00e0 leur d\u00e9route face aux combattants de l&#8217;AFC\/M23 fin janvier 2025, les soldats et les policiers de la RDC, qui s\u2019\u00e9taient initialement r\u00e9fugi\u00e9s dans les camps de la MONUSCO \u00e0 Goma, ont commenc\u00e9 \u00e0 \u00eatre transf\u00e9r\u00e9s vers Kinshasa. <\/p>\n","protected":false},"author":488,"featured_media":4000060615,"comment_status":"open","ping_status":"open","sticky":false,"template":"","format":"standard","meta":{"footnotes":""},"categories":[7540],"tags":[7605],"byline":[7717],"hashtag":[],"class_list":["post-37532","post","type-post","status-publish","format-standard","has-post-thumbnail","hentry","category-securite","tag-homenews","byline-igihe"],"bylines":[{"id":7717,"name":"IGIHE","slug":"igihe","description":"","image":{"id":0,"url":"https:\/\/secure.gravatar.com\/avatar\/?s=96&d=mm&f=y&r=g","alt":"Default avatar","title":"Default avatar","caption":"","mime_type":"image\/jpeg","sizes":[]},"user_id":393}],"contributors":[{"id":7717,"name":"IGIHE","slug":"igihe","description":"","image":{"id":0,"url":"https:\/\/secure.gravatar.com\/avatar\/?s=96&d=mm&f=y&r=g","alt":"Default avatar","title":"Default avatar","caption":"","mime_type":"image\/jpeg","sizes":[]},"user_id":393}],"featured_image":{"id":4000060615,"url":"https:\/\/fr-images.igihe.com\/IMG\/logo\/cp_pc.jpg","alt":"","caption":"","mime_type":"image\/jpeg","width":0,"height":0,"sizes":{"thumbnail":{"url":"https:\/\/fr-images.igihe.com\/IMG\/logo\/cp_pc.jpg","width":1,"height":1},"medium":{"url":"https:\/\/fr-images.igihe.com\/IMG\/logo\/cp_pc.jpg","width":1,"height":1},"medium_large":{"url":"https:\/\/fr-images.igihe.com\/IMG\/logo\/cp_pc.jpg","width":1,"height":1},"large":{"url":"https:\/\/fr-images.igihe.com\/IMG\/logo\/cp_pc.jpg","width":1,"height":1},"full":{"url":"https:\/\/fr-images.igihe.com\/IMG\/logo\/cp_pc.jpg","width":0,"height":0}}},"_links":{"self":[{"href":"https:\/\/new.igihe.com\/french\/wp-json\/wp\/v2\/posts\/37532","targetHints":{"allow":["GET"]}}],"collection":[{"href":"https:\/\/new.igihe.com\/french\/wp-json\/wp\/v2\/posts"}],"about":[{"href":"https:\/\/new.igihe.com\/french\/wp-json\/wp\/v2\/types\/post"}],"author":[{"embeddable":true,"href":"https:\/\/new.igihe.com\/french\/wp-json\/wp\/v2\/users\/488"}],"replies":[{"embeddable":true,"href":"https:\/\/new.igihe.com\/french\/wp-json\/wp\/v2\/comments?post=37532"}],"version-history":[{"count":0,"href":"https:\/\/new.igihe.com\/french\/wp-json\/wp\/v2\/posts\/37532\/revisions"}],"wp:featuredmedia":[{"embeddable":true,"href":"https:\/\/new.igihe.com\/french\/wp-json\/wp\/v2\/media\/4000060615"}],"wp:attachment":[{"href":"https:\/\/new.igihe.com\/french\/wp-json\/wp\/v2\/media?parent=37532"}],"wp:term":[{"taxonomy":"category","embeddable":true,"href":"https:\/\/new.igihe.com\/french\/wp-json\/wp\/v2\/categories?post=37532"},{"taxonomy":"post_tag","embeddable":true,"href":"https:\/\/new.igihe.com\/french\/wp-json\/wp\/v2\/tags?post=37532"},{"taxonomy":"byline","embeddable":true,"href":"https:\/\/new.igihe.com\/french\/wp-json\/wp\/v2\/byline?post=37532"},{"taxonomy":"hashtag","embeddable":true,"href":"https:\/\/new.igihe.com\/french\/wp-json\/wp\/v2\/hashtag?post=37532"}],"curies":[{"name":"wp","href":"https:\/\/api.w.org\/{rel}","templated":true}]}}