{"id":37528,"date":"2025-04-30T10:19:58","date_gmt":"2025-04-30T10:19:58","guid":{"rendered":"https:\/\/new.igihe.com\/french\/Le-ministre-Nduhungirehe-salue-le-debut-du-retrait-des-troupes-de-la-SAMIDRC-de-37528\/"},"modified":"2025-05-02T10:07:46","modified_gmt":"2025-05-02T10:07:46","slug":"Le-ministre-Nduhungirehe-salue-le-debut-du-retrait-des-troupes-de-la-SAMIDRC-de","status":"publish","type":"post","link":"https:\/\/new.igihe.com\/french\/Le-ministre-Nduhungirehe-salue-le-debut-du-retrait-des-troupes-de-la-SAMIDRC-de\/","title":{"rendered":"Le ministre Nduhungirehe salue le d\u00e9but du retrait des troupes de la SAMIDRC de la RDC"},"content":{"rendered":"<p>\u00ab Le Rwanda assure un passage s\u00e9curis\u00e9 et escorte les convois de troupes et de mat\u00e9riel de la SAMIDRC se retirant de l\u2019est de la RDC et transitant par son territoire en direction de la Tanzanie. La pr\u00e9sence des troupes de la SAMIDRC a toujours \u00e9t\u00e9 un facteur de complication dans le conflit, et le d\u00e9but de leur retrait aujourd\u2019hui marque un pas positif en soutien au processus de paix en cours \u00bb, a indiqu\u00e9 le ministre Nduhungirehe dans un message publi\u00e9 sur X.<\/p>\n<p>Ses propos font suite \u00e0 l\u2019annonce selon laquelle les troupes de la SAMIDRC ont entam\u00e9 leur retrait via le Rwanda ce 29 avril 2025.<\/p>\n<p>Les forces de la SADC, compos\u00e9es de soldats sud-africains, tanzaniens et malawites, ont lanc\u00e9 le processus par une v\u00e9rification officielle de documents \u00e0 La Corniche, principal poste-fronti\u00e8re entre le Rwanda et la RDC.<\/p>\n<p>Bien que le nombre exact de soldats impliqu\u00e9s dans cette phase n\u2019ait pas \u00e9t\u00e9 divulgu\u00e9, conform\u00e9ment \u00e0 la demande de la SADC pour des raisons de discr\u00e9tion op\u00e9rationnelle, environ sept camions transportant du mat\u00e9riel militaire ont \u00e9t\u00e9 observ\u00e9s, escort\u00e9s par des v\u00e9hicules transportant des responsables charg\u00e9s de superviser l\u2019op\u00e9ration.<\/p>\n<p>Cette premi\u00e8re \u00e9tape se concentre principalement sur le rapatriement du mat\u00e9riel militaire, escort\u00e9 par un contingent r\u00e9duit de troupes. Des groupes plus importants sont attendus lors des phases suivantes.<\/p>\n<p>Les troupes ont emprunt\u00e9 l&#8217;itin\u00e9raire Rubavu\u2013Kigali\u2013Rusumo, en direction du district de Chato, dans le nord-ouest de la Tanzanie.<\/p>\n<p>Les forces de la SADC avaient \u00e9t\u00e9 d\u00e9ploy\u00e9es en d\u00e9cembre 2023 pour soutenir l\u2019arm\u00e9e congolaise dans sa lutte contre la coalition AFC\/M23. Toutefois, d\u00e8s janvier 2025, elles ont enregistr\u00e9 plusieurs revers, notamment la perte de zones telles que Sake et Goma.<\/p>\n<p>Un sommet extraordinaire des dirigeants de la SADC et de la Communaut\u00e9 de l\u2019Afrique de l\u2019Est (CAE), qui s\u2019est tenu en Tanzanie le 8 f\u00e9vrier 2025, a conclu qu&#8217;un dialogue politique \u00e9tait la voie la plus appropri\u00e9e pour r\u00e9soudre le conflit dans l&#8217;est de la RDC et dans la r\u00e9gion.<\/p>\n<p>\u00c0 l&#8217;issue de cette rencontre, les dirigeants de la SADC ont d\u00e9cid\u00e9, le 13 mars dernier, la fin de la mission et le retrait progressif des troupes.<\/p>\n<p>Les projets initiaux de rapatriement via l\u2019a\u00e9roport international de Goma ont \u00e9t\u00e9 abandonn\u00e9s apr\u00e8s le rejet de la proposition par l\u2019AFC\/M23, en raison des destructions inflig\u00e9es \u00e0 l\u2019a\u00e9roport lors des affrontements avec les forces gouvernementales congolaises<\/p>\n<p>\u00c0 la suite de l\u2019\u00e9chec des n\u00e9gociations, la SADC a obtenu l\u2019accord du Rwanda pour faciliter un retrait par voie terrestre, garantissant ainsi une sortie s\u00e9curis\u00e9e et ordonn\u00e9e par le territoire rwandais<\/p>\n<figure class=\"spip-document spip-document-60557 aligncenter\"><img decoding=\"async\" src=\"https:\/\/fr.igihe.com\/IMG\/jpg\/s1-7.jpg\" alt=\"Olivier Nduhungirehe a salu\u00e9 le d\u00e9but du retrait des troupes de la SAMIDRC de la RDC\" \/><\/figure>\n<figure class=\"spip-document spip-document-60556 aligncenter\"><img decoding=\"async\" src=\"https:\/\/fr.igihe.com\/IMG\/jpg\/s2-6.jpg\" alt=\"Le ministre Nduhungirehe a qualifi\u00e9 de \u00ab pas positif \u00bb vers la paix, le processus\" \/><\/figure>\n<p><doc60555|center><\/p>\n<figure class=\"spip-document spip-document-60554 aligncenter\"><img decoding=\"async\" src=\"https:\/\/fr.igihe.com\/IMG\/jpg\/s4-4.jpg\" alt=\"Les troupes de la SAMIDRC ont entam\u00e9 leur retrait via le Rwanda ce 29 avril 2025\" \/><\/figure>\n","protected":false},"excerpt":{"rendered":"<p>Le ministre des Affaires \u00e9trang\u00e8res et de la Coop\u00e9ration internationale, Olivier Nduhungirehe, a salu\u00e9 le d\u00e9but du retrait des troupes de la Mission de la Communaut\u00e9 de d\u00e9veloppement de l\u2019Afrique australe (SAMIDRC) de la R\u00e9publique d\u00e9mocratique du Congo, le qualifiant de \u00ab pas positif \u00bb vers la paix.<\/p>\n","protected":false},"author":488,"featured_media":4000060553,"comment_status":"open","ping_status":"open","sticky":false,"template":"","format":"standard","meta":{"footnotes":""},"categories":[7544],"tags":[7605],"byline":[7717],"hashtag":[],"class_list":["post-37528","post","type-post","status-publish","format-standard","has-post-thumbnail","hentry","category-politique","tag-homenews","byline-igihe"],"bylines":[{"id":7717,"name":"IGIHE","slug":"igihe","description":"","image":{"id":0,"url":"https:\/\/secure.gravatar.com\/avatar\/?s=96&d=mm&f=y&r=g","alt":"Default avatar","title":"Default avatar","caption":"","mime_type":"image\/jpeg","sizes":[]},"user_id":393}],"contributors":[{"id":7717,"name":"IGIHE","slug":"igihe","description":"","image":{"id":0,"url":"https:\/\/secure.gravatar.com\/avatar\/?s=96&d=mm&f=y&r=g","alt":"Default avatar","title":"Default avatar","caption":"","mime_type":"image\/jpeg","sizes":[]},"user_id":393}],"featured_image":{"id":4000060553,"url":"https:\/\/fr-images.igihe.com\/IMG\/logo\/s4_cp.jpg","alt":"","caption":"","mime_type":"image\/jpeg","width":0,"height":0,"sizes":{"thumbnail":{"url":"https:\/\/fr-images.igihe.com\/IMG\/logo\/s4_cp.jpg","width":1,"height":1},"medium":{"url":"https:\/\/fr-images.igihe.com\/IMG\/logo\/s4_cp.jpg","width":1,"height":1},"medium_large":{"url":"https:\/\/fr-images.igihe.com\/IMG\/logo\/s4_cp.jpg","width":1,"height":1},"large":{"url":"https:\/\/fr-images.igihe.com\/IMG\/logo\/s4_cp.jpg","width":1,"height":1},"full":{"url":"https:\/\/fr-images.igihe.com\/IMG\/logo\/s4_cp.jpg","width":0,"height":0}}},"_links":{"self":[{"href":"https:\/\/new.igihe.com\/french\/wp-json\/wp\/v2\/posts\/37528","targetHints":{"allow":["GET"]}}],"collection":[{"href":"https:\/\/new.igihe.com\/french\/wp-json\/wp\/v2\/posts"}],"about":[{"href":"https:\/\/new.igihe.com\/french\/wp-json\/wp\/v2\/types\/post"}],"author":[{"embeddable":true,"href":"https:\/\/new.igihe.com\/french\/wp-json\/wp\/v2\/users\/488"}],"replies":[{"embeddable":true,"href":"https:\/\/new.igihe.com\/french\/wp-json\/wp\/v2\/comments?post=37528"}],"version-history":[{"count":0,"href":"https:\/\/new.igihe.com\/french\/wp-json\/wp\/v2\/posts\/37528\/revisions"}],"wp:featuredmedia":[{"embeddable":true,"href":"https:\/\/new.igihe.com\/french\/wp-json\/wp\/v2\/media\/4000060553"}],"wp:attachment":[{"href":"https:\/\/new.igihe.com\/french\/wp-json\/wp\/v2\/media?parent=37528"}],"wp:term":[{"taxonomy":"category","embeddable":true,"href":"https:\/\/new.igihe.com\/french\/wp-json\/wp\/v2\/categories?post=37528"},{"taxonomy":"post_tag","embeddable":true,"href":"https:\/\/new.igihe.com\/french\/wp-json\/wp\/v2\/tags?post=37528"},{"taxonomy":"byline","embeddable":true,"href":"https:\/\/new.igihe.com\/french\/wp-json\/wp\/v2\/byline?post=37528"},{"taxonomy":"hashtag","embeddable":true,"href":"https:\/\/new.igihe.com\/french\/wp-json\/wp\/v2\/hashtag?post=37528"}],"curies":[{"name":"wp","href":"https:\/\/api.w.org\/{rel}","templated":true}]}}