{"id":37524,"date":"2025-04-29T18:16:39","date_gmt":"2025-04-29T18:16:39","guid":{"rendered":"https:\/\/new.igihe.com\/french\/Namur-preserve-la-commemoration-du-genocide-contre-les-Tutsi-de-toute-37524\/"},"modified":"2025-04-30T09:09:52","modified_gmt":"2025-04-30T09:09:52","slug":"Namur-preserve-la-commemoration-du-genocide-contre-les-Tutsi-de-toute","status":"publish","type":"post","link":"https:\/\/new.igihe.com\/french\/Namur-preserve-la-commemoration-du-genocide-contre-les-Tutsi-de-toute\/","title":{"rendered":"Namur pr\u00e9serve la comm\u00e9moration du g\u00e9nocide contre les Tutsi de toute instrumentalisation politique"},"content":{"rendered":"<p>La c\u00e9r\u00e9monie de comm\u00e9moration s\u2019est d\u00e9roul\u00e9e en pr\u00e9sence de Twagira Mutabazi Eug\u00e8ne, pr\u00e9sident d\u2019Ibuka-M\u00e9moire et Justice-Belgique, de Gakuba Ernest, pr\u00e9sident de la diaspora rwandaise en Belgique, et de Karugarama Lionel, repr\u00e9sentant de la diaspora rwandaise dans la ville de Namur.<\/p>\n<p>D\u2019autres responsables d\u2019organisations rwandaises, ainsi que leurs amis venus de diverses villes belges, \u00e9taient \u00e9galement pr\u00e9sents, aux c\u00f4t\u00e9s de Beno\u00eet Malisoux, repr\u00e9sentant de la ville de Namur.<\/p>\n<p>{{Diff\u00e9rence avec d&#8217;autres villes}}<\/p>\n<p>La comm\u00e9moration organis\u00e9e \u00e0 Namur s\u2019inscrivait dans la continuit\u00e9 d\u2019autres c\u00e9r\u00e9monies tenues \u00e0 travers la Belgique. Toutefois, dans plusieurs villes, aucun responsable belge n\u2019a pris part aux \u00e9v\u00e9nements, en raison notamment des tensions politiques persistantes entre la Belgique et le Rwanda \u2014 comme ce fut le cas \u00e0 Li\u00e8ge, le 12 avril 2024.<\/p>\n<p>\u00c0 cette occasion, Anne Marie Ikirizaboro, l\u2019une des organisatrices, avait vivement critiqu\u00e9 l\u2019attitude des autorit\u00e9s belges, affirmant que la direction de la ville de Li\u00e8ge avait d\u00e9clin\u00e9 l\u2019invitation en invoquant le conflit dans l\u2019est de la R\u00e9publique D\u00e9mocratique du Congo (RDC), un facteur ayant contribu\u00e9 \u00e0 la d\u00e9t\u00e9rioration des relations diplomatiques entre les deux pays.<\/p>\n<p>Elle a interrog\u00e9 la v\u00e9ritable port\u00e9e de l\u2019expression \u00ab Plus jamais \u00bb, souvent r\u00e9p\u00e9t\u00e9e, en se demandant si elle conservait encore sa signification ou si elle \u00e9tait en train de perdre tout son sens, avertissant que cette n\u00e9gligence pourrait entra\u00eener des cons\u00e9quences tragiques.<\/p>\n<p>{{Namur a choisi une autre voie}}<\/p>\n<p>La c\u00e9r\u00e9monie de comm\u00e9moration \u00e0 Namur a d\u00e9but\u00e9 au M\u00e9morial du G\u00e9nocide situ\u00e9 \u00e0 MusAfrica, un centre d\u00e9di\u00e9 \u00e0 la m\u00e9moire historique africaine.<\/p>\n<p>Beno\u00eet Malisoux, repr\u00e9sentant de la ville, a chaleureusement remerci\u00e9 les organisateurs de l\u2019\u00e9v\u00e9nement, soulignant que le g\u00e9nocide contre les Tutsi en 1994 constitue une trag\u00e9die qui interpelle l\u2019ensemble de l\u2019humanit\u00e9.<\/p>\n<p>Malisoux a expliqu\u00e9 qu\u2019\u00e0 Namur, toute tentative de politisation du souvenir du g\u00e9nocide contre les Tutsi a \u00e9t\u00e9 fermement rejet\u00e9e, soulignant que cette m\u00e9moire doit demeurer un hommage sinc\u00e8re aux victimes, \u00e0 l\u2019abri de toute instrumentalisation politique.<\/p>\n<p>\u00ab Ce que nous faisons ici n\u2019est ni une simple r\u00e9action \u00e0 l\u2019actualit\u00e9, ni une prise de position diplomatique : c\u2019est un acte de m\u00e9moire historique, de transmission, de condamnation \u2014 une exigence de respect envers les victimes \u00bb, a-t-il d\u00e9clar\u00e9.<\/p>\n<p>\u00ab Je tiens \u00e0 le rappeler avec force : le devoir de m\u00e9moire est inconditionnel. Il transcende les circonstances du moment ; il nous impose fermet\u00e9 et courage \u00bb, a d\u00e9clar\u00e9 Malisoux.<\/p>\n<p>Pour sa part, Twagira Mutabazi Eug\u00e8ne, pr\u00e9sident d&#8217;Ibuka-M\u00e9moire et Justice-Belgique, a soulign\u00e9 que le g\u00e9nocide contre les Tutsi trouve ses racines dans les divisions ethniques instaur\u00e9es par le r\u00e9gime colonial.<\/p>\n<p>\u00ab Nous sommes r\u00e9unis ici pour honorer la m\u00e9moire de nos proches massacr\u00e9s lors du g\u00e9nocide contre les Tutsi. Plus d\u2019un million de personnes ont \u00e9t\u00e9 extermin\u00e9es, parmi elles des nourrissons, des enfants et des personnes \u00e2g\u00e9es. \u00bb<\/p>\n<p>\u00ab Cette haine a \u00e9t\u00e9 aliment\u00e9e par les divisions introduites par les colonisateurs et les missionnaires, qui ont instaur\u00e9 un clivage ethnique afin de mieux asseoir leur pouvoir \u00bb, a-t-il d\u00e9clar\u00e9.<\/p>\n<p>Mutabazi a \u00e9galement lanc\u00e9 un appel en faveur du rapatriement des restes du roi Yuhi V Musinga, conserv\u00e9s depuis 81 ans dans un mus\u00e9e belge, afin qu\u2019ils puissent reposer sur sa terre natale.<\/p>\n<p>De son c\u00f4t\u00e9, Tessa Bwandinga s\u2019est r\u00e9jouie de la pr\u00e9sence des autorit\u00e9s de Namur et a soulign\u00e9 que le devoir de m\u00e9moire est essentiel pour transmettre l\u2019histoire aux jeunes g\u00e9n\u00e9rations, afin que de tels \u00e9v\u00e9nements ne se reproduisent jamais.<\/p>\n<p>\u00ab Nous sommes ici pour montrer aux jeunes une voie meilleure, \u00e0 l\u2019oppos\u00e9 de l\u2019histoire douloureuse qu\u2019a travers\u00e9e le Rwanda. Nous nous souvenons \u00e9galement des dix casques bleus belges tu\u00e9s \u00e0 Kigali le 7 avril 1994. Se souvenir, c\u2019est refuser le silence et d\u00e9noncer ceux qui cherchent \u00e0 falsifier la v\u00e9rit\u00e9 \u00bb, a-t-elle d\u00e9clar\u00e9.<\/p>\n<p>Kevin Rubayiza, qui a livr\u00e9 un t\u00e9moignage \u00e9mouvant, a \u00e9voqu\u00e9 les d\u00e9fis rencontr\u00e9s par les enfants n\u00e9s de survivants du g\u00e9nocide \u2014 grandissant sans famille \u00e9largie, mais puisant leur force et leur r\u00e9silience dans l\u2019amour et le courage de leurs parents.<\/p>\n<p>L&#8217;\u00e9v\u00e9nement a \u00e9galement \u00e9t\u00e9 marqu\u00e9 par des conf\u00e9rences sur la sant\u00e9 mentale, anim\u00e9es par Umutoni Rwampungu Annick et Rwayitare Jacqueline. Ces conf\u00e9rences ont abord\u00e9 la vie apr\u00e8s le g\u00e9nocide et le parcours psychologique des survivants.<\/p>\n<p>En parall\u00e8le, la Belgique avait d\u2019abord tent\u00e9 de bloquer les c\u00e9r\u00e9monies de comm\u00e9moration \u00e0 Li\u00e8ge et \u00e0 Bruges, alors que le Rwanda se pr\u00e9parait \u00e0 marquer le 31e anniversaire du g\u00e9nocide. Toutefois, les \u00e9v\u00e9nements ont pu se tenir.<\/p>\n<p>Cette situation est survenue apr\u00e8s la mise en garde de Jean-Damasc\u00e8ne Bizimana, ministre rwandais de l&#8217;Unit\u00e9 nationale et de l&#8217;Engagement citoyen, \u00e0 l&#8217;\u00e9gard de la Belgique, soulignant que l&#8217;emp\u00eachement officiel de la comm\u00e9moration du g\u00e9nocide de 1994 contre les Tutsi constituerait une violation de ses obligations internationales.<\/p>\n<figure class=\"spip-document spip-document-60464 aligncenter\"><img decoding=\"async\" src=\"https:\/\/fr.igihe.com\/IMG\/jpg\/n1.jpg\" alt=\"Beno\u00eet Malisoux, repr\u00e9sentant de la ville, a sinc\u00e8rement remerci\u00e9 les organisateurs de l&#039;\u00e9v\u00e9nement et a soulign\u00e9 que le g\u00e9nocide de 1994 contre les Tutsi concerne toute l&#039;humanit\u00e9\" \/><\/figure>\n<figure class=\"spip-document spip-document-60463 aligncenter\"><img decoding=\"async\" src=\"https:\/\/fr.igihe.com\/IMG\/jpg\/n2.jpg\" alt=\"Twagira Mutabazi Eug\u00e8ne, Pr\u00e9sident d&#039;Ibuka-M\u00e9moire et Justice-Belgique, a d\u00e9clar\u00e9 que le g\u00e9nocide contre les Tutsi \u00e9tait enracin\u00e9 dans les divisions introduites pendant la colonisation\" \/><\/figure>\n<figure class=\"spip-document spip-document-60462 aligncenter\"><img decoding=\"async\" src=\"https:\/\/fr.igihe.com\/IMG\/jpg\/n4.jpg\" alt=\"Rugumire Philbert a facilit\u00e9 le d\u00e9roulement des activit\u00e9s\" \/><\/figure>\n<figure class=\"spip-document spip-document-60461 aligncenter\"><img decoding=\"async\" src=\"https:\/\/fr.igihe.com\/IMG\/jpg\/n3.jpg\" alt=\"Kevin Rubayiza, qui a partag\u00e9 un t\u00e9moignage, a \u00e9voqu\u00e9 les d\u00e9fis des enfants n\u00e9s de survivants du g\u00e9nocide, grandissant sans famille \u00e9largie mais puisant leur force aupr\u00e8s de leurs parents\" \/><\/figure>\n<figure class=\"spip-document spip-document-60460 aligncenter\"><img decoding=\"async\" src=\"https:\/\/fr.igihe.com\/IMG\/jpg\/n5.jpg\" alt=\"Tessa Bwandinga a appr\u00e9ci\u00e9 la participation des dirigeants de Namur et a soulign\u00e9 que le souvenir est important pour enseigner aux jeunes g\u00e9n\u00e9rations l&#039;histoire afin qu&#039;elle ne se r\u00e9p\u00e8te jamais\" \/><\/figure>\n<figure class=\"spip-document spip-document-60459 aligncenter\"><img decoding=\"async\" src=\"https:\/\/fr.igihe.com\/IMG\/jpg\/n6.jpg\" alt=\"La c\u00e9r\u00e9monie de comm\u00e9moration \u00e0 Namur a d\u00e9but\u00e9 au M\u00e9morial du G\u00e9nocide situ\u00e9 \u00e0 MusAfrica, un centre de m\u00e9moire historique africaine\" \/><\/figure>\n<figure class=\"spip-document spip-document-60458 aligncenter\"><img decoding=\"async\" src=\"https:\/\/fr.igihe.com\/IMG\/jpg\/n7.jpg\" alt=\"La ville de Namur s&#039;est jointe aux Rwandais pour comm\u00e9morer le 31e anniversaire du g\u00e9nocide contre les Tutsi\" \/><\/figure>\n<figure class=\"spip-document spip-document-60457 aligncenter\"><img decoding=\"async\" src=\"https:\/\/fr.igihe.com\/IMG\/jpg\/n8.jpg\" alt=\"L&#039;\u00e9v\u00e9nement a inclus des conf\u00e9rences sur la sant\u00e9 mentale anim\u00e9es par Umutoni Rwampungu (\u00e0 droite) Annick et Rwayitare Jacqueline (\u00e0 gauche)\" \/><\/figure>\n<figure class=\"spip-document spip-document-60481 aligncenter\"><img decoding=\"async\" src=\"https:\/\/fr.igihe.com\/IMG\/jpg\/n9.jpg\" alt=\"\" \/><\/figure>\n<figure class=\"spip-document spip-document-60480 aligncenter\"><img decoding=\"async\" src=\"https:\/\/fr.igihe.com\/IMG\/jpg\/n11.jpg\" alt=\"\" \/><\/figure>\n<figure class=\"spip-document spip-document-60479 aligncenter\"><img decoding=\"async\" src=\"https:\/\/fr.igihe.com\/IMG\/jpg\/n10.jpg\" alt=\"\" \/><\/figure>\n<figure class=\"spip-document spip-document-60478 aligncenter\"><img decoding=\"async\" src=\"https:\/\/fr.igihe.com\/IMG\/jpg\/n13.jpg\" alt=\"\" \/><\/figure>\n<figure class=\"spip-document spip-document-60477 aligncenter\"><img decoding=\"async\" src=\"https:\/\/fr.igihe.com\/IMG\/jpg\/n12.jpg\" alt=\"\" \/><\/figure>\n<figure class=\"spip-document spip-document-60476 aligncenter\"><img decoding=\"async\" src=\"https:\/\/fr.igihe.com\/IMG\/jpg\/n15.jpg\" alt=\"\" \/><\/figure>\n<figure class=\"spip-document spip-document-60475 aligncenter\"><img decoding=\"async\" src=\"https:\/\/fr.igihe.com\/IMG\/jpg\/n14.jpg\" alt=\"\" \/><\/figure>\n<figure class=\"spip-document spip-document-60474 aligncenter\"><img decoding=\"async\" src=\"https:\/\/fr.igihe.com\/IMG\/jpg\/n16.jpg\" alt=\"\" \/><\/figure>\n<figure class=\"spip-document spip-document-60473 aligncenter\"><img decoding=\"async\" src=\"https:\/\/fr.igihe.com\/IMG\/jpg\/n17.jpg\" alt=\"\" \/><\/figure>\n<figure class=\"spip-document spip-document-60472 aligncenter\"><img decoding=\"async\" src=\"https:\/\/fr.igihe.com\/IMG\/jpg\/n18.jpg\" alt=\"\" \/><\/figure>\n<figure class=\"spip-document spip-document-60471 aligncenter\"><img decoding=\"async\" src=\"https:\/\/fr.igihe.com\/IMG\/jpg\/n19.jpg\" alt=\"\" \/><\/figure>\n<figure class=\"spip-document spip-document-60470 aligncenter\"><img decoding=\"async\" src=\"https:\/\/fr.igihe.com\/IMG\/jpg\/n20.jpg\" alt=\"\" \/><\/figure>\n<figure class=\"spip-document spip-document-60469 aligncenter\"><img decoding=\"async\" src=\"https:\/\/fr.igihe.com\/IMG\/jpg\/n21.jpg\" alt=\"\" \/><\/figure>\n<figure class=\"spip-document spip-document-60468 aligncenter\"><img decoding=\"async\" src=\"https:\/\/fr.igihe.com\/IMG\/jpg\/n22.jpg\" alt=\"\" \/><\/figure>\n<figure class=\"spip-document spip-document-60467 aligncenter\"><img decoding=\"async\" src=\"https:\/\/fr.igihe.com\/IMG\/jpg\/n23.jpg\" alt=\"\" \/><\/figure>\n<figure class=\"spip-document spip-document-60466 aligncenter\"><img decoding=\"async\" src=\"https:\/\/fr.igihe.com\/IMG\/jpg\/n25.jpg\" alt=\"\" \/><\/figure>\n<figure class=\"spip-document spip-document-60465 aligncenter\"><img decoding=\"async\" src=\"https:\/\/fr.igihe.com\/IMG\/jpg\/n24.jpg\" alt=\"\" \/><\/figure>\n<figure class=\"spip-document spip-document-60496 aligncenter\"><img decoding=\"async\" src=\"https:\/\/fr.igihe.com\/IMG\/jpg\/n26.jpg\" alt=\"\" \/><\/figure>\n<figure class=\"spip-document spip-document-60495 aligncenter\"><img decoding=\"async\" src=\"https:\/\/fr.igihe.com\/IMG\/jpg\/n27.jpg\" alt=\"\" \/><\/figure>\n<figure class=\"spip-document spip-document-60494 aligncenter\"><img decoding=\"async\" src=\"https:\/\/fr.igihe.com\/IMG\/jpg\/n28.jpg\" alt=\"\" \/><\/figure>\n<figure class=\"spip-document spip-document-60493 aligncenter\"><img decoding=\"async\" src=\"https:\/\/fr.igihe.com\/IMG\/jpg\/n30.jpg\" alt=\"\" \/><\/figure>\n<figure class=\"spip-document spip-document-60492 aligncenter\"><img decoding=\"async\" src=\"https:\/\/fr.igihe.com\/IMG\/jpg\/n29.jpg\" alt=\"\" \/><\/figure>\n<figure class=\"spip-document spip-document-60491 aligncenter\"><img decoding=\"async\" src=\"https:\/\/fr.igihe.com\/IMG\/jpg\/n31.jpg\" alt=\"\" \/><\/figure>\n<figure class=\"spip-document spip-document-60490 aligncenter\"><img decoding=\"async\" src=\"https:\/\/fr.igihe.com\/IMG\/jpg\/n32.jpg\" alt=\"\" \/><\/figure>\n<figure class=\"spip-document spip-document-60489 aligncenter\"><img decoding=\"async\" src=\"https:\/\/fr.igihe.com\/IMG\/jpg\/n33.jpg\" alt=\"\" \/><\/figure>\n<figure class=\"spip-document spip-document-60488 aligncenter\"><img decoding=\"async\" src=\"https:\/\/fr.igihe.com\/IMG\/jpg\/n34.jpg\" alt=\"\" \/><\/figure>\n<figure class=\"spip-document spip-document-60487 aligncenter\"><img decoding=\"async\" src=\"https:\/\/fr.igihe.com\/IMG\/jpg\/n35.jpg\" alt=\"\" \/><\/figure>\n<figure class=\"spip-document spip-document-60486 aligncenter\"><img decoding=\"async\" src=\"https:\/\/fr.igihe.com\/IMG\/jpg\/n37.jpg\" alt=\"\" \/><\/figure>\n<figure class=\"spip-document spip-document-60485 aligncenter\"><img decoding=\"async\" src=\"https:\/\/fr.igihe.com\/IMG\/jpg\/n36.jpg\" alt=\"\" \/><\/figure>\n<figure class=\"spip-document spip-document-60484 aligncenter\"><img decoding=\"async\" src=\"https:\/\/fr.igihe.com\/IMG\/jpg\/n38.jpg\" alt=\"\" \/><\/figure>\n<figure class=\"spip-document spip-document-60483 aligncenter\"><img decoding=\"async\" src=\"https:\/\/fr.igihe.com\/IMG\/jpg\/n40.jpg\" alt=\"\" \/><\/figure>\n<figure class=\"spip-document spip-document-60482 aligncenter\"><img decoding=\"async\" src=\"https:\/\/fr.igihe.com\/IMG\/jpg\/n39.jpg\" alt=\"\" \/><\/figure>\n<figure class=\"spip-document spip-document-60518 aligncenter\"><img decoding=\"async\" src=\"https:\/\/fr.igihe.com\/IMG\/jpg\/n41.jpg\" alt=\"\" \/><\/figure>\n<figure class=\"spip-document spip-document-60517 aligncenter\"><img decoding=\"async\" src=\"https:\/\/fr.igihe.com\/IMG\/jpg\/n42.jpg\" alt=\"\" \/><\/figure>\n<figure class=\"spip-document spip-document-60516 aligncenter\"><img decoding=\"async\" src=\"https:\/\/fr.igihe.com\/IMG\/jpg\/n43.jpg\" alt=\"\" \/><\/figure>\n<figure class=\"spip-document spip-document-60515 aligncenter\"><img decoding=\"async\" src=\"https:\/\/fr.igihe.com\/IMG\/jpg\/n44.jpg\" alt=\"\" \/><\/figure>\n<figure class=\"spip-document spip-document-60514 aligncenter\"><img decoding=\"async\" src=\"https:\/\/fr.igihe.com\/IMG\/jpg\/n45.jpg\" alt=\"\" \/><\/figure>\n<figure class=\"spip-document spip-document-60513 aligncenter\"><img decoding=\"async\" src=\"https:\/\/fr.igihe.com\/IMG\/jpg\/n46.jpg\" alt=\"\" \/><\/figure>\n<figure class=\"spip-document spip-document-60512 aligncenter\"><img decoding=\"async\" src=\"https:\/\/fr.igihe.com\/IMG\/jpg\/n47.jpg\" alt=\"\" \/><\/figure>\n<figure class=\"spip-document spip-document-60511 aligncenter\"><img decoding=\"async\" src=\"https:\/\/fr.igihe.com\/IMG\/jpg\/n49.jpg\" alt=\"\" \/><\/figure>\n<figure class=\"spip-document spip-document-60510 aligncenter\"><img decoding=\"async\" src=\"https:\/\/fr.igihe.com\/IMG\/jpg\/n48.jpg\" alt=\"\" \/><\/figure>\n<figure class=\"spip-document spip-document-60509 aligncenter\"><img decoding=\"async\" src=\"https:\/\/fr.igihe.com\/IMG\/jpg\/n50.jpg\" alt=\"\" \/><\/figure>\n<figure class=\"spip-document spip-document-60508 aligncenter\"><img decoding=\"async\" src=\"https:\/\/fr.igihe.com\/IMG\/jpg\/n51.jpg\" alt=\"\" \/><\/figure>\n<figure class=\"spip-document spip-document-60507 aligncenter\"><img decoding=\"async\" src=\"https:\/\/fr.igihe.com\/IMG\/jpg\/n52.jpg\" alt=\"\" \/><\/figure>\n<figure class=\"spip-document spip-document-60506 aligncenter\"><img decoding=\"async\" src=\"https:\/\/fr.igihe.com\/IMG\/jpg\/n53.jpg\" alt=\"\" \/><\/figure>\n<figure class=\"spip-document spip-document-60505 aligncenter\"><img decoding=\"async\" src=\"https:\/\/fr.igihe.com\/IMG\/jpg\/n54.jpg\" alt=\"\" \/><\/figure>\n<figure class=\"spip-document spip-document-60504 aligncenter\"><img decoding=\"async\" src=\"https:\/\/fr.igihe.com\/IMG\/jpg\/n55.jpg\" alt=\"\" \/><\/figure>\n<figure class=\"spip-document spip-document-60503 aligncenter\"><img decoding=\"async\" src=\"https:\/\/fr.igihe.com\/IMG\/jpg\/n57.jpg\" alt=\"\" \/><\/figure>\n<figure class=\"spip-document spip-document-60502 aligncenter\"><img decoding=\"async\" src=\"https:\/\/fr.igihe.com\/IMG\/jpg\/n56.jpg\" alt=\"Karugarama Lionel, pr\u00e9sident de la diaspora rwandaise dans la ville de Namur\" \/><\/figure>\n<figure class=\"spip-document spip-document-60501 aligncenter\"><img decoding=\"async\" src=\"https:\/\/fr.igihe.com\/IMG\/jpg\/n58.jpg\" alt=\"\" \/><\/figure>\n<figure class=\"spip-document spip-document-60500 aligncenter\"><img decoding=\"async\" src=\"https:\/\/fr.igihe.com\/IMG\/jpg\/n59.jpg\" alt=\"\" \/><\/figure>\n<figure class=\"spip-document spip-document-60499 aligncenter\"><img decoding=\"async\" src=\"https:\/\/fr.igihe.com\/IMG\/jpg\/n60.jpg\" alt=\"\" \/><\/figure>\n<figure class=\"spip-document spip-document-60498 aligncenter\"><img decoding=\"async\" src=\"https:\/\/fr.igihe.com\/IMG\/jpg\/n62.jpg\" alt=\"Innocent Mugwaneza a interpr\u00e9t\u00e9 des chansons de comm\u00e9moration lors de l&#039;\u00e9v\u00e9nement\" \/><\/figure>\n<figure class=\"spip-document spip-document-60497 aligncenter\"><img decoding=\"async\" src=\"https:\/\/fr.igihe.com\/IMG\/jpg\/n61.jpg\" alt=\"\" \/><\/figure>\n<p>{{Photos : Jessica Rutayisire et Emmy Uwimana}}<\/p>\n<p>{{karirima@igihe.com}}<\/p>\n","protected":false},"excerpt":{"rendered":"<p>Les autorit\u00e9s de la ville de Namur, en Belgique, se sont jointes aux Rwandais de la r\u00e9gion pour comm\u00e9morer, le samedi 26 avril 2025, le 31e anniversaire du g\u00e9nocide de 1994 contre les Tutsi, rappelant que le devoir de m\u00e9moire concerne toute l\u2019humanit\u00e9 et que ce g\u00e9nocide ne doit jamais servir d&#8217;instrument politique.<\/p>\n","protected":false},"author":488,"featured_media":4000060519,"comment_status":"open","ping_status":"open","sticky":false,"template":"","format":"standard","meta":{"footnotes":""},"categories":[7542],"tags":[7605],"byline":[7705],"hashtag":[],"class_list":["post-37524","post","type-post","status-publish","format-standard","has-post-thumbnail","hentry","category-art-de-vivre","tag-homenews","byline-karirima-a-ngarambe"],"bylines":[{"id":7705,"name":"Karirima.A.Ngarambe","slug":"karirima-a-ngarambe","description":"","image":{"id":0,"url":"https:\/\/secure.gravatar.com\/avatar\/?s=96&d=mm&f=y&r=g","alt":"Default avatar","title":"Default avatar","caption":"","mime_type":"image\/jpeg","sizes":[]},"user_id":null}],"contributors":[{"id":7705,"name":"Karirima.A.Ngarambe","slug":"karirima-a-ngarambe","description":"","image":{"id":0,"url":"https:\/\/secure.gravatar.com\/avatar\/?s=96&d=mm&f=y&r=g","alt":"Default avatar","title":"Default avatar","caption":"","mime_type":"image\/jpeg","sizes":[]},"user_id":null}],"featured_image":{"id":4000060519,"url":"https:\/\/fr-images.igihe.com\/IMG\/logo\/cp-46.jpg","alt":"","caption":"","mime_type":"image\/jpeg","width":0,"height":0,"sizes":{"thumbnail":{"url":"https:\/\/fr-images.igihe.com\/IMG\/logo\/cp-46.jpg","width":1,"height":1},"medium":{"url":"https:\/\/fr-images.igihe.com\/IMG\/logo\/cp-46.jpg","width":1,"height":1},"medium_large":{"url":"https:\/\/fr-images.igihe.com\/IMG\/logo\/cp-46.jpg","width":1,"height":1},"large":{"url":"https:\/\/fr-images.igihe.com\/IMG\/logo\/cp-46.jpg","width":1,"height":1},"full":{"url":"https:\/\/fr-images.igihe.com\/IMG\/logo\/cp-46.jpg","width":0,"height":0}}},"_links":{"self":[{"href":"https:\/\/new.igihe.com\/french\/wp-json\/wp\/v2\/posts\/37524","targetHints":{"allow":["GET"]}}],"collection":[{"href":"https:\/\/new.igihe.com\/french\/wp-json\/wp\/v2\/posts"}],"about":[{"href":"https:\/\/new.igihe.com\/french\/wp-json\/wp\/v2\/types\/post"}],"author":[{"embeddable":true,"href":"https:\/\/new.igihe.com\/french\/wp-json\/wp\/v2\/users\/488"}],"replies":[{"embeddable":true,"href":"https:\/\/new.igihe.com\/french\/wp-json\/wp\/v2\/comments?post=37524"}],"version-history":[{"count":0,"href":"https:\/\/new.igihe.com\/french\/wp-json\/wp\/v2\/posts\/37524\/revisions"}],"wp:featuredmedia":[{"embeddable":true,"href":"https:\/\/new.igihe.com\/french\/wp-json\/wp\/v2\/media\/4000060519"}],"wp:attachment":[{"href":"https:\/\/new.igihe.com\/french\/wp-json\/wp\/v2\/media?parent=37524"}],"wp:term":[{"taxonomy":"category","embeddable":true,"href":"https:\/\/new.igihe.com\/french\/wp-json\/wp\/v2\/categories?post=37524"},{"taxonomy":"post_tag","embeddable":true,"href":"https:\/\/new.igihe.com\/french\/wp-json\/wp\/v2\/tags?post=37524"},{"taxonomy":"byline","embeddable":true,"href":"https:\/\/new.igihe.com\/french\/wp-json\/wp\/v2\/byline?post=37524"},{"taxonomy":"hashtag","embeddable":true,"href":"https:\/\/new.igihe.com\/french\/wp-json\/wp\/v2\/hashtag?post=37524"}],"curies":[{"name":"wp","href":"https:\/\/api.w.org\/{rel}","templated":true}]}}