{"id":37522,"date":"2025-04-29T15:27:10","date_gmt":"2025-04-29T15:27:10","guid":{"rendered":"https:\/\/new.igihe.com\/french\/Les-troupes-de-la-SADC-entament-leur-retrait-de-la-RDC-par-le-Rwanda-37522\/"},"modified":"2025-05-01T15:06:13","modified_gmt":"2025-05-01T15:06:13","slug":"Les-troupes-de-la-SADC-entament-leur-retrait-de-la-RDC-par-le-Rwanda","status":"publish","type":"post","link":"https:\/\/new.igihe.com\/french\/Les-troupes-de-la-SADC-entament-leur-retrait-de-la-RDC-par-le-Rwanda\/","title":{"rendered":"Les troupes de la SADC entament leur retrait de la RDC par le Rwanda"},"content":{"rendered":"<p>Les forces de la SADC, compos\u00e9e de soldats d&#8217;Afrique du Sud, de Tanzanie et du Malawi, ont entam\u00e9 cette premi\u00e8re phase par une v\u00e9rification officielle de documents \u00e0 La Corniche, principal point de passage entre le Rwanda et la RDC.<\/p>\n<p>Bien que le nombre exact de troupes impliqu\u00e9es demeure confidentiel, \u00e0 la demande de la SADC pour des raisons de discr\u00e9tion, environ sept camions transportant du mat\u00e9riel militaire, accompagn\u00e9s de v\u00e9hicules plus l\u00e9gers et de responsables charg\u00e9s de la supervision, ont \u00e9t\u00e9 aper\u00e7us.<\/p>\n<p>Cette premi\u00e8re phase a consist\u00e9 \u00e0 rapatrier le mat\u00e9riel et \u00e0 accompagner un petit contingent de soldats, tandis que des groupes plus importants suivront dans les prochaines \u00e9tapes.<\/p>\n<p>Les troupes empruntent l&#8217;itin\u00e9raire Rubavu\u2013Kigali\u2013Rusumo en direction du district de Chato, dans le nord-ouest de la Tanzanie.<\/p>\n<p>D\u00e9ploy\u00e9es en d\u00e9cembre 2023 pour soutenir l&#8217;arm\u00e9e congolaise face \u00e0 la coalition AFC\/M23, les forces de la SADC ont rencontr\u00e9 des revers en janvier 2025, notamment par la perte de zones telles que Sake et Goma.<\/p>\n<p>Un sommet extraordinaire des dirigeants de la SADC et de la Communaut\u00e9 d&#8217;Afrique de l&#8217;Est, tenu en Tanzanie le 8 f\u00e9vrier 2025, a conclu qu&#8217;un dialogue politique repr\u00e9sentait la meilleure solution pour r\u00e9soudre le conflit en RDC. Cette d\u00e9cision a conduit les dirigeants de la SADC, le 13 mars 2025, \u00e0 mettre fin \u00e0 la mission militaire et \u00e0 ordonner un retrait progressif des troupes.<\/p>\n<p>Les projets d&#8217;utiliser l&#8217;a\u00e9roport international de Goma pour le rapatriement ont \u00e9t\u00e9 compromis lorsque la coalition AFC\/M23 a rejet\u00e9 la demande, invoquant les destructions caus\u00e9es par les forces congolaises lors de la bataille pour Goma.<\/p>\n<p>Apr\u00e8s des n\u00e9gociations infructueuses, la SADC a sollicit\u00e9 et obtenu l&#8217;aide du Rwanda pour organiser un retrait par voie terrestre.<\/p>\n<p>La semaine derni\u00e8re, le ministre des Affaires \u00e9trang\u00e8res et de la Coop\u00e9ration internationale, l&#8217;ambassadeur Olivier Nduhungirehe, avait confirm\u00e9 au journal IGIHE que le Rwanda avait accord\u00e9 le passage suite \u00e0 une demande officielle.<\/p>\n<figure class=\"spip-document spip-document-60456 aligncenter\"><img decoding=\"async\" src=\"https:\/\/fr.igihe.com\/IMG\/jpg\/sdc_1.jpg\" alt=\"L&#039;un des bateaux utilis\u00e9s par les troupes de la SADC sur le lac Kivu a \u00e9t\u00e9 achemin\u00e9 via le district de Rubavu\" \/><\/figure>\n<figure class=\"spip-document spip-document-60455 aligncenter\"><img decoding=\"async\" src=\"https:\/\/fr.igihe.com\/IMG\/jpg\/sdc_2.jpg\" alt=\"Environ sept camions transportant du mat\u00e9riel militaire, accompagn\u00e9s de v\u00e9hicules, ont \u00e9t\u00e9 observ\u00e9s\" \/><\/figure>\n<figure class=\"spip-document spip-document-60454 aligncenter\"><img decoding=\"async\" src=\"https:\/\/fr.igihe.com\/IMG\/jpg\/sdc_3.jpg\" alt=\"La phase initiale a inclus le mat\u00e9riel militaire et un petit contingent accompagnant\" \/><\/figure>\n<figure class=\"spip-document spip-document-60453 aligncenter\"><img decoding=\"async\" src=\"https:\/\/fr.igihe.com\/IMG\/jpg\/sdc_4.jpg\" alt=\"Les forces de la SADC ont rencontr\u00e9 des revers en janvier 2025, en perdant des zones comme Sake et Goma\" \/><\/figure>\n<figure class=\"spip-document spip-document-60452 aligncenter\"><img decoding=\"async\" src=\"https:\/\/fr.igihe.com\/IMG\/jpg\/sdc_5.jpg\" alt=\"Les troupes de la SADC ont \u00e9t\u00e9 d\u00e9ploy\u00e9es en d\u00e9cembre 2023 pour soutenir l&#039;arm\u00e9e congolaise contre la coalition AFC\/M23\" \/><\/figure>\n<figure class=\"spip-document spip-document-60451 aligncenter\"><img decoding=\"async\" src=\"https:\/\/fr.igihe.com\/IMG\/jpg\/sdc_7.jpg\" alt=\"Certains \u00e9quipements ont \u00e9t\u00e9 transport\u00e9s dans des containers\" \/><\/figure>\n<figure class=\"spip-document spip-document-60450 aligncenter\"><img decoding=\"async\" src=\"https:\/\/fr.igihe.com\/IMG\/jpg\/sdc_6.jpg\" alt=\"L&#039;unit\u00e9 de la Police militaire a escort\u00e9 les camions depuis le district de Rubavu\" \/><\/figure>\n","protected":false},"excerpt":{"rendered":"<p>Les troupes d\u00e9ploy\u00e9es dans le cadre de la mission de la Communaut\u00e9 de d\u00e9veloppement de l&#8217;Afrique australe (SADC) dans l&#8217;est de la R\u00e9publique D\u00e9mocratique du Congo ont entam\u00e9 leur retrait, passant par le Rwanda ce 29 avril 2025. <\/p>\n","protected":false},"author":488,"featured_media":4000060449,"comment_status":"open","ping_status":"open","sticky":false,"template":"","format":"standard","meta":{"footnotes":""},"categories":[7540],"tags":[7605],"byline":[7717],"hashtag":[],"class_list":["post-37522","post","type-post","status-publish","format-standard","has-post-thumbnail","hentry","category-securite","tag-homenews","byline-igihe"],"bylines":[{"id":7717,"name":"IGIHE","slug":"igihe","description":"","image":{"id":0,"url":"https:\/\/secure.gravatar.com\/avatar\/?s=96&d=mm&f=y&r=g","alt":"Default avatar","title":"Default avatar","caption":"","mime_type":"image\/jpeg","sizes":[]},"user_id":393}],"contributors":[{"id":7717,"name":"IGIHE","slug":"igihe","description":"","image":{"id":0,"url":"https:\/\/secure.gravatar.com\/avatar\/?s=96&d=mm&f=y&r=g","alt":"Default avatar","title":"Default avatar","caption":"","mime_type":"image\/jpeg","sizes":[]},"user_id":393}],"featured_image":{"id":4000060449,"url":"https:\/\/fr-images.igihe.com\/IMG\/logo\/sdc_3_cp.jpg","alt":"","caption":"","mime_type":"image\/jpeg","width":0,"height":0,"sizes":{"thumbnail":{"url":"https:\/\/fr-images.igihe.com\/IMG\/logo\/sdc_3_cp.jpg","width":1,"height":1},"medium":{"url":"https:\/\/fr-images.igihe.com\/IMG\/logo\/sdc_3_cp.jpg","width":1,"height":1},"medium_large":{"url":"https:\/\/fr-images.igihe.com\/IMG\/logo\/sdc_3_cp.jpg","width":1,"height":1},"large":{"url":"https:\/\/fr-images.igihe.com\/IMG\/logo\/sdc_3_cp.jpg","width":1,"height":1},"full":{"url":"https:\/\/fr-images.igihe.com\/IMG\/logo\/sdc_3_cp.jpg","width":0,"height":0}}},"_links":{"self":[{"href":"https:\/\/new.igihe.com\/french\/wp-json\/wp\/v2\/posts\/37522","targetHints":{"allow":["GET"]}}],"collection":[{"href":"https:\/\/new.igihe.com\/french\/wp-json\/wp\/v2\/posts"}],"about":[{"href":"https:\/\/new.igihe.com\/french\/wp-json\/wp\/v2\/types\/post"}],"author":[{"embeddable":true,"href":"https:\/\/new.igihe.com\/french\/wp-json\/wp\/v2\/users\/488"}],"replies":[{"embeddable":true,"href":"https:\/\/new.igihe.com\/french\/wp-json\/wp\/v2\/comments?post=37522"}],"version-history":[{"count":0,"href":"https:\/\/new.igihe.com\/french\/wp-json\/wp\/v2\/posts\/37522\/revisions"}],"wp:featuredmedia":[{"embeddable":true,"href":"https:\/\/new.igihe.com\/french\/wp-json\/wp\/v2\/media\/4000060449"}],"wp:attachment":[{"href":"https:\/\/new.igihe.com\/french\/wp-json\/wp\/v2\/media?parent=37522"}],"wp:term":[{"taxonomy":"category","embeddable":true,"href":"https:\/\/new.igihe.com\/french\/wp-json\/wp\/v2\/categories?post=37522"},{"taxonomy":"post_tag","embeddable":true,"href":"https:\/\/new.igihe.com\/french\/wp-json\/wp\/v2\/tags?post=37522"},{"taxonomy":"byline","embeddable":true,"href":"https:\/\/new.igihe.com\/french\/wp-json\/wp\/v2\/byline?post=37522"},{"taxonomy":"hashtag","embeddable":true,"href":"https:\/\/new.igihe.com\/french\/wp-json\/wp\/v2\/hashtag?post=37522"}],"curies":[{"name":"wp","href":"https:\/\/api.w.org\/{rel}","templated":true}]}}