{"id":37520,"date":"2025-04-29T14:45:38","date_gmt":"2025-04-29T14:45:38","guid":{"rendered":"https:\/\/new.igihe.com\/french\/Le-Rwanda-et-les-Etats-Unis-inaugurent-une-nouvelle-ere-de-diplomatie-concertee-37520\/"},"modified":"2025-05-01T11:09:35","modified_gmt":"2025-05-01T11:09:35","slug":"Le-Rwanda-et-les-Etats-Unis-inaugurent-une-nouvelle-ere-de-diplomatie-concertee","status":"publish","type":"post","link":"https:\/\/new.igihe.com\/french\/Le-Rwanda-et-les-Etats-Unis-inaugurent-une-nouvelle-ere-de-diplomatie-concertee\/","title":{"rendered":"Le Rwanda et les \u00c9tats-Unis inaugurent une nouvelle \u00e8re de diplomatie concert\u00e9e face aux d\u00e9fis globaux"},"content":{"rendered":"<p>Cette initiative, \u00e0 la port\u00e9e autant symbolique que pragmatique, \u00e9tablit un cadre institutionnel de concertation r\u00e9guli\u00e8re entre les deux pays, visant \u00e0 transcender les partenariats sectoriels pour leur conf\u00e9rer une coh\u00e9rence d\u2019ensemble. <\/p>\n<p>La c\u00e9r\u00e9monie de lancement s\u2019est d\u00e9roul\u00e9e en pr\u00e9sence du ministre rwandais des Affaires \u00e9trang\u00e8res et de la Coop\u00e9ration internationale, l\u2019Ambassadeur Olivier Nduhungirehe et de l\u2019ambassadeur Troy Fitrell, en charge des Affaires Africaines au D\u00e9partement d\u2019\u00c9tat am\u00e9ricain.<\/p>\n<p>Dans son allocution, le ministre Nduhungirehe a salu\u00e9 l\u2019\u00e9tablissement de ce m\u00e9canisme de dialogue comme un levier de consolidation des relations bilat\u00e9rales dans un esprit de confiance r\u00e9ciproque, d\u2019\u00e9coute strat\u00e9gique et de projection commune vers l\u2019avenir. <\/p>\n<p>Il a soulign\u00e9 que ce cadre structur\u00e9 permettra d\u2019aborder de mani\u00e8re articul\u00e9e les grands axes de coop\u00e9ration qu\u2019il s\u2019agisse de la gouvernance politique, de la croissance \u00e9conomique inclusive, de la s\u00e9curit\u00e9 r\u00e9gionale ou encore des syst\u00e8mes de sant\u00e9 publique dans une optique de co-construction et de compl\u00e9mentarit\u00e9.<\/p>\n<p>De son c\u00f4t\u00e9, l\u2019ambassadeur Fitrell a rappel\u00e9 que les \u00c9tats-Unis consid\u00e8rent le Rwanda comme un acteur r\u00e9gional de poids, dont l&#8217;engagement en faveur de la stabilit\u00e9, de la r\u00e9silience institutionnelle et de l\u2019innovation sociale constitue un mod\u00e8le en Afrique. <\/p>\n<p>Il a r\u00e9affirm\u00e9 la volont\u00e9 de Washington d\u2019intensifier ses efforts diplomatiques et op\u00e9rationnels en vue de r\u00e9pondre conjointement aux grands d\u00e9fis de notre temps : mutations climatiques, menaces transnationales, d\u00e9veloppement technologique \u00e9thique et renforcement de la coop\u00e9ration multilat\u00e9rale.<\/p>\n<p>Au-del\u00e0 des d\u00e9clarations de principe, ce Dialogue Strat\u00e9gique s\u2019inscrit dans une ambition partag\u00e9e : transformer les int\u00e9r\u00eats communs en initiatives concr\u00e8tes, dans une dynamique de r\u00e9ciprocit\u00e9 et de lucidit\u00e9 politique. Il traduit une reconnaissance mutuelle des interd\u00e9pendances croissantes entre \u00c9tats et de la n\u00e9cessit\u00e9 imp\u00e9rieuse de nouer des alliances fond\u00e9es non seulement sur des int\u00e9r\u00eats tactiques, mais sur une vision convergente du monde \u00e0 venir.<\/p>\n<p>Par cette d\u00e9marche, Kigali et Washington entendent affirmer leur r\u00f4le de partenaires strat\u00e9giques dans l\u2019\u00e9laboration d\u2019un ordre international plus \u00e9quitable, plus stable et plus r\u00e9actif aux aspirations profondes des peuples. <\/p>\n<p>Ce dialogue strat\u00e9gique, con\u00e7u comme un espace structurant de concertation bilat\u00e9rale, s\u2019inscrit r\u00e9solument dans le sillage d\u2019un tournant diplomatique majeur, r\u00e9v\u00e9lateur d\u2019une conscience accrue des interd\u00e9pendances mondiales et des vuln\u00e9rabilit\u00e9s syst\u00e9miques qui affectent l\u2019architecture des relations internationales contemporaines. <\/p>\n<p>A l\u2019heure o\u00f9 les \u00e9quilibres g\u00e9opolitiques se recomposent dans un climat d\u2019incertitude diffuse, marqu\u00e9 par la volatilit\u00e9 des alliances, la mont\u00e9e des tensions r\u00e9gionales et les bouleversements induits par les transitions technologiques, climatiques et sociales, une telle initiative t\u00e9moigne d\u2019une volont\u00e9 affirm\u00e9e de transcender la logique conjoncturelle au profit d\u2019une vision strat\u00e9gique \u00e0 long terme.<\/p>\n<p>Elle consacre en effet l\u2019\u00e9mergence d\u2019un paradigme diplomatique fond\u00e9 sur la coresponsabilit\u00e9, l\u2019\u00e9coute mutuelle et la projection concert\u00e9e des int\u00e9r\u00eats dans un cadre normatif commun. <\/p>\n<p>Par cette entreprise, le Rwanda et les \u00c9tats-Unis manifestent leur engagement \u00e0 penser ensemble les modalit\u00e9s d\u2019une gouvernance partag\u00e9e, apte \u00e0 r\u00e9pondre aux aspirations d\u00e9mocratiques, aux imp\u00e9ratifs de justice globale et \u00e0 la gestion coop\u00e9rative des biens publics transnationaux. <\/p>\n<p>En instaurant un dialogue structur\u00e9, les deux nations ent\u00e9rinent non seulement une convergence d\u2019int\u00e9r\u00eats, mais \u00e9galement une convergence de principes, posant ainsi les jalons d\u2019un ordre international plus \u00e9quitable, r\u00e9silient et inclusif.<\/p>\n<figure class=\"spip-document spip-document-60445 aligncenter\"><img decoding=\"async\" src=\"https:\/\/fr.igihe.com\/IMG\/jpg\/whatsapp_image_2025-04-29_at_11.37_51.jpg\" alt=\"Le Rwanda et les \u00c9tats-Unis ont solennellement inaugur\u00e9, ce lundi \u00e0 Washington, le Dialogue Strat\u00e9gique Bilat\u00e9ral Rwanda\u2013\u00c9tats-Unis\" \/><\/figure>\n<figure class=\"spip-document spip-document-60446 aligncenter\"><img decoding=\"async\" src=\"https:\/\/fr.igihe.com\/IMG\/jpg\/whatsapp_image_2025-04-29_at_11.37_50.jpg\" alt=\"Cette initiative, \u00e0 la port\u00e9e autant symbolique que pragmatique, \u00e9tablit un cadre institutionnel de concertation r\u00e9guli\u00e8re entre les deux pays\" \/><\/figure>\n","protected":false},"excerpt":{"rendered":"<p>Dans un contexte international marqu\u00e9 par des recompositions g\u00e9opolitiques profondes et des crises syst\u00e9miques affectant tant les \u00e9quilibres r\u00e9gionaux que la gouvernance mondiale, le Rwanda et les \u00c9tats-Unis ont solennellement inaugur\u00e9, ce lundi \u00e0 Washington, le Dialogue Strat\u00e9gique Bilat\u00e9ral Rwanda\u2013\u00c9tats-Unis, pierre angulaire d\u2019une coop\u00e9ration renouvel\u00e9e et structur\u00e9e.<\/p>\n","protected":false},"author":488,"featured_media":4000060444,"comment_status":"open","ping_status":"open","sticky":false,"template":"","format":"standard","meta":{"footnotes":""},"categories":[7544],"tags":[7605],"byline":[9102],"hashtag":[],"class_list":["post-37520","post","type-post","status-publish","format-standard","has-post-thumbnail","hentry","category-politique","tag-homenews","byline-tite-gatabazi"],"bylines":[{"id":9102,"name":"Tite Gatabazi","slug":"tite-gatabazi","description":"","image":{"id":0,"url":"https:\/\/secure.gravatar.com\/avatar\/?s=96&d=mm&f=y&r=g","alt":"Default avatar","title":"Default avatar","caption":"","mime_type":"image\/jpeg","sizes":[]},"user_id":472}],"contributors":[{"id":9102,"name":"Tite Gatabazi","slug":"tite-gatabazi","description":"","image":{"id":0,"url":"https:\/\/secure.gravatar.com\/avatar\/?s=96&d=mm&f=y&r=g","alt":"Default avatar","title":"Default avatar","caption":"","mime_type":"image\/jpeg","sizes":[]},"user_id":472}],"featured_image":{"id":4000060444,"url":"https:\/\/fr-images.igihe.com\/IMG\/logo\/cp-45.jpg","alt":"","caption":"","mime_type":"image\/jpeg","width":0,"height":0,"sizes":{"thumbnail":{"url":"https:\/\/fr-images.igihe.com\/IMG\/logo\/cp-45.jpg","width":1,"height":1},"medium":{"url":"https:\/\/fr-images.igihe.com\/IMG\/logo\/cp-45.jpg","width":1,"height":1},"medium_large":{"url":"https:\/\/fr-images.igihe.com\/IMG\/logo\/cp-45.jpg","width":1,"height":1},"large":{"url":"https:\/\/fr-images.igihe.com\/IMG\/logo\/cp-45.jpg","width":1,"height":1},"full":{"url":"https:\/\/fr-images.igihe.com\/IMG\/logo\/cp-45.jpg","width":0,"height":0}}},"_links":{"self":[{"href":"https:\/\/new.igihe.com\/french\/wp-json\/wp\/v2\/posts\/37520","targetHints":{"allow":["GET"]}}],"collection":[{"href":"https:\/\/new.igihe.com\/french\/wp-json\/wp\/v2\/posts"}],"about":[{"href":"https:\/\/new.igihe.com\/french\/wp-json\/wp\/v2\/types\/post"}],"author":[{"embeddable":true,"href":"https:\/\/new.igihe.com\/french\/wp-json\/wp\/v2\/users\/488"}],"replies":[{"embeddable":true,"href":"https:\/\/new.igihe.com\/french\/wp-json\/wp\/v2\/comments?post=37520"}],"version-history":[{"count":0,"href":"https:\/\/new.igihe.com\/french\/wp-json\/wp\/v2\/posts\/37520\/revisions"}],"wp:featuredmedia":[{"embeddable":true,"href":"https:\/\/new.igihe.com\/french\/wp-json\/wp\/v2\/media\/4000060444"}],"wp:attachment":[{"href":"https:\/\/new.igihe.com\/french\/wp-json\/wp\/v2\/media?parent=37520"}],"wp:term":[{"taxonomy":"category","embeddable":true,"href":"https:\/\/new.igihe.com\/french\/wp-json\/wp\/v2\/categories?post=37520"},{"taxonomy":"post_tag","embeddable":true,"href":"https:\/\/new.igihe.com\/french\/wp-json\/wp\/v2\/tags?post=37520"},{"taxonomy":"byline","embeddable":true,"href":"https:\/\/new.igihe.com\/french\/wp-json\/wp\/v2\/byline?post=37520"},{"taxonomy":"hashtag","embeddable":true,"href":"https:\/\/new.igihe.com\/french\/wp-json\/wp\/v2\/hashtag?post=37520"}],"curies":[{"name":"wp","href":"https:\/\/api.w.org\/{rel}","templated":true}]}}