{"id":37514,"date":"2025-04-30T14:31:34","date_gmt":"2025-04-30T14:31:34","guid":{"rendered":"https:\/\/new.igihe.com\/french\/Contre-l-oubli-et-l-imposture-s-ouvrent-les-Assises-de-la-verite-a-Paris-37514\/"},"modified":"2025-04-30T14:33:39","modified_gmt":"2025-04-30T14:33:39","slug":"Contre-l-oubli-et-l-imposture-s-ouvrent-les-Assises-de-la-verite-a-Paris","status":"publish","type":"post","link":"https:\/\/new.igihe.com\/french\/Contre-l-oubli-et-l-imposture-s-ouvrent-les-Assises-de-la-verite-a-Paris\/","title":{"rendered":"Contre l&#8217;oubli et l&#8217;imposture s\u2019ouvrent les Assises de la v\u00e9rit\u00e9 \u00e0 Paris"},"content":{"rendered":"<p>Il ne s\u2019agit point d\u2019une divergence d\u2019interpr\u00e9tation historique, mais d\u2019une entreprise m\u00e9thodique de perversion de la v\u00e9rit\u00e9, visant \u00e0 annihiler la m\u00e9moire des crimes les plus abjects de l\u2019humanit\u00e9. En niant l\u2019\u00e9vidence patiemment \u00e9tablie par les faits, en travestissant la souffrance des victimes, le n\u00e9gationnisme s&#8217;emploie \u00e0 r\u00e9habiliter les bourreaux et \u00e0 d\u00e9grader l&#8217;exigence universelle de justice.<\/p>\n<p>Il est l&#8217;arme pernicieuse de ceux qui, incapables de r\u00e9futer les le\u00e7ons du pass\u00e9, \u0153uvrent \u00e0 son effacement, esp\u00e9rant ainsi pr\u00e9parer les chemins d&#8217;une haine renouvel\u00e9e. A travers son langage feutr\u00e9, ses contorsions pseudo-juridiques et ses sophismes d\u00e9l\u00e9t\u00e8res, il trahit une volont\u00e9 farouche de subversion des fondements m\u00eame de la dignit\u00e9 humaine. <\/p>\n<p>Combattre le n\u00e9gationnisme n&#8217;est donc pas seulement d\u00e9fendre la m\u00e9moire : c&#8217;est pr\u00e9server l&#8217;humanit\u00e9 contre sa propre tentation d&#8217;oubli, d&#8217;indiff\u00e9rence et de barbarie renaissante.<br \/>\nCe jour s\u2019ouvre \u00e0 Paris, sous le regard grave de la R\u00e9publique, les 15\u1d49 Assises nationales contre le n\u00e9gationnisme, haut lieu de r\u00e9sistance intellectuelle et morale face aux forces obscures de la falsification historique. <\/p>\n<p>L\u2019\u00e9v\u00e9nement, marqu\u00e9 par la pr\u00e9sence solennelle de Madame Delphine B\u00fcrkli, Maire du 9\u1d49 arrondissement, et de Madame Juliette M\u00e9adel, Ministre de la Ville, t\u00e9moigne de l\u2019engagement ind\u00e9fectible des autorit\u00e9s publiques \u00e0 d\u00e9fendre la m\u00e9moire contre les assauts d\u2019une falsification insidieuse, trop souvent travestie sous les oripeaux fallacieux de la libert\u00e9 d\u2019expression.<\/p>\n<p>La le\u00e7on inaugurale du Professeur Vincent Duclert, empreinte d\u2019une rigueur lumineuse, rappelle \u00e0 chacun que la v\u00e9rit\u00e9 historique n\u2019est point un terrain d\u2019opinion mais un socle de civilisation, auquel nul n&#8217;a le droit de porter atteinte sans menacer l&#8217;\u00e9difice tout entier de la d\u00e9mocratie. <\/p>\n<p>La pr\u00e9sence, hautement remarqu\u00e9e, de Fr\u00e9d\u00e9ric Encel, intellectuel d\u2019une rare exigence, souligne combien la lutte contre le n\u00e9gationnisme n&#8217;est pas seulement affaire d&#8217;\u00e9rudition, mais de combat politique, face \u00e0 un p\u00e9ril qui, sous des dehors feutr\u00e9s, s\u2019emploie \u00e0 miner les fondements m\u00eames de l&#8217;\u00c9tat de droit.<\/p>\n<p>\u00c0 l\u2019heure o\u00f9, par une strat\u00e9gie pernicieuse, certains cherchent \u00e0 draper le mensonge dans les atours sacr\u00e9s de la libert\u00e9, il nous faut proclamer avec force que le n\u00e9gationnisme n&#8217;est pas une opinion mais un crime contre la m\u00e9moire collective. <\/p>\n<p>Il ne s\u2019agit pas d\u2019une controverse acad\u00e9mique mais d&#8217;une entreprise de d\u00e9shumanisation, visant \u00e0 effacer les souffrances, \u00e0 bafouer les victimes et \u00e0 rouvrir les blessures que l\u2019histoire avait lentement, douloureusement referm\u00e9es.<\/p>\n<p>La vigilance de la cit\u00e9 ne saurait faiblir. D\u00e9fendre la m\u00e9moire, ce n\u2019est pas figer le pass\u00e9, c\u2019est d\u00e9fendre la dignit\u00e9 humaine au c\u0153ur m\u00eame du pr\u00e9sent. Ceux qui, sous couvert de libert\u00e9, propagent la haine en sapant la v\u00e9rit\u00e9 historique, doivent \u00eatre nomm\u00e9s pour ce qu&#8217;ils sont : des adversaires de la civilisation, des artisans du retour au chaos.<\/p>\n<p>En ce jour solennel, que les voix rassembl\u00e9es aux Assises \u00e9l\u00e8vent plus haut encore l\u2019exigence de v\u00e9rit\u00e9 et de justice, et que, face aux tentations du relativisme, le combat contre le n\u00e9gationnisme demeure une exigence sacr\u00e9e de notre conscience r\u00e9publicaine.<\/p>\n<figure class=\"spip-document spip-document-60617\"><img decoding=\"async\" src=\"https:\/\/fr.igihe.com\/IMG\/jpg\/fr_nw_clean_entretien_vincent_duclert_31_mars-db744.jpg\" alt=\"La le\u00e7on inaugurale du Professeur Vincent Duclert, empreinte d\u2019une rigueur lumineuse, rappelle \u00e0 chacun que la v\u00e9rit\u00e9 historique n\u2019est point un terrain d\u2019opinion mais un socle de civilisation. \" \/><\/figure>\n","protected":false},"excerpt":{"rendered":"<p>Sous les apparences trompeuses d\u2019un d\u00e9bat intellectuel l\u00e9gitime, le n\u00e9gationnisme avance masqu\u00e9, dissimulant sous le vernis d\u2019une pr\u00e9tendue libert\u00e9 d\u2019expression les ressorts les plus vils de la haine et de l\u2019obscurantisme. <\/p>\n","protected":false},"author":488,"featured_media":4000060431,"comment_status":"open","ping_status":"open","sticky":false,"template":"","format":"standard","meta":{"footnotes":""},"categories":[7544],"tags":[7605],"byline":[9102],"hashtag":[],"class_list":["post-37514","post","type-post","status-publish","format-standard","has-post-thumbnail","hentry","category-politique","tag-homenews","byline-tite-gatabazi"],"bylines":[{"id":9102,"name":"Tite Gatabazi","slug":"tite-gatabazi","description":"","image":{"id":0,"url":"https:\/\/secure.gravatar.com\/avatar\/?s=96&d=mm&f=y&r=g","alt":"Default avatar","title":"Default avatar","caption":"","mime_type":"image\/jpeg","sizes":[]},"user_id":472}],"contributors":[{"id":9102,"name":"Tite Gatabazi","slug":"tite-gatabazi","description":"","image":{"id":0,"url":"https:\/\/secure.gravatar.com\/avatar\/?s=96&d=mm&f=y&r=g","alt":"Default avatar","title":"Default avatar","caption":"","mime_type":"image\/jpeg","sizes":[]},"user_id":472}],"featured_image":{"id":4000060431,"url":"https:\/\/fr-images.igihe.com\/IMG\/logo\/rb_cp-2.jpg","alt":"","caption":"","mime_type":"image\/jpeg","width":0,"height":0,"sizes":{"thumbnail":{"url":"https:\/\/fr-images.igihe.com\/IMG\/logo\/rb_cp-2.jpg","width":1,"height":1},"medium":{"url":"https:\/\/fr-images.igihe.com\/IMG\/logo\/rb_cp-2.jpg","width":1,"height":1},"medium_large":{"url":"https:\/\/fr-images.igihe.com\/IMG\/logo\/rb_cp-2.jpg","width":1,"height":1},"large":{"url":"https:\/\/fr-images.igihe.com\/IMG\/logo\/rb_cp-2.jpg","width":1,"height":1},"full":{"url":"https:\/\/fr-images.igihe.com\/IMG\/logo\/rb_cp-2.jpg","width":0,"height":0}}},"_links":{"self":[{"href":"https:\/\/new.igihe.com\/french\/wp-json\/wp\/v2\/posts\/37514","targetHints":{"allow":["GET"]}}],"collection":[{"href":"https:\/\/new.igihe.com\/french\/wp-json\/wp\/v2\/posts"}],"about":[{"href":"https:\/\/new.igihe.com\/french\/wp-json\/wp\/v2\/types\/post"}],"author":[{"embeddable":true,"href":"https:\/\/new.igihe.com\/french\/wp-json\/wp\/v2\/users\/488"}],"replies":[{"embeddable":true,"href":"https:\/\/new.igihe.com\/french\/wp-json\/wp\/v2\/comments?post=37514"}],"version-history":[{"count":0,"href":"https:\/\/new.igihe.com\/french\/wp-json\/wp\/v2\/posts\/37514\/revisions"}],"wp:featuredmedia":[{"embeddable":true,"href":"https:\/\/new.igihe.com\/french\/wp-json\/wp\/v2\/media\/4000060431"}],"wp:attachment":[{"href":"https:\/\/new.igihe.com\/french\/wp-json\/wp\/v2\/media?parent=37514"}],"wp:term":[{"taxonomy":"category","embeddable":true,"href":"https:\/\/new.igihe.com\/french\/wp-json\/wp\/v2\/categories?post=37514"},{"taxonomy":"post_tag","embeddable":true,"href":"https:\/\/new.igihe.com\/french\/wp-json\/wp\/v2\/tags?post=37514"},{"taxonomy":"byline","embeddable":true,"href":"https:\/\/new.igihe.com\/french\/wp-json\/wp\/v2\/byline?post=37514"},{"taxonomy":"hashtag","embeddable":true,"href":"https:\/\/new.igihe.com\/french\/wp-json\/wp\/v2\/hashtag?post=37514"}],"curies":[{"name":"wp","href":"https:\/\/api.w.org\/{rel}","templated":true}]}}