{"id":37511,"date":"2025-04-29T10:22:09","date_gmt":"2025-04-29T10:22:09","guid":{"rendered":"https:\/\/new.igihe.com\/french\/Le-Rwanda-s-affranchi-et-la-Belgique-s-est-engluee-37511\/"},"modified":"2025-04-30T16:20:23","modified_gmt":"2025-04-30T16:20:23","slug":"Le-Rwanda-s-affranchi-et-la-Belgique-s-est-engluee","status":"publish","type":"post","link":"https:\/\/new.igihe.com\/french\/Le-Rwanda-s-affranchi-et-la-Belgique-s-est-engluee\/","title":{"rendered":"Le Rwanda s\u2019affranchi et la Belgique s\u2019est englu\u00e9e"},"content":{"rendered":"<p>Tandis que le Rwanda, sous l&#8217;impulsion d&#8217;un leadership charismatique et visionnaire du Pr\u00e9sident Kagame, a affront\u00e9 sans fard les d\u00e9mons de son histoire et purg\u00e9 avec courage les s\u00e9quelles du g\u00e9nocide contre les Tutsi, la Belgique demeure prisonni\u00e8re de ce pass\u00e9 m\u00eame dont elle porte, qu&#8217;elle le veuille ou non, une part substantielle de responsabilit\u00e9.<\/p>\n<p>Refusant l&#8217;introspection, s&#8217;abritant derri\u00e8re l&#8217;illusion confortable de la libert\u00e9 d&#8217;expression pour prot\u00e9ger les thurif\u00e9raires du n\u00e9gationnisme, elle tol\u00e8re sur son sol la pr\u00e9sence active des g\u00e9nocidaires et de leurs relais id\u00e9ologiques. <\/p>\n<p>Les indices s\u00e9rieux et concordants de la collusion entre certains r\u00e9seaux belges et les FDLR sont de notori\u00e9t\u00e9 publique, de m\u00eame que le r\u00f4le n\u00e9faste de pseudo-journalistes et d&#8217;intellectuels stipendi\u00e9s qui nourrissent, depuis la Belgique, le discours de haine ravageant l&#8217;Est de la R\u00e9publique D\u00e9mocratique du Congo.<\/p>\n<p>Quant \u00e0 la commission d&#8217;historiens sur le pass\u00e9 colonial, cens\u00e9e \u00eatre l&#8217;exercice cathartique de la Belgique, elle s&#8217;est r\u00e9duite \u00e0 une mascarade, solennellement illustr\u00e9e par la restitution path\u00e9tique de la seule dent du h\u00e9ros de l\u2019ind\u00e9pendance de la RDC, Patrice Lumumba, rel\u00e9gu\u00e9e \u00e0 un geste d\u00e9risoire, sans port\u00e9e ni grandeur.<\/p>\n<p>Apr\u00e8s deux ann\u00e9es et demie d\u2019intenses travaux vou\u00e9s \u00e0 sonder les strates multiples de la m\u00e9moire collective, la Belgique s&#8217;est montr\u00e9e incapable de forger un consensus politique autour d\u2019un geste aussi \u00e9l\u00e9mentaire que la pr\u00e9sentation d\u2019excuses aux victimes de son pass\u00e9 colonial.<\/p>\n<p>Ce qui s\u2019annon\u00e7ait comme une entreprise pionni\u00e8re sur le continent europ\u00e9en, un mod\u00e8le de lucidit\u00e9 historique et de r\u00e9paration morale, s\u2019est tragiquement disloqu\u00e9 au seuil de son accomplissement. A la fin des travaux, la commission ad hoc, priv\u00e9e de ses recommandations pourtant \u00e9labor\u00e9es avec minutie et gravit\u00e9, s\u2019est effondr\u00e9e sous le poids des h\u00e9sitations, des calculs partisans et des renoncements.<\/p>\n<p>Ainsi, au lieu de s\u2019\u00e9lever au rang d\u2019acte fondateur d\u2019une m\u00e9moire apais\u00e9e, ce processus s\u2019est achev\u00e9 dans la st\u00e9rilit\u00e9 politique, r\u00e9v\u00e9lant une nation encore prisonni\u00e8re de ses d\u00e9nis et de ses ombres.<\/p>\n<p>{{L\u2019insolence de l\u2019ind\u00e9pendance rwandaise}}<\/p>\n<p>Qu&#8217;un Rwanda autrefois an\u00e9anti se soit relev\u00e9, qu&#8217;il se soit mu\u00e9 en une nation prosp\u00e8re, r\u00e9concili\u00e9e et influente sans demander l&#8217;aval de l&#8217;ancienne puissance coloniale, constitue, pour certaines sph\u00e8res belges, un crime de l\u00e8se-majest\u00e9 inavou\u00e9. Mais qu&#8217;importe : \u00e0 Kigali, l\u2019on poursuit sa marche r\u00e9solue sans se soucier des humeurs surann\u00e9es de la Belgique.<\/p>\n<p>La politique s\u00e9curitaire du Rwanda, pens\u00e9e selon ses int\u00e9r\u00eats strat\u00e9giques propres, ne sollicite ni permission ni indulgence \u00e0 Bruxelles. Elle s&#8217;affirme avec une souverainet\u00e9 tranquille qui rend caducs les commentaires, aussi acerbes qu&#8217;impuissants, des belges englu\u00e9s dans leurs nostalgies coloniales.<\/p>\n<p>Le ministre belge Maxime Pr\u00e9vot, en d\u00e9clarant \u00eatre &#8220;totalement en d\u00e9saccord&#8221; avec les choix du Rwanda dans l&#8217;Est congolais, lors de son passage \u00e0 Kampala, n&#8217;a fait que souligner l&#8217;inanit\u00e9 d&#8217;une parole belge d\u00e9sormais sans prise sur les r\u00e9alit\u00e9s de terrain. Que ce ministre sache que ses admonestations font \u00e0 peine sourire \u00e0 Kigali, o\u00f9 l&#8217;on traite, \u00e0 Doha et \u00e0 Washington D.C., les v\u00e9ritables enjeux de la r\u00e9gion.<\/p>\n<p>{{La vacuit\u00e9 du magist\u00e8re moral belge}}<\/p>\n<p>La Belgique, qui n\u2019a toujours pas su regarder en face les crimes commis en son nom au Rwanda, ose encore pr\u00e9tendre distribuer des le\u00e7ons de morale et de bonne gouvernance. Ce prurit donneur de le\u00e7ons appara\u00eet aujourd&#8217;hui d&#8217;une insigne vanit\u00e9, tant il est \u00e9clips\u00e9 par la r\u00e9ussite tangible d&#8217;un Rwanda redevenu ma\u00eetre de son destin.<\/p>\n<p>Les gesticulations diplomatiques belges ne sauraient masquer l\u2019\u00e9vidence : la Belgique, en mati\u00e8re africaine, n&#8217;est plus qu&#8217;un acteur p\u00e9riph\u00e9rique, r\u00e9duit \u00e0 commenter de l&#8217;ext\u00e9rieur les dynamiques qu&#8217;elle ne contr\u00f4le plus.<\/p>\n<p>Au fond, le d\u00e9pit belge traduit une crainte larv\u00e9e : celle de voir \u00e9merger un ordre africain nouveau, affranchi des tutelles anciennes, b\u00e2ti par des nations fi\u00e8res, lucides, et fermement r\u00e9solues \u00e0 tracer leur propre chemin. A cet \u00e9gard, le Rwanda n&#8217;est pas une anomalie ; il est l&#8217;avant-garde.<\/p>\n<figure class=\"spip-document spip-document-60426 aligncenter\"><img decoding=\"async\" src=\"https:\/\/fr.igihe.com\/IMG\/jpg\/prv.jpg\" alt=\"Le ministre belge Maxime Pr\u00e9vot, en d\u00e9clarant \u00eatre &quot;totalement en d\u00e9saccord&quot; avec les choix du Rwanda a soulign\u00e9 l&#039;inanit\u00e9 d&#039;une parole belge d\u00e9connect\u00e9e des r\u00e9alit\u00e9s de terrain\" \/><\/figure>\n","protected":false},"excerpt":{"rendered":"<p>Il est tout \u00e0 fait naturel que la Belgique et le Rwanda soient \u00e0 ce jour en d\u00e9saccord profond : ils incarnent deux visions du monde diam\u00e9tralement oppos\u00e9es, n\u00e9es d&#8217;une lecture radicalement diff\u00e9rente du pass\u00e9 et du futur. <\/p>\n","protected":false},"author":488,"featured_media":4000060422,"comment_status":"open","ping_status":"open","sticky":false,"template":"","format":"standard","meta":{"footnotes":""},"categories":[7544],"tags":[7605],"byline":[9102],"hashtag":[],"class_list":["post-37511","post","type-post","status-publish","format-standard","has-post-thumbnail","hentry","category-politique","tag-homenews","byline-tite-gatabazi"],"bylines":[{"id":9102,"name":"Tite Gatabazi","slug":"tite-gatabazi","description":"","image":{"id":0,"url":"https:\/\/secure.gravatar.com\/avatar\/?s=96&d=mm&f=y&r=g","alt":"Default avatar","title":"Default avatar","caption":"","mime_type":"image\/jpeg","sizes":[]},"user_id":472}],"contributors":[{"id":9102,"name":"Tite Gatabazi","slug":"tite-gatabazi","description":"","image":{"id":0,"url":"https:\/\/secure.gravatar.com\/avatar\/?s=96&d=mm&f=y&r=g","alt":"Default avatar","title":"Default avatar","caption":"","mime_type":"image\/jpeg","sizes":[]},"user_id":472}],"featured_image":{"id":4000060422,"url":"https:\/\/fr-images.igihe.com\/IMG\/logo\/mp_cp-10.jpg","alt":"","caption":"","mime_type":"image\/jpeg","width":0,"height":0,"sizes":{"thumbnail":{"url":"https:\/\/fr-images.igihe.com\/IMG\/logo\/mp_cp-10.jpg","width":1,"height":1},"medium":{"url":"https:\/\/fr-images.igihe.com\/IMG\/logo\/mp_cp-10.jpg","width":1,"height":1},"medium_large":{"url":"https:\/\/fr-images.igihe.com\/IMG\/logo\/mp_cp-10.jpg","width":1,"height":1},"large":{"url":"https:\/\/fr-images.igihe.com\/IMG\/logo\/mp_cp-10.jpg","width":1,"height":1},"full":{"url":"https:\/\/fr-images.igihe.com\/IMG\/logo\/mp_cp-10.jpg","width":0,"height":0}}},"_links":{"self":[{"href":"https:\/\/new.igihe.com\/french\/wp-json\/wp\/v2\/posts\/37511","targetHints":{"allow":["GET"]}}],"collection":[{"href":"https:\/\/new.igihe.com\/french\/wp-json\/wp\/v2\/posts"}],"about":[{"href":"https:\/\/new.igihe.com\/french\/wp-json\/wp\/v2\/types\/post"}],"author":[{"embeddable":true,"href":"https:\/\/new.igihe.com\/french\/wp-json\/wp\/v2\/users\/488"}],"replies":[{"embeddable":true,"href":"https:\/\/new.igihe.com\/french\/wp-json\/wp\/v2\/comments?post=37511"}],"version-history":[{"count":0,"href":"https:\/\/new.igihe.com\/french\/wp-json\/wp\/v2\/posts\/37511\/revisions"}],"wp:featuredmedia":[{"embeddable":true,"href":"https:\/\/new.igihe.com\/french\/wp-json\/wp\/v2\/media\/4000060422"}],"wp:attachment":[{"href":"https:\/\/new.igihe.com\/french\/wp-json\/wp\/v2\/media?parent=37511"}],"wp:term":[{"taxonomy":"category","embeddable":true,"href":"https:\/\/new.igihe.com\/french\/wp-json\/wp\/v2\/categories?post=37511"},{"taxonomy":"post_tag","embeddable":true,"href":"https:\/\/new.igihe.com\/french\/wp-json\/wp\/v2\/tags?post=37511"},{"taxonomy":"byline","embeddable":true,"href":"https:\/\/new.igihe.com\/french\/wp-json\/wp\/v2\/byline?post=37511"},{"taxonomy":"hashtag","embeddable":true,"href":"https:\/\/new.igihe.com\/french\/wp-json\/wp\/v2\/hashtag?post=37511"}],"curies":[{"name":"wp","href":"https:\/\/api.w.org\/{rel}","templated":true}]}}