{"id":37506,"date":"2025-04-26T16:33:41","date_gmt":"2025-04-26T16:33:41","guid":{"rendered":"https:\/\/new.igihe.com\/french\/La-coalition-militaire-congolaise-au-bord-de-l-implosion-37506\/"},"modified":"2025-04-26T16:33:33","modified_gmt":"2025-04-26T16:33:33","slug":"La-coalition-militaire-congolaise-au-bord-de-l-implosion","status":"publish","type":"post","link":"https:\/\/new.igihe.com\/french\/La-coalition-militaire-congolaise-au-bord-de-l-implosion\/","title":{"rendered":"La coalition militaire congolaise au bord de l\u2019implosion"},"content":{"rendered":"<p>Ce nouvel \u00e9pisode sanglant illustre de mani\u00e8re saisissante l\u2019effritement acc\u00e9l\u00e9r\u00e9 de la coalition militaire plac\u00e9e sous la houlette du pr\u00e9sident F\u00e9lix Tshisekedi.<\/p>\n<p>Selon des sources s\u00e9curitaires concordantes, plusieurs \u00e9l\u00e9ments des FARDC ont \u00e9t\u00e9 gri\u00e8vement bless\u00e9s par balles lors d\u2019attaques coordonn\u00e9es men\u00e9es par les miliciens, d\u00e9sormais hostiles \u00e0 l\u2019autorit\u00e9 centrale. Ces derniers reprochent au pouvoir en place, et plus particuli\u00e8rement au chef de l\u2019\u00c9tat, une marginalisation persistante doubl\u00e9e d\u2019un favoritisme jug\u00e9 tribal dans la hi\u00e9rarchie militaire. <\/p>\n<p>Cette perception d\u2019une ethnicisation du commandement a nourri une d\u00e9fiance croissante, d\u00e9bouchant sur une mutinerie de facto et sur la prise de contr\u00f4le de positions strat\u00e9giques cl\u00e9s dans et autour d\u2019Uvira par les forces insoumises.<\/p>\n<p>Les Wazalendo d\u00e9noncent \u00e9galement le d\u00e9sengagement politique progressif de Kinshasa \u00e0 leur \u00e9gard, notamment apr\u00e8s l\u2019annonce controvers\u00e9e d\u2019un dialogue politique entre le pr\u00e9sident Tshisekedi et Corneille Nangaa, ex-pr\u00e9sident de la CENI aujourd\u2019hui \u00e0 la t\u00eate de l\u2019AFC\/M23. Cette initiative, per\u00e7ue comme une trahison dans les rangs des milices pro-gouvernementales, a exacerb\u00e9 les tensions et pr\u00e9cipit\u00e9 la rupture.<\/p>\n<p>Au-del\u00e0 des lignes de front, ce soul\u00e8vement r\u00e9v\u00e8le un malaise structurel plus profond : celui d\u2019un appareil militaire min\u00e9 par l\u2019absence de coh\u00e9sion, par la politisation des grades, et par une gestion ethnocentr\u00e9e des responsabilit\u00e9s op\u00e9rationnelles. <\/p>\n<p>Le silence des autorit\u00e9s sur les pertes humaines r\u00e9p\u00e9t\u00e9es et la banalisation des violences qui s\u2019ensuivent nourrissent un ressentiment populaire croissant, que le pouvoir de Kinshasa peine \u00e0 contenir ou \u00e0 canaliser.<\/p>\n<p>Dans une r\u00e9gion o\u00f9 les loyaut\u00e9s sont labiles et les all\u00e9geances souvent circonstancielles, l\u2019\u00c9tat congolais se trouve ainsi confront\u00e9 \u00e0 une crise d\u2019autorit\u00e9 d\u2019autant plus grave qu\u2019elle \u00e9mane d\u00e9sormais de ses propres soutiens militaires. La dissolution progressive de la cha\u00eene de commandement, coupl\u00e9e \u00e0 la r\u00e9surgence d\u2019une logique de milicianisation, fait planer la menace d\u2019un effondrement s\u00e9curitaire aux cons\u00e9quences incalculables.<\/p>\n<p>Ce moment critique exige une introspection strat\u00e9gique \u00e0 la fois courageuse et lucide. La R\u00e9publique d\u00e9mocratique du Congo ne saurait pr\u00e9tendre r\u00e9tablir durablement son autorit\u00e9 sans engager une r\u00e9forme profonde de ses institutions militaires, sans d\u00e9samorcer les fractures identitaires, et sans restituer au commandement l\u2019\u00e9thique de la R\u00e9publique. Faute de quoi, les forces cens\u00e9es prot\u00e9ger la nation pourraient devenir les catalyseurs de sa d\u00e9sint\u00e9gration.<\/p>\n<figure class=\"spip-document spip-document-60411 aligncenter\"><img decoding=\"async\" src=\"https:\/\/fr.igihe.com\/IMG\/jpg\/se-3.jpg\" alt=\"Sylvain Ekenge, Porte Parole des FARDC\" \/><\/figure>\n","protected":false},"excerpt":{"rendered":"<p>Dans un contexte s\u00e9curitaire de plus en plus d\u00e9l\u00e9t\u00e8re, la ville d\u2019Uvira, au c\u0153ur de la province tourment\u00e9e du Sud-Kivu, a \u00e9t\u00e9 le th\u00e9\u00e2tre d\u2019affrontements violents entre les Forces arm\u00e9es de la R\u00e9publique d\u00e9mocratique du Congo (FARDC) et les miliciens dits Wazalendo, pourtant jadis pr\u00e9sent\u00e9s comme des suppl\u00e9tifs patriotes dans la lutte contre les insurg\u00e9s de l\u2019Alliance Fleuve Congo (AFC\/M23). <\/p>\n","protected":false},"author":488,"featured_media":4000060410,"comment_status":"open","ping_status":"open","sticky":false,"template":"","format":"standard","meta":{"footnotes":""},"categories":[7544],"tags":[7605],"byline":[9102],"hashtag":[],"class_list":["post-37506","post","type-post","status-publish","format-standard","has-post-thumbnail","hentry","category-politique","tag-homenews","byline-tite-gatabazi"],"bylines":[{"id":9102,"name":"Tite Gatabazi","slug":"tite-gatabazi","description":"","image":{"id":0,"url":"https:\/\/secure.gravatar.com\/avatar\/?s=96&d=mm&f=y&r=g","alt":"Default avatar","title":"Default avatar","caption":"","mime_type":"image\/jpeg","sizes":[]},"user_id":472}],"contributors":[{"id":9102,"name":"Tite Gatabazi","slug":"tite-gatabazi","description":"","image":{"id":0,"url":"https:\/\/secure.gravatar.com\/avatar\/?s=96&d=mm&f=y&r=g","alt":"Default avatar","title":"Default avatar","caption":"","mime_type":"image\/jpeg","sizes":[]},"user_id":472}],"featured_image":{"id":4000060410,"url":"https:\/\/fr-images.igihe.com\/IMG\/logo\/se.jpg","alt":"","caption":"","mime_type":"image\/jpeg","width":0,"height":0,"sizes":{"thumbnail":{"url":"https:\/\/fr-images.igihe.com\/IMG\/logo\/se.jpg","width":1,"height":1},"medium":{"url":"https:\/\/fr-images.igihe.com\/IMG\/logo\/se.jpg","width":1,"height":1},"medium_large":{"url":"https:\/\/fr-images.igihe.com\/IMG\/logo\/se.jpg","width":1,"height":1},"large":{"url":"https:\/\/fr-images.igihe.com\/IMG\/logo\/se.jpg","width":1,"height":1},"full":{"url":"https:\/\/fr-images.igihe.com\/IMG\/logo\/se.jpg","width":0,"height":0}}},"_links":{"self":[{"href":"https:\/\/new.igihe.com\/french\/wp-json\/wp\/v2\/posts\/37506","targetHints":{"allow":["GET"]}}],"collection":[{"href":"https:\/\/new.igihe.com\/french\/wp-json\/wp\/v2\/posts"}],"about":[{"href":"https:\/\/new.igihe.com\/french\/wp-json\/wp\/v2\/types\/post"}],"author":[{"embeddable":true,"href":"https:\/\/new.igihe.com\/french\/wp-json\/wp\/v2\/users\/488"}],"replies":[{"embeddable":true,"href":"https:\/\/new.igihe.com\/french\/wp-json\/wp\/v2\/comments?post=37506"}],"version-history":[{"count":0,"href":"https:\/\/new.igihe.com\/french\/wp-json\/wp\/v2\/posts\/37506\/revisions"}],"wp:featuredmedia":[{"embeddable":true,"href":"https:\/\/new.igihe.com\/french\/wp-json\/wp\/v2\/media\/4000060410"}],"wp:attachment":[{"href":"https:\/\/new.igihe.com\/french\/wp-json\/wp\/v2\/media?parent=37506"}],"wp:term":[{"taxonomy":"category","embeddable":true,"href":"https:\/\/new.igihe.com\/french\/wp-json\/wp\/v2\/categories?post=37506"},{"taxonomy":"post_tag","embeddable":true,"href":"https:\/\/new.igihe.com\/french\/wp-json\/wp\/v2\/tags?post=37506"},{"taxonomy":"byline","embeddable":true,"href":"https:\/\/new.igihe.com\/french\/wp-json\/wp\/v2\/byline?post=37506"},{"taxonomy":"hashtag","embeddable":true,"href":"https:\/\/new.igihe.com\/french\/wp-json\/wp\/v2\/hashtag?post=37506"}],"curies":[{"name":"wp","href":"https:\/\/api.w.org\/{rel}","templated":true}]}}