{"id":37505,"date":"2025-04-26T13:09:05","date_gmt":"2025-04-26T13:09:05","guid":{"rendered":"https:\/\/new.igihe.com\/french\/La-declaration-de-principe-entre-la-RDC-et-le-Rwanda-a-l-epreuve-de-l-Histoire-37505\/"},"modified":"2025-04-26T13:08:57","modified_gmt":"2025-04-26T13:08:57","slug":"La-declaration-de-principe-entre-la-RDC-et-le-Rwanda-a-l-epreuve-de-l-Histoire","status":"publish","type":"post","link":"https:\/\/new.igihe.com\/french\/La-declaration-de-principe-entre-la-RDC-et-le-Rwanda-a-l-epreuve-de-l-Histoire\/","title":{"rendered":"La d\u00e9claration de principe entre la RDC et le Rwanda \u00e0 l\u2019\u00e9preuve de l\u2019Histoire"},"content":{"rendered":"<p>Sous l\u2019\u00e9gide d\u2019acteurs internationaux majeurs, et dans le sillage de dynamiques g\u00e9o\u00e9conomiques plus vastes, les deux nations semblent pr\u00eates \u00e0 d\u00e9passer les logiques de suspicion r\u00e9ciproque, de griefs historiques non sold\u00e9s et d\u2019accusations mutuelles, pour entrevoir les lin\u00e9aments d\u2019un partenariat fond\u00e9 sur l\u2019interd\u00e9pendance \u00e9conomique et la stabilit\u00e9 r\u00e9gionale. <\/p>\n<p>Ainsi, au sein des cendres encore ti\u00e8des d\u2019un contentieux plurid\u00e9ccennal, s\u2019esquissent les pr\u00e9mices encore timides, certes d\u2019une reconfiguration diplomatique dont l\u2019ambition serait de substituer \u00e0 la confrontation chronique une logique de coop\u00e9ration structurelle. <\/p>\n<p>Il s\u2019agirait, \u00e0 terme, de transcender le pass\u00e9 conflictuel pour ouvrir la voie \u00e0 une architecture r\u00e9gionale fond\u00e9e sur le dialogue, le co-d\u00e9veloppement et une gouvernance concert\u00e9e des ressources.<\/p>\n<p>C\u2019est \u00e0 Washington, haut lieu de la diplomatie strat\u00e9gique et des \u00e9quilibres globaux, que la R\u00e9publique d\u00e9mocratique du Congo et la R\u00e9publique du Rwanda ont, dans une d\u00e9marche aussi inattendue que solennelle, ent\u00e9rin\u00e9 une D\u00e9claration de principe visant \u00e0 ouvrir un nouveau chapitre de leur relation bilat\u00e9rale, jusqu\u2019alors domin\u00e9e par la d\u00e9fiance, les accusations crois\u00e9es et les ing\u00e9rences mutuelles. <\/p>\n<p>S\u2019inscrivant dans une conjoncture g\u00e9opolitique fragile, ce texte conjoint entend poser les jalons d\u2019une coop\u00e9ration \u00e9conomique ambitieuse, port\u00e9e par l\u2019entremise des \u00c9tats-Unis, \u00e0 la fois garant, facilitateur et investisseur.<\/p>\n<p>De la conflictualit\u00e9 \u00e0 la convergence strat\u00e9gique : une hypoth\u00e8se encore incertaine<br \/>\nLe contexte de cette initiative n\u2019est pas anodin. \u00c0 l\u2019Est de la RDC, les tensions demeurent aigu\u00ebs, aliment\u00e9es par la persistance de groupes arm\u00e9s, la circulation illicite des ressources naturelles et l\u2019enracinement de logiques de guerre \u00e9conomique. <\/p>\n<p>C\u2019est donc dans une r\u00e9gion historiquement marqu\u00e9e par l\u2019asym\u00e9trie des relations et les effets d\u00e9l\u00e9t\u00e8res d\u2019une \u00e9conomie politique du conflit que Kinshasa et Kigali tentent aujourd\u2019hui une mue strat\u00e9gique : celle d\u2019un rapprochement fond\u00e9 non sur la r\u00e9conciliation m\u00e9morielle, encore largement en souffrance, mais sur l\u2019interd\u00e9pendance \u00e9conomique, envisag\u00e9e comme levier de pacification durable.<\/p>\n<p>{{Une coop\u00e9ration sectorielle comme levier de d\u00e9sescalade}}<\/p>\n<p>Les termes de la D\u00e9claration conjointe mettent l\u2019accent sur plusieurs domaines jug\u00e9s strat\u00e9giques : le d\u00e9veloppement \u00e9nerg\u00e9tique, notamment via des projets hydro\u00e9lectriques susceptibles de r\u00e9duire la vuln\u00e9rabilit\u00e9 \u00e9nerg\u00e9tique des deux \u00c9tats. <\/p>\n<p>La cogestion environnementale, \u00e0 travers une coordination accrue dans la gestion des parcs nationaux, espaces frontaliers souvent convoit\u00e9s par des groupes arm\u00e9s et riches en biodiversit\u00e9 La tra\u00e7abilit\u00e9 mini\u00e8re, enjeu central dans cette r\u00e9gion o\u00f9 les minerais dits \u00ab de conflit \u00bb alimentent les \u00e9conomies informelles, les r\u00e9seaux de corruption et les financements arm\u00e9s.<\/p>\n<p>Les signataires s\u2019engagent, en lien \u00e9troit avec des partenaires am\u00e9ricains, \u00e0 \u00e9tablir des cha\u00eenes de valeur responsables, transparentes et conformes aux standards internationaux en mati\u00e8re d\u2019\u00e9thique des approvisionnements.<\/p>\n<p>{{Le pari d\u2019une int\u00e9gration \u00e9conomique r\u00e9gionale encadr\u00e9e}}<\/p>\n<p>Au-del\u00e0 de la simple coop\u00e9ration bilat\u00e9rale, cette initiative s\u2019inscrit dans une ambition plus vaste d\u2019int\u00e9gration \u00e9conomique sous-r\u00e9gionale. L\u2019adossement \u00e0 des structures multilat\u00e9rales comme la CIRGL, le COMESA et la CAE r\u00e9v\u00e8le une volont\u00e9 d\u2019inscrire cette entente dans un cadre normatif plus large, susceptible d\u2019en garantir la p\u00e9rennit\u00e9 et la l\u00e9gitimit\u00e9. Il s\u2019agit, en creux, de r\u00e9duire les logiques de comp\u00e9tition pr\u00e9datrice entre \u00c9tats par l\u2019instauration d\u2019un espace \u00e9conomique coh\u00e9rent, s\u00e9curis\u00e9, et juridiquement balis\u00e9.<\/p>\n<p>{{Le r\u00f4le structurant de l\u2019administration am\u00e9ricaine}}<\/p>\n<p>L\u2019implication directe des \u00c9tats-Unis dans ce processus n\u2019est pas anodine. Elle traduit, d\u2019une part, la volont\u00e9 de Washington de s\u00e9curiser ses int\u00e9r\u00eats dans la r\u00e9gion, en particulier l\u2019acc\u00e8s aux minerais strat\u00e9giques (coltan, cobalt, lithium) indispensables \u00e0 l\u2019industrie technologique ; et d\u2019autre part, son ambition de restaurer un leadership diplomatique dans un espace africain o\u00f9 les influences chinoise, turque et russe deviennent de plus en plus pr\u00e9gnantes. <\/p>\n<p>En se posant comme garant du cadre de dialogue, et en mobilisant des capitaux publics et priv\u00e9s, les \u00c9tats-Unis entendent conditionner leur soutien \u00e0 des engagements v\u00e9rifiables en mati\u00e8re de transparence, de bonne gouvernance et de coop\u00e9ration s\u00e9curitaire.<\/p>\n<p>{{Vers un accord de paix structurant ?}}<\/p>\n<p>La D\u00e9claration de principe pr\u00e9voit \u00e9galement l\u2019\u00e9laboration d\u2019un projet d\u2019accord de paix, dont une premi\u00e8re mouture devrait \u00eatre finalis\u00e9e sous peu. En cas de blocage, une r\u00e9union minist\u00e9rielle est d\u00e9j\u00e0 pr\u00e9vue \u00e0 Washington, preuve que les parties entendent doter ce processus d\u2019un m\u00e9canisme de suivi diplomatique. Cette volont\u00e9 de formaliser un cadre contraignant s\u2019inscrit dans une logique de diplomatie pr\u00e9ventive, mais elle appelle \u00e9galement \u00e0 la vigilance : nombre d\u2019accords de paix, dans cette r\u00e9gion, ont \u00e9chou\u00e9 faute de m\u00e9canismes de mise en \u0153uvre efficaces, ou du fait de la dissonance entre les agendas des \u00e9lites dirigeantes et les attentes des populations.<\/p>\n<p>{{Une architecture fragile, entre volontarisme politique et r\u00e9alit\u00e9s de terrain}}<\/p>\n<p>Cette D\u00e9claration de principe est, en soi, un geste fort. Elle vient rompre avec une rh\u00e9torique de confrontation longtemps dominante et proposer une architecture nouvelle, fond\u00e9e sur l\u2019id\u00e9e que la stabilit\u00e9 passe par la coop\u00e9ration \u00e9conomique. Mais elle demeure une architecture fragile, expos\u00e9e aux vents contraires d\u2019int\u00e9r\u00eats divergents, de fractures m\u00e9morielles non r\u00e9solues, et d\u2019un enracinement profond des \u00e9conomies de guerre.<\/p>\n<p>Le v\u00e9ritable d\u00e9fi r\u00e9sidera dans la capacit\u00e9 des deux Etats \u00e0 traduire les engagements solennels en actes tangibles : r\u00e9former les appareils s\u00e9curitaires, d\u00e9manteler les r\u00e9seaux mafieux, instaurer des m\u00e9canismes de contr\u00f4le partag\u00e9s, mais surtout, restaurer la confiance que l\u2019histoire contemporaine a trop longtemps dress\u00e9s l\u2019un contre l\u2019autre.<\/p>\n<p>Ainsi, la D\u00e9claration de principe de Washington pourrait constituer l\u2019amorce d\u2019un tournant strat\u00e9gique pour l\u2019Afrique des Grands Lacs \u00e0 la condition que les principes \u00e9nonc\u00e9s trouvent leur incarnation concr\u00e8te dans des politiques coh\u00e9rentes, des m\u00e9canismes robustes, et une volont\u00e9 politique sinc\u00e8re de rompre avec la logique de pr\u00e9dation. <\/p>\n<p>C\u2019est \u00e0 ce prix seulement que le verbe diplomatique cessera d\u2019\u00eatre une incantation pour devenir une force transformatrice et que cette r\u00e9gion, longtemps meurtrie, pourra entrevoir les promesses d\u2019une paix durable.<\/p>\n<figure class=\"spip-document spip-document-60409 aligncenter\"><img decoding=\"async\" src=\"https:\/\/fr.igihe.com\/IMG\/jpg\/nd-6.jpg\" alt=\"Apr\u00e8s des ann\u00e9es de tensions profondes, les relations entre la RDC et le Rwanda semblent entrer dans une phase de r\u00e9\u00e9valuation strat\u00e9gique\" \/><\/figure>\n","protected":false},"excerpt":{"rendered":"<p>Longtemps emmur\u00e9es dans un antagonisme aussi tenace que tragiquement enracin\u00e9, les relations entre la R\u00e9publique d\u00e9mocratique du Congo et le Rwanda semblent aujourd\u2019hui se pr\u00eater \u00e0 une r\u00e9\u00e9valuation strat\u00e9gique d\u2019envergure. <\/p>\n","protected":false},"author":488,"featured_media":4000060407,"comment_status":"open","ping_status":"open","sticky":false,"template":"","format":"standard","meta":{"footnotes":""},"categories":[7544],"tags":[7605],"byline":[9102],"hashtag":[],"class_list":["post-37505","post","type-post","status-publish","format-standard","has-post-thumbnail","hentry","category-politique","tag-homenews","byline-tite-gatabazi"],"bylines":[{"id":9102,"name":"Tite Gatabazi","slug":"tite-gatabazi","description":"","image":{"id":0,"url":"https:\/\/secure.gravatar.com\/avatar\/?s=96&d=mm&f=y&r=g","alt":"Default avatar","title":"Default avatar","caption":"","mime_type":"image\/jpeg","sizes":[]},"user_id":472}],"contributors":[{"id":9102,"name":"Tite Gatabazi","slug":"tite-gatabazi","description":"","image":{"id":0,"url":"https:\/\/secure.gravatar.com\/avatar\/?s=96&d=mm&f=y&r=g","alt":"Default avatar","title":"Default avatar","caption":"","mime_type":"image\/jpeg","sizes":[]},"user_id":472}],"featured_image":{"id":4000060407,"url":"https:\/\/fr-images.igihe.com\/IMG\/logo\/nd_2_cp.jpg","alt":"","caption":"","mime_type":"image\/jpeg","width":0,"height":0,"sizes":{"thumbnail":{"url":"https:\/\/fr-images.igihe.com\/IMG\/logo\/nd_2_cp.jpg","width":1,"height":1},"medium":{"url":"https:\/\/fr-images.igihe.com\/IMG\/logo\/nd_2_cp.jpg","width":1,"height":1},"medium_large":{"url":"https:\/\/fr-images.igihe.com\/IMG\/logo\/nd_2_cp.jpg","width":1,"height":1},"large":{"url":"https:\/\/fr-images.igihe.com\/IMG\/logo\/nd_2_cp.jpg","width":1,"height":1},"full":{"url":"https:\/\/fr-images.igihe.com\/IMG\/logo\/nd_2_cp.jpg","width":0,"height":0}}},"_links":{"self":[{"href":"https:\/\/new.igihe.com\/french\/wp-json\/wp\/v2\/posts\/37505","targetHints":{"allow":["GET"]}}],"collection":[{"href":"https:\/\/new.igihe.com\/french\/wp-json\/wp\/v2\/posts"}],"about":[{"href":"https:\/\/new.igihe.com\/french\/wp-json\/wp\/v2\/types\/post"}],"author":[{"embeddable":true,"href":"https:\/\/new.igihe.com\/french\/wp-json\/wp\/v2\/users\/488"}],"replies":[{"embeddable":true,"href":"https:\/\/new.igihe.com\/french\/wp-json\/wp\/v2\/comments?post=37505"}],"version-history":[{"count":0,"href":"https:\/\/new.igihe.com\/french\/wp-json\/wp\/v2\/posts\/37505\/revisions"}],"wp:featuredmedia":[{"embeddable":true,"href":"https:\/\/new.igihe.com\/french\/wp-json\/wp\/v2\/media\/4000060407"}],"wp:attachment":[{"href":"https:\/\/new.igihe.com\/french\/wp-json\/wp\/v2\/media?parent=37505"}],"wp:term":[{"taxonomy":"category","embeddable":true,"href":"https:\/\/new.igihe.com\/french\/wp-json\/wp\/v2\/categories?post=37505"},{"taxonomy":"post_tag","embeddable":true,"href":"https:\/\/new.igihe.com\/french\/wp-json\/wp\/v2\/tags?post=37505"},{"taxonomy":"byline","embeddable":true,"href":"https:\/\/new.igihe.com\/french\/wp-json\/wp\/v2\/byline?post=37505"},{"taxonomy":"hashtag","embeddable":true,"href":"https:\/\/new.igihe.com\/french\/wp-json\/wp\/v2\/hashtag?post=37505"}],"curies":[{"name":"wp","href":"https:\/\/api.w.org\/{rel}","templated":true}]}}