{"id":37501,"date":"2025-04-26T11:06:57","date_gmt":"2025-04-26T11:06:57","guid":{"rendered":"https:\/\/new.igihe.com\/french\/Accord-historique-entre-le-Rwanda-et-la-RDC-sous-l-egide-des-Etats-Unis-37501\/"},"modified":"2025-04-30T11:16:06","modified_gmt":"2025-04-30T11:16:06","slug":"Accord-historique-entre-le-Rwanda-et-la-RDC-sous-l-egide-des-Etats-Unis","status":"publish","type":"post","link":"https:\/\/new.igihe.com\/french\/Accord-historique-entre-le-Rwanda-et-la-RDC-sous-l-egide-des-Etats-Unis\/","title":{"rendered":"Accord historique entre le Rwanda et la RDC sous l\u2019\u00e9gide des \u00c9tats-Unis"},"content":{"rendered":"<p>L\u2019accord, paraph\u00e9 par les ministres des Affaires \u00e9trang\u00e8res Th\u00e9r\u00e8se Kayikwamba Wagner de la RDC et Olivier Nduhungirehe du Rwanda, a pour but, r\u00e9soudre un conflit qui d\u00e9stabilise la r\u00e9gion depuis plusieurs d\u00e9cennies.<\/p>\n<p>Dans son allocution, Marco Rubio a salu\u00e9 la signature de la d\u00e9claration comme une avanc\u00e9e d\u00e9cisive vers la paix et la stabilit\u00e9 dans la r\u00e9gion des Grands Lacs.<\/p>\n<p>\u00ab Cette d\u00e9claration jette les bases d\u2019un cadre essentiel pour la gouvernance r\u00e9gionale, la s\u00e9curit\u00e9 et la coop\u00e9ration \u00e9conomique, avec pour ambition, tourner la page de d\u00e9cennies de conflit et de lib\u00e9rer pleinement le potentiel de la r\u00e9gion \u00bb, a-t-il d\u00e9clar\u00e9, saluant l\u2019engagement des deux pays en faveur d\u2019un dialogue sinc\u00e8re.<\/p>\n<p>Le secr\u00e9taire d\u2019\u00c9tat a n\u00e9anmoins reconnu l\u2019ampleur des obstacles \u00e0 surmonter, en particulier dans l\u2019est de la RDC, confront\u00e9 \u00e0 une instabilit\u00e9 chronique depuis plus de trente ans.<\/p>\n<p>\u00ab Parvenir \u00e0 une paix durable et \u00e0 un d\u00e9veloppement \u00e9conomique \u00e0 long terme ne sera pas facile, mais est indispensable \u00bb, a insist\u00e9 Rubio.<\/p>\n<p>Il a attribu\u00e9 cette avanc\u00e9e diplomatique \u00e0 l&#8217;engagement de l&#8217;administration Trump en faveur d&#8217;une paix mondiale, estimant que la signature de cet accord illustre la vision du pr\u00e9sident Donald Trump pour une r\u00e9solution pacifique des crises dans la r\u00e9gion des Grands Lacs.<\/p>\n<p>Le secr\u00e9taire d\u2019\u00c9tat a \u00e9galement soulign\u00e9 que la stabilit\u00e9 r\u00e9gionale cr\u00e9erait un environnement propice \u00e0 un renforcement d&#8217;investissements occidentaux, notamment am\u00e9ricains :<\/p>\n<p>\u00ab Une paix durable dans la r\u00e9gion des Grands Lacs favorisera des investissements accrus, g\u00e9n\u00e9rant de nouvelles opportunit\u00e9s \u00e9conomiques et une plus grande prosp\u00e9rit\u00e9 \u00bb, a-t-il affirm\u00e9.<\/p>\n<p>\u00ab Les entreprises am\u00e9ricaines, auront un r\u00f4le \u00e0 jouer en encourageant la bonne gouvernance et en assurant des cha\u00eenes d\u2019approvisionnement fiables pour les minerais strat\u00e9giques \u2014 au profit des gouvernements de la r\u00e9gion et de leurs partenaires internationaux.\u00bb  a pr\u00e9cis\u00e9 Rubio.<\/p>\n<p>Le secr\u00e9taire d&#8217;\u00c9tat a \u00e9galement soulign\u00e9 les impacts qu&#8217;un retour \u00e0 la stabilit\u00e9 aurait sur les populations : \u00ab Cette stabilit\u00e9 permettra \u00e0 des millions de d\u00e9plac\u00e9s de regagner des communaut\u00e9s plus s\u00fbres, d\u2019acc\u00e9der \u00e0 de nouvelles opportunit\u00e9s \u00e9conomiques et de reconstruire des vies bris\u00e9es depuis des g\u00e9n\u00e9rations \u00bb, a-t-il d\u00e9clar\u00e9.<\/p>\n<p>Il a par ailleurs salu\u00e9 le r\u00f4le essentiel jou\u00e9 par l\u2019Union africaine et les communaut\u00e9s \u00e9conomiques r\u00e9gionales, qualifiant leur contribution de \u00ab d\u00e9terminante \u00bb dans la pr\u00e9paration de cette d\u00e9claration.<\/p>\n<p>\u00ab Nous devons saluer le travail remarquable de l\u2019Union africaine et des organisations r\u00e9gionales, qui ont jet\u00e9 les bases de ces discussions \u00bb, a d\u00e9clar\u00e9 Marco Rubio.<\/p>\n<p>Le chef de la diplomatie am\u00e9ricaine a ensuite exprim\u00e9 sa reconnaissance envers Massad Boulos, conseiller principal, ainsi qu\u2019aux repr\u00e9sentants de la RDC et du Rwanda, pour leur engagement dans ce processus.<\/p>\n<p>\u00ab Aujourd\u2019hui marque une \u00e9tape importante vers une r\u00e9gion des Grands Lacs pacifique et prosp\u00e8re \u00bb, a-t-il conclu, r\u00e9affirmant l\u2019engagement des \u00c9tats-Unis \u00e0 soutenir cette dynamique.<\/p>\n<p>Prenant la parole au nom du Pr\u00e9sident Paul Kagame et du gouvernement rwandais, le ministre des Affaires \u00e9trang\u00e8res, l\u2019ambassadeur Olivier Nduhungirehe, a soulign\u00e9 l\u2019importance de s\u2019attaquer aux causes profondes des conflits pour construire une paix durable.<\/p>\n<p>\u00ab Aujourd\u2019hui, nous nous attaquons aux v\u00e9ritables enjeux : les causes fondamentales qu\u2019il est imp\u00e9ratif de traiter pour instaurer une paix durable dans notre r\u00e9gion \u00bb, a d\u00e9clar\u00e9 l\u2019ambassadeur Nduhungirehe, soulignant les priorit\u00e9s que sont la s\u00e9curit\u00e9, le retour des r\u00e9fugi\u00e9s et l\u2019int\u00e9gration \u00e9conomique, notamment \u00e0 travers le d\u00e9veloppement de cha\u00eenes de valeur r\u00e9gionales soutenues par les investissements am\u00e9ricains.<\/p>\n<p>Il a exprim\u00e9 la gratitude du Rwanda envers le pr\u00e9sident Donald Trump, le secr\u00e9taire d\u2019\u00c9tat Marco Rubio et le conseiller principal Massad Boulos pour leur engagement dans la relance du dialogue r\u00e9gional.<\/p>\n<p>Enfin, le ministre Nduhungirehe a rappel\u00e9 que cette &#8220;D\u00e9claration de principes&#8221; s\u2019inscrivait dans la continuit\u00e9 des initiatives africaines en faveur de la paix, appuy\u00e9s par les processus men\u00e9s par la Communaut\u00e9 d\u2019Afrique de l\u2019Est (EAC), la Communaut\u00e9 de d\u00e9veloppement d\u2019Afrique australe (SADC) et les pourparlers de Doha au Qatar, avec pour objectif final la conclusion d\u2019un accord de paix global.<\/p>\n<figure class=\"spip-document spip-document-60399 aligncenter\"><img decoding=\"async\" src=\"https:\/\/fr.igihe.com\/IMG\/jpg\/ond-5.jpg\" alt=\"Le Rwanda et la RDC ont sign\u00e9 une \u00ab D\u00e9claration de principes \u00bb, en pr\u00e9sence du secr\u00e9taire d\u2019\u00c9tat am\u00e9ricain Marco Rubio\" \/><\/figure>\n","protected":false},"excerpt":{"rendered":"<p>Le Rwanda et la R\u00e9publique d\u00e9mocratique du Congo ont sign\u00e9, ce vendredi 25 avril 2025, une \u00ab D\u00e9claration de principes \u00bb, en pr\u00e9sence du secr\u00e9taire d&#8217;\u00c9tat am\u00e9ricain Marco Rubio.<\/p>\n","protected":false},"author":488,"featured_media":4000060398,"comment_status":"open","ping_status":"open","sticky":false,"template":"","format":"standard","meta":{"footnotes":""},"categories":[7544],"tags":[7605],"byline":[9865],"hashtag":[],"class_list":["post-37501","post","type-post","status-publish","format-standard","has-post-thumbnail","hentry","category-politique","tag-homenews","byline-alain-bertrand-tunezerwe"],"bylines":[{"id":9865,"name":"Alain Bertrand Tunezerwe","slug":"alain-bertrand-tunezerwe","description":"","image":{"id":0,"url":"https:\/\/secure.gravatar.com\/avatar\/?s=96&d=mm&f=y&r=g","alt":"Default avatar","title":"Default avatar","caption":"","mime_type":"image\/jpeg","sizes":[]},"user_id":452}],"contributors":[{"id":9865,"name":"Alain Bertrand Tunezerwe","slug":"alain-bertrand-tunezerwe","description":"","image":{"id":0,"url":"https:\/\/secure.gravatar.com\/avatar\/?s=96&d=mm&f=y&r=g","alt":"Default avatar","title":"Default avatar","caption":"","mime_type":"image\/jpeg","sizes":[]},"user_id":452}],"featured_image":{"id":4000060398,"url":"https:\/\/fr-images.igihe.com\/IMG\/logo\/ond_cpp.jpg","alt":"","caption":"","mime_type":"image\/jpeg","width":0,"height":0,"sizes":{"thumbnail":{"url":"https:\/\/fr-images.igihe.com\/IMG\/logo\/ond_cpp.jpg","width":1,"height":1},"medium":{"url":"https:\/\/fr-images.igihe.com\/IMG\/logo\/ond_cpp.jpg","width":1,"height":1},"medium_large":{"url":"https:\/\/fr-images.igihe.com\/IMG\/logo\/ond_cpp.jpg","width":1,"height":1},"large":{"url":"https:\/\/fr-images.igihe.com\/IMG\/logo\/ond_cpp.jpg","width":1,"height":1},"full":{"url":"https:\/\/fr-images.igihe.com\/IMG\/logo\/ond_cpp.jpg","width":0,"height":0}}},"_links":{"self":[{"href":"https:\/\/new.igihe.com\/french\/wp-json\/wp\/v2\/posts\/37501","targetHints":{"allow":["GET"]}}],"collection":[{"href":"https:\/\/new.igihe.com\/french\/wp-json\/wp\/v2\/posts"}],"about":[{"href":"https:\/\/new.igihe.com\/french\/wp-json\/wp\/v2\/types\/post"}],"author":[{"embeddable":true,"href":"https:\/\/new.igihe.com\/french\/wp-json\/wp\/v2\/users\/488"}],"replies":[{"embeddable":true,"href":"https:\/\/new.igihe.com\/french\/wp-json\/wp\/v2\/comments?post=37501"}],"version-history":[{"count":0,"href":"https:\/\/new.igihe.com\/french\/wp-json\/wp\/v2\/posts\/37501\/revisions"}],"wp:featuredmedia":[{"embeddable":true,"href":"https:\/\/new.igihe.com\/french\/wp-json\/wp\/v2\/media\/4000060398"}],"wp:attachment":[{"href":"https:\/\/new.igihe.com\/french\/wp-json\/wp\/v2\/media?parent=37501"}],"wp:term":[{"taxonomy":"category","embeddable":true,"href":"https:\/\/new.igihe.com\/french\/wp-json\/wp\/v2\/categories?post=37501"},{"taxonomy":"post_tag","embeddable":true,"href":"https:\/\/new.igihe.com\/french\/wp-json\/wp\/v2\/tags?post=37501"},{"taxonomy":"byline","embeddable":true,"href":"https:\/\/new.igihe.com\/french\/wp-json\/wp\/v2\/byline?post=37501"},{"taxonomy":"hashtag","embeddable":true,"href":"https:\/\/new.igihe.com\/french\/wp-json\/wp\/v2\/hashtag?post=37501"}],"curies":[{"name":"wp","href":"https:\/\/api.w.org\/{rel}","templated":true}]}}