{"id":37500,"date":"2025-04-25T15:07:34","date_gmt":"2025-04-25T15:07:34","guid":{"rendered":"https:\/\/new.igihe.com\/french\/La-Police-nationale-exhortee-a-defendre-l-unite-nationale-37500\/"},"modified":"2025-04-25T15:05:52","modified_gmt":"2025-04-25T15:05:52","slug":"La-Police-nationale-exhortee-a-defendre-l-unite-nationale","status":"publish","type":"post","link":"https:\/\/new.igihe.com\/french\/La-Police-nationale-exhortee-a-defendre-l-unite-nationale\/","title":{"rendered":"La Police nationale exhort\u00e9e \u00e0 d\u00e9fendre l&#8217;unit\u00e9 nationale"},"content":{"rendered":"<p>Cette conf\u00e9rence, organis\u00e9e dans le cadre des 100 jours de comm\u00e9moration en cours, a r\u00e9uni des responsables institutionnels, des officiers sup\u00e9rieurs de la police ainsi que divers autres officiels. Les participants y ont re\u00e7u des \u00e9claircissements approfondis sur les origines, la planification et l&#8217;ex\u00e9cution du g\u00e9nocide perp\u00e9tr\u00e9 contre les Tutsi, ainsi que sur les strat\u00e9gies actuelles mises en \u0153uvre pour combattre l\u2019id\u00e9ologie g\u00e9nocidaire qui perdure encore aujourd\u2019hui.<\/p>\n<p>Pr\u00e9sentant une analyse d\u00e9taill\u00e9e des origines historiques du divisionnisme ethnique au Rwanda, le ministre Bizimana a mis en \u00e9vidence le r\u00f4le qu&#8217;a eu le r\u00e9gime colonial dans l\u2019instauration de cette logique. Il a expliqu\u00e9 que la s\u00e9gr\u00e9gation fond\u00e9e sur l&#8217;identit\u00e9, introduite par les administrateurs coloniaux et renforc\u00e9e par les missionnaires, avait progressivement mis en place un syst\u00e8me de discrimination qui a abouti au g\u00e9nocide contre les Tutsi. <\/p>\n<p>\u00ab Le g\u00e9nocide n\u2019a pas \u00e9t\u00e9 un acte spontan\u00e9 \u2013 c\u2019\u00e9tait un projet politique soigneusement planifi\u00e9 \u00bb, a pr\u00e9cis\u00e9 le Dr Bizimana. \u00ab Les structures cr\u00e9\u00e9es pendant la colonisation, ainsi que les acteurs politiques de l\u2019apr\u00e8s-ind\u00e9pendance, ont entretenu et institutionnalis\u00e9 la haine ethnique, avec le soutien de certains m\u00e9dias, partis politiques et de l\u2019arm\u00e9e (Ex-FAR). Cela a incit\u00e9 des citoyens \u00e0 se retourner contre leurs propres compatriotes. \u00bb<\/p>\n<p>Le ministre a retrac\u00e9 l\u2019escalade des violences anti-Tutsi depuis 1959, marqu\u00e9e par des vagues successives de pers\u00e9cutions et d\u2019exils, jusqu\u2019\u00e0 la campagne d\u2019extermination syst\u00e9matique survenue entre 1990 et 1994. Il a \u00e9galement mis en \u00e9vidence le r\u00f4le central de la propagande et des institutions de l\u2019\u00c9tat dans la diffusion de la haine et la l\u00e9gitimation des massacres de masse.<\/p>\n<p>Dans le but de lutter contre l\u2019id\u00e9ologie du g\u00e9nocide, le ministre Bizimana a insist\u00e9 sur l\u2019approche globale adopt\u00e9e par le Rwanda, notamment \u00e0 travers l\u2019\u00e9ducation des jeunes via les programmes scolaires, la promotion de l\u2019identit\u00e9 nationale avec le programme \u00ab Ndi Umunyarwanda \u00bb, l\u2019implication des communaut\u00e9s par le biais de &#8220;l\u2019Itorero&#8221; et des dialogues, ainsi que par la pr\u00e9servation de la m\u00e9moire des victimes gr\u00e2ce aux visites des m\u00e9moriaux du g\u00e9nocide contre les Tutsi. Il a \u00e9galement \u00e9voqu\u00e9 la mise en \u0153uvre de la justice pour les auteurs, la r\u00e9int\u00e9gration des anciens condamn\u00e9s dans la soci\u00e9t\u00e9 et l\u2019utilisation de strat\u00e9gies num\u00e9riques pour contrer la haine en ligne.<\/p>\n<p>Saluant la profondeur de l&#8217;expos\u00e9 du ministre, l&#8217;Inspecteur g\u00e9n\u00e9ral de la police (IGP), le Commissaire g\u00e9n\u00e9ral F\u00e9lix Namuhoranye, a pr\u00e9conis\u00e9 l&#8217;int\u00e9gration de tels programmes dans toutes les acad\u00e9mies de police, soulignant que cette histoire est essentielle pour enraciner chez chaque officier l&#8217;engagement institutionnel envers l&#8217;unit\u00e9 et la justice.<\/p>\n<figure class=\"spip-document spip-document-60396 aligncenter\"><img decoding=\"async\" src=\"https:\/\/fr.igihe.com\/IMG\/jpg\/b3-4.jpg\" alt=\"Une conf\u00e9rence publique portant sur le g\u00e9nocide contre les Tutsi de 1994 au Rwanda a \u00e9t\u00e9 tenue au si\u00e8ge de la Police nationale du Rwanda\" \/><\/figure>\n<figure class=\"spip-document spip-document-60397 aligncenter\"><img decoding=\"async\" src=\"https:\/\/fr.igihe.com\/IMG\/jpg\/b1-4.jpg\" alt=\"le ministre Bizimana a mis en \u00e9vidence le r\u00f4le qu\u2019a eu le r\u00e9gime colonial dans l\u2019instauration d&#039;une logique de haine \u00e9thnique\" \/><\/figure>\n<figure class=\"spip-document spip-document-60395 aligncenter\"><img decoding=\"async\" src=\"https:\/\/fr.igihe.com\/IMG\/jpg\/b2-4.jpg\" alt=\"Cette conf\u00e9rence a r\u00e9uni des responsables institutionnels, des officiers sup\u00e9rieurs de la police ainsi que divers autres officiels\" \/><\/figure>\n","protected":false},"excerpt":{"rendered":"<p>Une conf\u00e9rence publique portant sur le g\u00e9nocide contre les Tutsi de 1994 au Rwanda a \u00e9t\u00e9 tenue ce jeudi 24 avril 2025 par le Dr Jean Damasc\u00e8ne Bizimana, ministre de l\u2019Unit\u00e9 nationale et de l\u2019Engagement civique, au si\u00e8ge de la Police nationale du Rwanda.<\/p>\n","protected":false},"author":488,"featured_media":4000060394,"comment_status":"open","ping_status":"open","sticky":false,"template":"","format":"standard","meta":{"footnotes":""},"categories":[7544],"tags":[7605],"byline":[7717],"hashtag":[],"class_list":["post-37500","post","type-post","status-publish","format-standard","has-post-thumbnail","hentry","category-politique","tag-homenews","byline-igihe"],"bylines":[{"id":7717,"name":"IGIHE","slug":"igihe","description":"","image":{"id":0,"url":"https:\/\/secure.gravatar.com\/avatar\/?s=96&d=mm&f=y&r=g","alt":"Default avatar","title":"Default avatar","caption":"","mime_type":"image\/jpeg","sizes":[]},"user_id":393}],"contributors":[{"id":7717,"name":"IGIHE","slug":"igihe","description":"","image":{"id":0,"url":"https:\/\/secure.gravatar.com\/avatar\/?s=96&d=mm&f=y&r=g","alt":"Default avatar","title":"Default avatar","caption":"","mime_type":"image\/jpeg","sizes":[]},"user_id":393}],"featured_image":{"id":4000060394,"url":"https:\/\/fr-images.igihe.com\/IMG\/logo\/b2_cp.jpg","alt":"","caption":"","mime_type":"image\/jpeg","width":0,"height":0,"sizes":{"thumbnail":{"url":"https:\/\/fr-images.igihe.com\/IMG\/logo\/b2_cp.jpg","width":1,"height":1},"medium":{"url":"https:\/\/fr-images.igihe.com\/IMG\/logo\/b2_cp.jpg","width":1,"height":1},"medium_large":{"url":"https:\/\/fr-images.igihe.com\/IMG\/logo\/b2_cp.jpg","width":1,"height":1},"large":{"url":"https:\/\/fr-images.igihe.com\/IMG\/logo\/b2_cp.jpg","width":1,"height":1},"full":{"url":"https:\/\/fr-images.igihe.com\/IMG\/logo\/b2_cp.jpg","width":0,"height":0}}},"_links":{"self":[{"href":"https:\/\/new.igihe.com\/french\/wp-json\/wp\/v2\/posts\/37500","targetHints":{"allow":["GET"]}}],"collection":[{"href":"https:\/\/new.igihe.com\/french\/wp-json\/wp\/v2\/posts"}],"about":[{"href":"https:\/\/new.igihe.com\/french\/wp-json\/wp\/v2\/types\/post"}],"author":[{"embeddable":true,"href":"https:\/\/new.igihe.com\/french\/wp-json\/wp\/v2\/users\/488"}],"replies":[{"embeddable":true,"href":"https:\/\/new.igihe.com\/french\/wp-json\/wp\/v2\/comments?post=37500"}],"version-history":[{"count":0,"href":"https:\/\/new.igihe.com\/french\/wp-json\/wp\/v2\/posts\/37500\/revisions"}],"wp:featuredmedia":[{"embeddable":true,"href":"https:\/\/new.igihe.com\/french\/wp-json\/wp\/v2\/media\/4000060394"}],"wp:attachment":[{"href":"https:\/\/new.igihe.com\/french\/wp-json\/wp\/v2\/media?parent=37500"}],"wp:term":[{"taxonomy":"category","embeddable":true,"href":"https:\/\/new.igihe.com\/french\/wp-json\/wp\/v2\/categories?post=37500"},{"taxonomy":"post_tag","embeddable":true,"href":"https:\/\/new.igihe.com\/french\/wp-json\/wp\/v2\/tags?post=37500"},{"taxonomy":"byline","embeddable":true,"href":"https:\/\/new.igihe.com\/french\/wp-json\/wp\/v2\/byline?post=37500"},{"taxonomy":"hashtag","embeddable":true,"href":"https:\/\/new.igihe.com\/french\/wp-json\/wp\/v2\/hashtag?post=37500"}],"curies":[{"name":"wp","href":"https:\/\/api.w.org\/{rel}","templated":true}]}}