{"id":37499,"date":"2025-04-25T13:44:12","date_gmt":"2025-04-25T13:44:12","guid":{"rendered":"https:\/\/new.igihe.com\/french\/Echanges-entre-le-president-du-Senat-et-Joao-Lourenco-sur-la-securite-regionale-37499\/"},"modified":"2025-04-25T13:41:34","modified_gmt":"2025-04-25T13:41:34","slug":"Echanges-entre-le-president-du-Senat-et-Joao-Lourenco-sur-la-securite-regionale","status":"publish","type":"post","link":"https:\/\/new.igihe.com\/french\/Echanges-entre-le-president-du-Senat-et-Joao-Lourenco-sur-la-securite-regionale\/","title":{"rendered":"Echanges entre le pr\u00e9sident du S\u00e9nat et Jo\u00e3o Louren\u00e7o sur la s\u00e9curit\u00e9 r\u00e9gionale"},"content":{"rendered":"<p>Kalinda et d&#8217;autres leaders parlementaires, dont Nelly Mutti (Zambie), Vital Kamerhe (RDC), Carolina Cerqueira (Angola) et Amason Kingi (Kenya), se sont r\u00e9unis \u00e0 Luanda pour un sommet consacr\u00e9 \u00e0 la gouvernance inclusive.<\/p>\n<p>\u00c0 l&#8217;issue de cette rencontre, ils ont \u00e9t\u00e9 re\u00e7us par Jo\u00e3o Louren\u00e7o, pr\u00e9sident de l&#8217;Union africaine et pr\u00e9sident angolais, \u00e0 qui ils ont pr\u00e9sent\u00e9 un rapport d\u00e9taillant les activit\u00e9s des groupes arm\u00e9s dans l&#8217;est de la RDC, les violences persistantes et les pistes possibles pouvant y mettre fin.<\/p>\n<p>Selon le bureau de la pr\u00e9sidence angolaise, Nelly Mutti, pr\u00e9sidente du forum des leaders parlementaires r\u00e9gionaux, a pr\u00e9cis\u00e9 que le rapport met en \u00e9vidence des strat\u00e9gies efficaces susceptibles de contribuer \u00e0 r\u00e9soudre la crise dans l&#8217;est de la RDC et \u00e0 renforcer la stabilit\u00e9 r\u00e9gionale.<\/p>\n<p>Le pr\u00e9sident Louren\u00e7o et Mutti ont insist\u00e9 sur la n\u00e9cessit\u00e9 pour les nations africaines de prendre un r\u00f4le actif dans la r\u00e9solution des tensions persistantes entre le Rwanda et la RDC, tensions directement li\u00e9es \u00e0 l&#8217;ins\u00e9curit\u00e9 qui pr\u00e9vaut dans la r\u00e9gion orientale du pays.<\/p>\n<figure class=\"spip-document spip-document-60393 aligncenter\"><img decoding=\"async\" src=\"https:\/\/fr.igihe.com\/IMG\/jpg\/jl_1.jpg\" alt=\"Fran\u00e7ois Xavier Kalinda, pr\u00e9sident du S\u00e9nat, a men\u00e9 des discussions avec le pr\u00e9sident de l\u2019Union Africaine, Jo\u00e3o Louren\u00e7o\" \/><\/figure>\n<figure class=\"spip-document spip-document-60392 aligncenter\"><img decoding=\"async\" src=\"https:\/\/fr.igihe.com\/IMG\/jpg\/jl_2.jpg\" alt=\"Kalinda et d\u2019autres leaders parlementaires africains, se sont r\u00e9unis \u00e0 Luanda pour un sommet consacr\u00e9 \u00e0 la gouvernance inclusive\" \/><\/figure>\n","protected":false},"excerpt":{"rendered":"<p>Fran\u00e7ois Xavier Kalinda, pr\u00e9sident du S\u00e9nat, a men\u00e9 des discussions avec le pr\u00e9sident de l&#8217;Union Africaine, Jo\u00e3o Louren\u00e7o, aux c\u00f4t\u00e9s de ses homologues r\u00e9gionaux, sur la situation s\u00e9curitaire dans l&#8217;est de la RDC. <\/p>\n","protected":false},"author":488,"featured_media":4000060391,"comment_status":"open","ping_status":"open","sticky":false,"template":"","format":"standard","meta":{"footnotes":""},"categories":[7544],"tags":[7605],"byline":[7717],"hashtag":[],"class_list":["post-37499","post","type-post","status-publish","format-standard","has-post-thumbnail","hentry","category-politique","tag-homenews","byline-igihe"],"bylines":[{"id":7717,"name":"IGIHE","slug":"igihe","description":"","image":{"id":0,"url":"https:\/\/secure.gravatar.com\/avatar\/?s=96&d=mm&f=y&r=g","alt":"Default avatar","title":"Default avatar","caption":"","mime_type":"image\/jpeg","sizes":[]},"user_id":393}],"contributors":[{"id":7717,"name":"IGIHE","slug":"igihe","description":"","image":{"id":0,"url":"https:\/\/secure.gravatar.com\/avatar\/?s=96&d=mm&f=y&r=g","alt":"Default avatar","title":"Default avatar","caption":"","mime_type":"image\/jpeg","sizes":[]},"user_id":393}],"featured_image":{"id":4000060391,"url":"https:\/\/fr-images.igihe.com\/IMG\/logo\/jl_1_cp.jpg","alt":"","caption":"","mime_type":"image\/jpeg","width":0,"height":0,"sizes":{"thumbnail":{"url":"https:\/\/fr-images.igihe.com\/IMG\/logo\/jl_1_cp.jpg","width":1,"height":1},"medium":{"url":"https:\/\/fr-images.igihe.com\/IMG\/logo\/jl_1_cp.jpg","width":1,"height":1},"medium_large":{"url":"https:\/\/fr-images.igihe.com\/IMG\/logo\/jl_1_cp.jpg","width":1,"height":1},"large":{"url":"https:\/\/fr-images.igihe.com\/IMG\/logo\/jl_1_cp.jpg","width":1,"height":1},"full":{"url":"https:\/\/fr-images.igihe.com\/IMG\/logo\/jl_1_cp.jpg","width":0,"height":0}}},"_links":{"self":[{"href":"https:\/\/new.igihe.com\/french\/wp-json\/wp\/v2\/posts\/37499","targetHints":{"allow":["GET"]}}],"collection":[{"href":"https:\/\/new.igihe.com\/french\/wp-json\/wp\/v2\/posts"}],"about":[{"href":"https:\/\/new.igihe.com\/french\/wp-json\/wp\/v2\/types\/post"}],"author":[{"embeddable":true,"href":"https:\/\/new.igihe.com\/french\/wp-json\/wp\/v2\/users\/488"}],"replies":[{"embeddable":true,"href":"https:\/\/new.igihe.com\/french\/wp-json\/wp\/v2\/comments?post=37499"}],"version-history":[{"count":0,"href":"https:\/\/new.igihe.com\/french\/wp-json\/wp\/v2\/posts\/37499\/revisions"}],"wp:featuredmedia":[{"embeddable":true,"href":"https:\/\/new.igihe.com\/french\/wp-json\/wp\/v2\/media\/4000060391"}],"wp:attachment":[{"href":"https:\/\/new.igihe.com\/french\/wp-json\/wp\/v2\/media?parent=37499"}],"wp:term":[{"taxonomy":"category","embeddable":true,"href":"https:\/\/new.igihe.com\/french\/wp-json\/wp\/v2\/categories?post=37499"},{"taxonomy":"post_tag","embeddable":true,"href":"https:\/\/new.igihe.com\/french\/wp-json\/wp\/v2\/tags?post=37499"},{"taxonomy":"byline","embeddable":true,"href":"https:\/\/new.igihe.com\/french\/wp-json\/wp\/v2\/byline?post=37499"},{"taxonomy":"hashtag","embeddable":true,"href":"https:\/\/new.igihe.com\/french\/wp-json\/wp\/v2\/hashtag?post=37499"}],"curies":[{"name":"wp","href":"https:\/\/api.w.org\/{rel}","templated":true}]}}