{"id":37495,"date":"2025-04-25T10:41:06","date_gmt":"2025-04-25T10:41:06","guid":{"rendered":"https:\/\/new.igihe.com\/french\/Macron-souhaite-un-role-cle-de-la-France-dans-les-negociations-entre-le-Rwanda-37495\/"},"modified":"2025-04-25T10:37:35","modified_gmt":"2025-04-25T10:37:35","slug":"Macron-souhaite-un-role-cle-de-la-France-dans-les-negociations-entre-le-Rwanda","status":"publish","type":"post","link":"https:\/\/new.igihe.com\/french\/Macron-souhaite-un-role-cle-de-la-France-dans-les-negociations-entre-le-Rwanda\/","title":{"rendered":"Macron souhaite un r\u00f4le cl\u00e9 de la France dans les n\u00e9gociations entre le Rwanda et la RDC"},"content":{"rendered":"<p>Lors d&#8217;une interview sur TV5 Monde, Emmanuel Macron a soulign\u00e9 l&#8217;importance de la coop\u00e9ration entre les organisations de l\u2019Afrique de l\u2019Est (EAC) et de l\u2019Afrique australe (SADC) pour r\u00e9tablir la paix dans l\u2019est de la RDC et, plus largement, dans la r\u00e9gion.<\/p>\n<p>En 2022, Macron a \u00e9t\u00e9 le premier dirigeant non africain \u00e0 prendre l&#8217;initiative de rapprocher le Rwanda et la RDC, alors que les tensions entre les deux pays avaient atteint un niveau critique. Gr\u00e2ce \u00e0 ses efforts, le Pr\u00e9sident Paul Kagame et F\u00e9lix Tshisekedi ont pu se rencontrer \u00e0 New York, sous l\u2019\u00e9gide de Jo\u00e3o Louren\u00e7o, m\u00e9diateur des n\u00e9gociations organis\u00e9es \u00e0 Luanda.<\/p>\n<p>En f\u00e9vrier 2025, Macron a de nouveau tent\u00e9 de r\u00e9unir les deux chefs d\u2019\u00c9tat, mais Tshisekedi a refus\u00e9 de se rendre \u00e0 Paris, invoquant la poursuite de l&#8217;occupation par l\u2019AFC\/M23 de territoires en RDC, notamment Goma, selon Jeune Afrique.<\/p>\n<p>Dans le m\u00eame temps, l&#8217;EAC et la SADC ont d\u00e9sign\u00e9 quatre m\u00e9diateurs pour soutenir les Congolais dans les n\u00e9gociations de Luanda-Nairobi, avec, en particulier, Faure Essozimna Gnassingb\u00e9, pr\u00e9sident du Togo, charg\u00e9 de faciliter le rapprochement entre le Rwanda et la RDC.<\/p>\n<p>Les n\u00e9gociations en cours au Qatar ont fait des avanc\u00e9es significatives, marqu\u00e9es par la signature, le 23 avril dernier, d\u2019un accord de cessation des hostilit\u00e9s entre le gouvernement congolais et l&#8217;AFC\/M23, ouvrant ainsi la voie \u00e0 des pourparlers dans un climat plus favorable \u00e0 une paix durable.<\/p>\n<p>Le pr\u00e9sident Macron a r\u00e9affirm\u00e9 son soutien aux n\u00e9gociations politiques, qu\u2019il consid\u00e8re comme la seule solution viable pour r\u00e9soudre les conflits dans la r\u00e9gion. Il a pr\u00e9cis\u00e9 que la France souhaite jouer un r\u00f4le de m\u00e9diateur actif dans ce processus.<\/p>\n<p>\u00ab Nous voulons assurer que la souverainet\u00e9 territoriale, l&#8217;ind\u00e9pendance et les int\u00e9r\u00eats de chaque partie soient respect\u00e9s, et que les conflits politiques et ethniques prennent fin gr\u00e2ce \u00e0 un dialogue entre la RDC, le Rwanda et l&#8217;ensemble de la r\u00e9gion \u00bb, a-t-il d\u00e9clar\u00e9.<\/p>\n<p>Macron a \u00e9galement soulign\u00e9 la d\u00e9gradation alarmante de la situation s\u00e9curitaire dans l\u2019est de la RDC, aggrav\u00e9e par les violences ethniques croissantes, et a r\u00e9affirm\u00e9 la volont\u00e9 de la France de pr\u00e9venir la r\u00e9p\u00e9tition de la trag\u00e9die survenue en 1994 au Rwanda, insistant sur le fait que la France continue de collaborer avec les dirigeants r\u00e9gionaux, ainsi qu&#8217;avec le pr\u00e9sident Gnassingb\u00e9, pour parvenir \u00e0 une solution durable \u00e0 la crise.<\/p>\n<figure class=\"spip-document spip-document-60382 aligncenter\"><img decoding=\"async\" src=\"https:\/\/fr.igihe.com\/IMG\/jpg\/em-2.jpg\" alt=\"Emmanuel Macron a exprim\u00e9 son souhait de voir la France jouer un r\u00f4le cl\u00e9 dans les n\u00e9gociations de paix entre le Rwanda et la RDC\" \/><\/figure>\n","protected":false},"excerpt":{"rendered":"<p>Le pr\u00e9sident fran\u00e7ais Emmanuel Macron a exprim\u00e9 son souhait de voir la France jouer un r\u00f4le cl\u00e9 dans les n\u00e9gociations de paix visant \u00e0 r\u00e9tablir la stabilit\u00e9 dans la r\u00e9gion des Grands Lacs.<\/p>\n","protected":false},"author":488,"featured_media":4000060381,"comment_status":"open","ping_status":"open","sticky":false,"template":"","format":"standard","meta":{"footnotes":""},"categories":[7544],"tags":[7605],"byline":[9865],"hashtag":[],"class_list":["post-37495","post","type-post","status-publish","format-standard","has-post-thumbnail","hentry","category-politique","tag-homenews","byline-alain-bertrand-tunezerwe"],"bylines":[{"id":9865,"name":"Alain Bertrand Tunezerwe","slug":"alain-bertrand-tunezerwe","description":"","image":{"id":0,"url":"https:\/\/secure.gravatar.com\/avatar\/?s=96&d=mm&f=y&r=g","alt":"Default avatar","title":"Default avatar","caption":"","mime_type":"image\/jpeg","sizes":[]},"user_id":452}],"contributors":[{"id":9865,"name":"Alain Bertrand Tunezerwe","slug":"alain-bertrand-tunezerwe","description":"","image":{"id":0,"url":"https:\/\/secure.gravatar.com\/avatar\/?s=96&d=mm&f=y&r=g","alt":"Default avatar","title":"Default avatar","caption":"","mime_type":"image\/jpeg","sizes":[]},"user_id":452}],"featured_image":{"id":4000060381,"url":"https:\/\/fr-images.igihe.com\/IMG\/logo\/em_cp-2.jpg","alt":"","caption":"","mime_type":"image\/jpeg","width":0,"height":0,"sizes":{"thumbnail":{"url":"https:\/\/fr-images.igihe.com\/IMG\/logo\/em_cp-2.jpg","width":1,"height":1},"medium":{"url":"https:\/\/fr-images.igihe.com\/IMG\/logo\/em_cp-2.jpg","width":1,"height":1},"medium_large":{"url":"https:\/\/fr-images.igihe.com\/IMG\/logo\/em_cp-2.jpg","width":1,"height":1},"large":{"url":"https:\/\/fr-images.igihe.com\/IMG\/logo\/em_cp-2.jpg","width":1,"height":1},"full":{"url":"https:\/\/fr-images.igihe.com\/IMG\/logo\/em_cp-2.jpg","width":0,"height":0}}},"_links":{"self":[{"href":"https:\/\/new.igihe.com\/french\/wp-json\/wp\/v2\/posts\/37495","targetHints":{"allow":["GET"]}}],"collection":[{"href":"https:\/\/new.igihe.com\/french\/wp-json\/wp\/v2\/posts"}],"about":[{"href":"https:\/\/new.igihe.com\/french\/wp-json\/wp\/v2\/types\/post"}],"author":[{"embeddable":true,"href":"https:\/\/new.igihe.com\/french\/wp-json\/wp\/v2\/users\/488"}],"replies":[{"embeddable":true,"href":"https:\/\/new.igihe.com\/french\/wp-json\/wp\/v2\/comments?post=37495"}],"version-history":[{"count":0,"href":"https:\/\/new.igihe.com\/french\/wp-json\/wp\/v2\/posts\/37495\/revisions"}],"wp:featuredmedia":[{"embeddable":true,"href":"https:\/\/new.igihe.com\/french\/wp-json\/wp\/v2\/media\/4000060381"}],"wp:attachment":[{"href":"https:\/\/new.igihe.com\/french\/wp-json\/wp\/v2\/media?parent=37495"}],"wp:term":[{"taxonomy":"category","embeddable":true,"href":"https:\/\/new.igihe.com\/french\/wp-json\/wp\/v2\/categories?post=37495"},{"taxonomy":"post_tag","embeddable":true,"href":"https:\/\/new.igihe.com\/french\/wp-json\/wp\/v2\/tags?post=37495"},{"taxonomy":"byline","embeddable":true,"href":"https:\/\/new.igihe.com\/french\/wp-json\/wp\/v2\/byline?post=37495"},{"taxonomy":"hashtag","embeddable":true,"href":"https:\/\/new.igihe.com\/french\/wp-json\/wp\/v2\/hashtag?post=37495"}],"curies":[{"name":"wp","href":"https:\/\/api.w.org\/{rel}","templated":true}]}}