{"id":37494,"date":"2025-04-25T09:24:17","date_gmt":"2025-04-25T09:24:17","guid":{"rendered":"https:\/\/new.igihe.com\/french\/Un-accord-entre-le-Rwanda-et-la-RDC-bientot-signe-aux-Etats-Unis-37494\/"},"modified":"2025-04-29T10:17:45","modified_gmt":"2025-04-29T10:17:45","slug":"Un-accord-entre-le-Rwanda-et-la-RDC-bientot-signe-aux-Etats-Unis","status":"publish","type":"post","link":"https:\/\/new.igihe.com\/french\/Un-accord-entre-le-Rwanda-et-la-RDC-bientot-signe-aux-Etats-Unis\/","title":{"rendered":"Un accord entre le Rwanda et la RDC bient\u00f4t sign\u00e9 aux \u00c9tats-Unis"},"content":{"rendered":"<p>Selon une d\u00e9claration du D\u00e9partement d&#8217;\u00c9tat am\u00e9ricain, le secr\u00e9taire Rubio supervisera la signature d&#8217;une &#8220;d\u00e9claration de principes&#8221; ce vendredi 25 avril 2025, en pr\u00e9sence de la ministre des Affaires \u00e9trang\u00e8res de la RDC, Th\u00e9r\u00e8se Kayikwamba Wagner, et du ministre rwandais des Affaires \u00e9trang\u00e8res, Olivier Nduhungirehe.<\/p>\n<p>Une d\u00e9claration de principes est un document formel qui d\u00e9finit les valeurs communes, les intentions et les engagements des parties impliqu\u00e9es dans un processus diplomatique ou de paix. Bien qu&#8217;elle ne soit pas toujours juridiquement contraignante, elle constitue un cadre essentiel pour de futures n\u00e9gociations ou accords.<\/p>\n<p>Le D\u00e9partement d&#8217;\u00c9tat n&#8217;a pas encore donn\u00e9 de pr\u00e9cisions sur le contenu de cet accord.<\/p>\n<p>Olivier Nduhungirehe a confirm\u00e9 \u00e0 IGIHE que la signature est bien pr\u00e9vue, sans toutefois d\u00e9voiler les termes sp\u00e9cifiques de l&#8217;accord.<\/p>\n<figure class=\"spip-document spip-document-60380 aligncenter\"><img decoding=\"async\" src=\"https:\/\/fr.igihe.com\/IMG\/jpg\/nd-5.jpg\" alt=\"Le secr\u00e9taire d\u2019\u00c9tat am\u00e9ricain, Marco Rubio, s\u2019appr\u00eate \u00e0 pr\u00e9sider la signature d\u2019un accord entre le Rwanda et la RDC\" \/><\/figure>\n","protected":false},"excerpt":{"rendered":"<p>Le secr\u00e9taire d&#8217;\u00c9tat am\u00e9ricain, Marco Rubio, s&#8217;appr\u00eate \u00e0 pr\u00e9sider la signature d&#8217;un accord entre le Rwanda et la R\u00e9publique D\u00e9mocratique du Congo.<\/p>\n","protected":false},"author":488,"featured_media":4000060379,"comment_status":"open","ping_status":"open","sticky":false,"template":"","format":"standard","meta":{"footnotes":""},"categories":[7544],"tags":[7605],"byline":[7717],"hashtag":[],"class_list":["post-37494","post","type-post","status-publish","format-standard","has-post-thumbnail","hentry","category-politique","tag-homenews","byline-igihe"],"bylines":[{"id":7717,"name":"IGIHE","slug":"igihe","description":"","image":{"id":0,"url":"https:\/\/secure.gravatar.com\/avatar\/?s=96&d=mm&f=y&r=g","alt":"Default avatar","title":"Default avatar","caption":"","mime_type":"image\/jpeg","sizes":[]},"user_id":393}],"contributors":[{"id":7717,"name":"IGIHE","slug":"igihe","description":"","image":{"id":0,"url":"https:\/\/secure.gravatar.com\/avatar\/?s=96&d=mm&f=y&r=g","alt":"Default avatar","title":"Default avatar","caption":"","mime_type":"image\/jpeg","sizes":[]},"user_id":393}],"featured_image":{"id":4000060379,"url":"https:\/\/fr-images.igihe.com\/IMG\/logo\/nd_cp-2.jpg","alt":"","caption":"","mime_type":"image\/jpeg","width":0,"height":0,"sizes":{"thumbnail":{"url":"https:\/\/fr-images.igihe.com\/IMG\/logo\/nd_cp-2.jpg","width":1,"height":1},"medium":{"url":"https:\/\/fr-images.igihe.com\/IMG\/logo\/nd_cp-2.jpg","width":1,"height":1},"medium_large":{"url":"https:\/\/fr-images.igihe.com\/IMG\/logo\/nd_cp-2.jpg","width":1,"height":1},"large":{"url":"https:\/\/fr-images.igihe.com\/IMG\/logo\/nd_cp-2.jpg","width":1,"height":1},"full":{"url":"https:\/\/fr-images.igihe.com\/IMG\/logo\/nd_cp-2.jpg","width":0,"height":0}}},"_links":{"self":[{"href":"https:\/\/new.igihe.com\/french\/wp-json\/wp\/v2\/posts\/37494","targetHints":{"allow":["GET"]}}],"collection":[{"href":"https:\/\/new.igihe.com\/french\/wp-json\/wp\/v2\/posts"}],"about":[{"href":"https:\/\/new.igihe.com\/french\/wp-json\/wp\/v2\/types\/post"}],"author":[{"embeddable":true,"href":"https:\/\/new.igihe.com\/french\/wp-json\/wp\/v2\/users\/488"}],"replies":[{"embeddable":true,"href":"https:\/\/new.igihe.com\/french\/wp-json\/wp\/v2\/comments?post=37494"}],"version-history":[{"count":0,"href":"https:\/\/new.igihe.com\/french\/wp-json\/wp\/v2\/posts\/37494\/revisions"}],"wp:featuredmedia":[{"embeddable":true,"href":"https:\/\/new.igihe.com\/french\/wp-json\/wp\/v2\/media\/4000060379"}],"wp:attachment":[{"href":"https:\/\/new.igihe.com\/french\/wp-json\/wp\/v2\/media?parent=37494"}],"wp:term":[{"taxonomy":"category","embeddable":true,"href":"https:\/\/new.igihe.com\/french\/wp-json\/wp\/v2\/categories?post=37494"},{"taxonomy":"post_tag","embeddable":true,"href":"https:\/\/new.igihe.com\/french\/wp-json\/wp\/v2\/tags?post=37494"},{"taxonomy":"byline","embeddable":true,"href":"https:\/\/new.igihe.com\/french\/wp-json\/wp\/v2\/byline?post=37494"},{"taxonomy":"hashtag","embeddable":true,"href":"https:\/\/new.igihe.com\/french\/wp-json\/wp\/v2\/hashtag?post=37494"}],"curies":[{"name":"wp","href":"https:\/\/api.w.org\/{rel}","templated":true}]}}