{"id":37487,"date":"2025-04-24T11:51:29","date_gmt":"2025-04-24T11:51:29","guid":{"rendered":"https:\/\/new.igihe.com\/french\/130-refugies-evacues-de-Libye-accueillis-au-Rwanda-37487\/"},"modified":"2025-04-24T11:49:51","modified_gmt":"2025-04-24T11:49:51","slug":"130-refugies-evacues-de-Libye-accueillis-au-Rwanda","status":"publish","type":"post","link":"https:\/\/new.igihe.com\/french\/130-refugies-evacues-de-Libye-accueillis-au-Rwanda\/","title":{"rendered":"130 r\u00e9fugi\u00e9s \u00e9vacu\u00e9s de Libye accueillis au Rwanda"},"content":{"rendered":"<p>Le groupe, arriv\u00e9 ce mercredi 23 avril 2025 au soir, constitue la 21e cohorte d&#8217;\u00e9vacu\u00e9s en provenance de Libye vers le Rwanda.<\/p>\n<p>Ces individus sont originaires de quatre pays : 14 sont d&#8217;\u00c9rythr\u00e9e, 81 du Soudan, 21 d&#8217;\u00c9thiopie et 21 du Soudan du Sud.<\/p>\n<p>Mis en place en 2019, le M\u00e9canisme de Transit d&#8217;Urgence est un partenariat \u00e9tablie entre le gouvernement rwandais, le HCR et l&#8217;Union africaine. En ao\u00fbt dernier, ce programme a \u00e9t\u00e9 prolong\u00e9 jusqu&#8217;au 31 d\u00e9cembre 2025. Il a pour objectif, offrir une protection imm\u00e9diate, une assistance humanitaire et des solutions durables pour les r\u00e9fugi\u00e9s vuln\u00e9rables pi\u00e9g\u00e9s en Libye, en les relogeant temporairement au Rwanda, en attendant la recherche de solutions de r\u00e9installation \u00e0 long terme.<\/p>\n<p>Dans une d\u00e9claration conjointe publi\u00e9e le 22 ao\u00fbt 2024, les trois parties ont r\u00e9affirm\u00e9 leur engagement \u00e0 prot\u00e9ger les \u00e9vacu\u00e9s et \u00e0 leur trouver des solutions durables, tout en garantissant un refuge s\u00fbr au Rwanda.<\/p>\n<p>\u00ab Le gouvernement du Rwanda r\u00e9it\u00e8re son engagement absolu \u00e0 accueillir et \u00e0 prot\u00e9ger ces individus, ainsi que ceux identifi\u00e9s comme particuli\u00e8rement vuln\u00e9rables et \u00e0 risque \u00bb, pr\u00e9cise en partie la d\u00e9claration.<\/p>\n<p>Les parties ont \u00e9galement annonc\u00e9 l\u2019adoption d\u2019un second addendum \u00e0 l\u2019Accord-cadre initial, sign\u00e9 le 10 septembre 2019, qui met l\u2019accent sur un processus de s\u00e9lection des \u00e9vacu\u00e9s plus transparent, garantissant l\u2019\u00e9galit\u00e9 des chances pour tous les candidats, quelle que soit leur nationalit\u00e9, origine ethnique, sexe, \u00e2ge ou tout autre crit\u00e8re, \u00e0 l\u2019exception de leur niveau de vuln\u00e9rabilit\u00e9.<\/p>\n<p>Le premier groupe de 66 \u00e9vacu\u00e9s est arriv\u00e9 au Rwanda le 26 septembre 2019. Depuis, un total de 2 760 personnes ont \u00e9t\u00e9 \u00e9vacu\u00e9es, dont plus de 2 100 ont d\u00e9j\u00e0 \u00e9t\u00e9 r\u00e9install\u00e9es dans des pays tiers.<\/p>\n<figure class=\"spip-document spip-document-60363 aligncenter\"><img decoding=\"async\" src=\"https:\/\/fr.igihe.com\/IMG\/jpg\/l1-5.jpg\" alt=\"Le Rwanda a offert refuge \u00e0 137 r\u00e9fugi\u00e9s et demandeurs d\u2019asile \u00e9vacu\u00e9s de Libye\" \/><\/figure>\n<figure class=\"spip-document spip-document-60362 aligncenter\"><img decoding=\"async\" src=\"https:\/\/fr.igihe.com\/IMG\/jpg\/l2-6.jpg\" alt=\"Le groupe est arriv\u00e9 ce mercredi 23 avril 2025 au soir\" \/><\/figure>\n<figure class=\"spip-document spip-document-60361 aligncenter\"><img decoding=\"async\" src=\"https:\/\/fr.igihe.com\/IMG\/jpg\/l3-5.jpg\" alt=\"Le groupe constitue la 21e cohorte d\u2019\u00e9vacu\u00e9s en provenance de Libye vers le Rwanda\" \/><\/figure>\n<figure class=\"spip-document spip-document-60360 aligncenter\"><img decoding=\"async\" src=\"https:\/\/fr.igihe.com\/IMG\/jpg\/l4-4.jpg\" alt=\"Le gouvernement a r\u00e9it\u00e9r\u00e9 son engagement \u00e0 accueillir et \u00e0 prot\u00e9ger les individus identifi\u00e9s comme vuln\u00e9rables\" \/><\/figure>\n","protected":false},"excerpt":{"rendered":"<p>Dans le cadre du M\u00e9canisme de Transit d&#8217;Urgence (ETM), \u00e9tabli par un accord avec le Haut-Commissariat des Nations Unies pour les r\u00e9fugi\u00e9s (HCR), le Rwanda a offert refuge \u00e0 137 r\u00e9fugi\u00e9s et demandeurs d&#8217;asile \u00e9vacu\u00e9s de Libye.<\/p>\n","protected":false},"author":488,"featured_media":4000060359,"comment_status":"open","ping_status":"open","sticky":false,"template":"","format":"standard","meta":{"footnotes":""},"categories":[7587],"tags":[7605],"byline":[7717],"hashtag":[],"class_list":["post-37487","post","type-post","status-publish","format-standard","has-post-thumbnail","hentry","category-justice","tag-homenews","byline-igihe"],"bylines":[{"id":7717,"name":"IGIHE","slug":"igihe","description":"","image":{"id":0,"url":"https:\/\/secure.gravatar.com\/avatar\/?s=96&d=mm&f=y&r=g","alt":"Default avatar","title":"Default avatar","caption":"","mime_type":"image\/jpeg","sizes":[]},"user_id":393}],"contributors":[{"id":7717,"name":"IGIHE","slug":"igihe","description":"","image":{"id":0,"url":"https:\/\/secure.gravatar.com\/avatar\/?s=96&d=mm&f=y&r=g","alt":"Default avatar","title":"Default avatar","caption":"","mime_type":"image\/jpeg","sizes":[]},"user_id":393}],"featured_image":{"id":4000060359,"url":"https:\/\/fr-images.igihe.com\/IMG\/logo\/l2_cp-3.jpg","alt":"","caption":"","mime_type":"image\/jpeg","width":0,"height":0,"sizes":{"thumbnail":{"url":"https:\/\/fr-images.igihe.com\/IMG\/logo\/l2_cp-3.jpg","width":1,"height":1},"medium":{"url":"https:\/\/fr-images.igihe.com\/IMG\/logo\/l2_cp-3.jpg","width":1,"height":1},"medium_large":{"url":"https:\/\/fr-images.igihe.com\/IMG\/logo\/l2_cp-3.jpg","width":1,"height":1},"large":{"url":"https:\/\/fr-images.igihe.com\/IMG\/logo\/l2_cp-3.jpg","width":1,"height":1},"full":{"url":"https:\/\/fr-images.igihe.com\/IMG\/logo\/l2_cp-3.jpg","width":0,"height":0}}},"_links":{"self":[{"href":"https:\/\/new.igihe.com\/french\/wp-json\/wp\/v2\/posts\/37487","targetHints":{"allow":["GET"]}}],"collection":[{"href":"https:\/\/new.igihe.com\/french\/wp-json\/wp\/v2\/posts"}],"about":[{"href":"https:\/\/new.igihe.com\/french\/wp-json\/wp\/v2\/types\/post"}],"author":[{"embeddable":true,"href":"https:\/\/new.igihe.com\/french\/wp-json\/wp\/v2\/users\/488"}],"replies":[{"embeddable":true,"href":"https:\/\/new.igihe.com\/french\/wp-json\/wp\/v2\/comments?post=37487"}],"version-history":[{"count":0,"href":"https:\/\/new.igihe.com\/french\/wp-json\/wp\/v2\/posts\/37487\/revisions"}],"wp:featuredmedia":[{"embeddable":true,"href":"https:\/\/new.igihe.com\/french\/wp-json\/wp\/v2\/media\/4000060359"}],"wp:attachment":[{"href":"https:\/\/new.igihe.com\/french\/wp-json\/wp\/v2\/media?parent=37487"}],"wp:term":[{"taxonomy":"category","embeddable":true,"href":"https:\/\/new.igihe.com\/french\/wp-json\/wp\/v2\/categories?post=37487"},{"taxonomy":"post_tag","embeddable":true,"href":"https:\/\/new.igihe.com\/french\/wp-json\/wp\/v2\/tags?post=37487"},{"taxonomy":"byline","embeddable":true,"href":"https:\/\/new.igihe.com\/french\/wp-json\/wp\/v2\/byline?post=37487"},{"taxonomy":"hashtag","embeddable":true,"href":"https:\/\/new.igihe.com\/french\/wp-json\/wp\/v2\/hashtag?post=37487"}],"curies":[{"name":"wp","href":"https:\/\/api.w.org\/{rel}","templated":true}]}}