{"id":37486,"date":"2025-04-24T11:49:37","date_gmt":"2025-04-24T11:49:37","guid":{"rendered":"https:\/\/new.igihe.com\/french\/Le-ministre-Nduhungirehe-salue-la-treve-entre-la-RDC-et-le-M23-37486\/"},"modified":"2025-04-28T12:20:41","modified_gmt":"2025-04-28T12:20:41","slug":"Le-ministre-Nduhungirehe-salue-la-treve-entre-la-RDC-et-le-M23","status":"publish","type":"post","link":"https:\/\/new.igihe.com\/french\/Le-ministre-Nduhungirehe-salue-la-treve-entre-la-RDC-et-le-M23\/","title":{"rendered":"Le ministre Nduhungirehe salue la tr\u00eave entre la RDC et le M23"},"content":{"rendered":"<p>La tr\u00eave, facilit\u00e9e par l\u2019\u00c9tat du Qatar, a \u00e9t\u00e9 annonc\u00e9e le 23 avril 2025 \u00e0 l\u2019issue de pourparlers de paix jug\u00e9s constructifs, tenus \u00e0 Doha. Elle survient quelques semaines seulement apr\u00e8s une rencontre inattendue au Qatar entre le pr\u00e9sident rwandais, Paul Kagame, et son homologue congolais, F\u00e9lix Tshisekedi \u2014 un t\u00eate-\u00e0-t\u00eate qui a marqu\u00e9 la fin d\u2019une longue p\u00e9riode de blocage diplomatique entre les deux pays.<\/p>\n<p>\u00ab La d\u00e9claration conjointe entre le gouvernement de la R\u00e9publique d\u00e9mocratique du Congo et le groupe AFC\/M23, conclue sous l\u2019\u00e9gide du Qatar, repr\u00e9sente une avanc\u00e9e significative \u2014 voire d\u00e9cisive \u2014 en direction d\u2019une paix durable dans l\u2019est de la RDC. \u00c0 condition, toutefois, que sa mise en \u0153uvre se fasse dans un esprit de bonne foi et de respect mutuel des engagements pris \u00bb, a d\u00e9clar\u00e9 Olivier Nduhungirehe dans un communiqu\u00e9 officiel.<\/p>\n<p>Le Rwanda a toujours rejet\u00e9 les accusations de Kinshasa selon lesquelles il soutiendrait la r\u00e9bellion du M23, qui contr\u00f4le actuellement de vastes zones dans les provinces du Nord-Kivu et du Sud-Kivu. Kigali affirme que sa principale pr\u00e9occupation s\u00e9curitaire concerne la pr\u00e9sence persistante, sur le territoire congolais, des Forces d\u00e9mocratiques de lib\u00e9ration du Rwanda (FDLR), un groupe arm\u00e9 compos\u00e9 en grande partie de personnes responsables du g\u00e9nocide contre les Tutsi au Rwanda en 1994, r\u00e9fugi\u00e9s en RDC.<\/p>\n<p>Consid\u00e9r\u00e9es par le Rwanda comme une menace majeure \u00e0 sa s\u00e9curit\u00e9 nationale, les FDLR sont depuis longtemps accus\u00e9es de collaborer avec les forces arm\u00e9es congolaises dans leurs op\u00e9rations contre le M23. Kigali appelle r\u00e9guli\u00e8rement les autorit\u00e9s congolaises, ainsi que les partenaires r\u00e9gionaux et internationaux, \u00e0 faire de la neutralisation des FDLR une priorit\u00e9 dans toute d\u00e9marche visant \u00e0 instaurer une paix durable dans la r\u00e9gion des Grands Lacs.<\/p>\n<p>L\u2019accord conclu en avril pr\u00e9voit que le gouvernement de la RDC et le groupe AFC\/M23 r\u00e9affirment leur engagement en faveur d\u2019un cessez-le-feu imm\u00e9diat, ainsi que leur rejet de tout discours de haine et de toute forme d\u2019intimidation. La d\u00e9claration appelle \u00e9galement les communaut\u00e9s locales \u00e0 soutenir activement les efforts de paix, et engage les deux parties \u00e0 un dialogue constructif visant \u00e0 traiter les causes profondes du conflit.<\/p>\n<p>\u00ab Cette dynamique de paix dans la r\u00e9gion s\u2019accompagne d\u2019autres initiatives actuellement en cours en ce mois d\u2019avril 2025, auxquelles le Rwanda prend pleinement part \u00bb, a ajout\u00e9 Nduhungirehe.<\/p>\n<p>Plusieurs initiatives r\u00e9gionales, notamment celles men\u00e9es par la Communaut\u00e9 de l\u2019Afrique de l\u2019Est (EAC) et l\u2019Union africaine (UA), avaient auparavant tent\u00e9 de favoriser une m\u00e9diation entre Kigali et Kinshasa, sans aboutir \u00e0 des r\u00e9sultats durables. En revanche, les r\u00e9cents pourparlers conduits sous l\u2019\u00e9gide du Qatar semblent marquer une avanc\u00e9e significative \u2014 non seulement dans les relations entre la RDC et le Rwanda, mais aussi en faveur d\u2019une stabilit\u00e9 renforc\u00e9e dans l\u2019ensemble de la r\u00e9gion des Grands Lacs.<\/p>\n<p>Il reste \u00e0 voir si les engagements \u00e9nonc\u00e9s dans la d\u00e9claration seront effectivement respect\u00e9s.<\/p>\n<figure class=\"spip-document spip-document-60358 aligncenter\"><img decoding=\"async\" src=\"https:\/\/fr.igihe.com\/IMG\/jpg\/ond-4.jpg\" alt=\"Olivier Nduhungirehe, a qualifi\u00e9 de \u00ab d\u00e9cisive \u00bb la d\u00e9claration conjointe entre la R\u00e9publique d\u00e9mocratique du Congo et le groupe rebelle AFC\/M23 \" \/><\/figure>\n","protected":false},"excerpt":{"rendered":"<p>Le ministre des Affaires \u00e9trang\u00e8res, Olivier Nduhungirehe, a qualifi\u00e9 de \u00ab d\u00e9cisive \u00bb la d\u00e9claration conjointe entre la R\u00e9publique d\u00e9mocratique du Congo et le groupe rebelle AFC\/M23 en vue d\u2019une paix durable dans l\u2019est de la RDC, tout en pr\u00e9cisant que sa concr\u00e9tisation d\u00e9pendra de la bonne foi et du respect des engagements de toutes les parties prenantes.<\/p>\n","protected":false},"author":488,"featured_media":4000060357,"comment_status":"open","ping_status":"open","sticky":false,"template":"","format":"standard","meta":{"footnotes":""},"categories":[7544],"tags":[7605],"byline":[9865],"hashtag":[],"class_list":["post-37486","post","type-post","status-publish","format-standard","has-post-thumbnail","hentry","category-politique","tag-homenews","byline-alain-bertrand-tunezerwe"],"bylines":[{"id":9865,"name":"Alain Bertrand Tunezerwe","slug":"alain-bertrand-tunezerwe","description":"","image":{"id":0,"url":"https:\/\/secure.gravatar.com\/avatar\/?s=96&d=mm&f=y&r=g","alt":"Default avatar","title":"Default avatar","caption":"","mime_type":"image\/jpeg","sizes":[]},"user_id":452}],"contributors":[{"id":9865,"name":"Alain Bertrand Tunezerwe","slug":"alain-bertrand-tunezerwe","description":"","image":{"id":0,"url":"https:\/\/secure.gravatar.com\/avatar\/?s=96&d=mm&f=y&r=g","alt":"Default avatar","title":"Default avatar","caption":"","mime_type":"image\/jpeg","sizes":[]},"user_id":452}],"featured_image":{"id":4000060357,"url":"https:\/\/fr-images.igihe.com\/IMG\/logo\/ond_cp-6.jpg","alt":"","caption":"","mime_type":"image\/jpeg","width":0,"height":0,"sizes":{"thumbnail":{"url":"https:\/\/fr-images.igihe.com\/IMG\/logo\/ond_cp-6.jpg","width":1,"height":1},"medium":{"url":"https:\/\/fr-images.igihe.com\/IMG\/logo\/ond_cp-6.jpg","width":1,"height":1},"medium_large":{"url":"https:\/\/fr-images.igihe.com\/IMG\/logo\/ond_cp-6.jpg","width":1,"height":1},"large":{"url":"https:\/\/fr-images.igihe.com\/IMG\/logo\/ond_cp-6.jpg","width":1,"height":1},"full":{"url":"https:\/\/fr-images.igihe.com\/IMG\/logo\/ond_cp-6.jpg","width":0,"height":0}}},"_links":{"self":[{"href":"https:\/\/new.igihe.com\/french\/wp-json\/wp\/v2\/posts\/37486","targetHints":{"allow":["GET"]}}],"collection":[{"href":"https:\/\/new.igihe.com\/french\/wp-json\/wp\/v2\/posts"}],"about":[{"href":"https:\/\/new.igihe.com\/french\/wp-json\/wp\/v2\/types\/post"}],"author":[{"embeddable":true,"href":"https:\/\/new.igihe.com\/french\/wp-json\/wp\/v2\/users\/488"}],"replies":[{"embeddable":true,"href":"https:\/\/new.igihe.com\/french\/wp-json\/wp\/v2\/comments?post=37486"}],"version-history":[{"count":0,"href":"https:\/\/new.igihe.com\/french\/wp-json\/wp\/v2\/posts\/37486\/revisions"}],"wp:featuredmedia":[{"embeddable":true,"href":"https:\/\/new.igihe.com\/french\/wp-json\/wp\/v2\/media\/4000060357"}],"wp:attachment":[{"href":"https:\/\/new.igihe.com\/french\/wp-json\/wp\/v2\/media?parent=37486"}],"wp:term":[{"taxonomy":"category","embeddable":true,"href":"https:\/\/new.igihe.com\/french\/wp-json\/wp\/v2\/categories?post=37486"},{"taxonomy":"post_tag","embeddable":true,"href":"https:\/\/new.igihe.com\/french\/wp-json\/wp\/v2\/tags?post=37486"},{"taxonomy":"byline","embeddable":true,"href":"https:\/\/new.igihe.com\/french\/wp-json\/wp\/v2\/byline?post=37486"},{"taxonomy":"hashtag","embeddable":true,"href":"https:\/\/new.igihe.com\/french\/wp-json\/wp\/v2\/hashtag?post=37486"}],"curies":[{"name":"wp","href":"https:\/\/api.w.org\/{rel}","templated":true}]}}