{"id":37481,"date":"2025-04-23T14:51:12","date_gmt":"2025-04-23T14:51:12","guid":{"rendered":"https:\/\/new.igihe.com\/french\/Le-cardinal-Ambongo-denonce-les-causes-internes-de-l-instabilite-en-RDC-37481\/"},"modified":"2025-04-28T11:38:56","modified_gmt":"2025-04-28T11:38:56","slug":"Le-cardinal-Ambongo-denonce-les-causes-internes-de-l-instabilite-en-RDC","status":"publish","type":"post","link":"https:\/\/new.igihe.com\/french\/Le-cardinal-Ambongo-denonce-les-causes-internes-de-l-instabilite-en-RDC\/","title":{"rendered":"Le cardinal Ambongo d\u00e9nonce les causes internes de l&#8217;instabilit\u00e9 en RDC"},"content":{"rendered":"<p>Dans son message de P\u00e2ques, prononc\u00e9 le 20 avril 2025, le cardinal Fridolin Ambongo a compar\u00e9 la R\u00e9publique d\u00e9mocratique du Congo \u00e0 un patient plong\u00e9 dans le coma. \u00ab Nous savons tr\u00e8s bien que notre pays souffre d\u2019une douleur extr\u00eame, il est gravement malade. Et lorsqu\u2019un patient est dans le coma, il est difficile de pr\u00e9voir son avenir. Aujourd\u2019hui, la RDC est dans cet \u00e9tat de coma \u00bb, a-t-il d\u00e9clar\u00e9. Il a notamment d\u00e9nonc\u00e9 le pillage des ressources naturelles du pays par de grandes puissances \u00e9trang\u00e8res comme l\u2019un des principaux facteurs de cette crise profonde.<\/p>\n<p>Le cardinal Fridolin Ambongo a vivement d\u00e9nonc\u00e9 la cupidit\u00e9 des multinationales mini\u00e8res, accus\u00e9es d\u2019exploiter sans scrupule les minerais, les for\u00eats et les ressources en eau de la RDC. Il a \u00e9galement point\u00e9 l\u2019absence d\u2019un appareil militaire digne de ce nom, incapable de garantir la souverainet\u00e9 du pays \u2014 une faiblesse qui, selon lui, permet la progression des rebelles de l\u2019AFC\/M23 dans l\u2019est du territoire.<\/p>\n<p>Contrairement au discours officiel qui fait de Kigali le principal soutien de l\u2019AFC\/M23, le pr\u00e9lat renvoie la responsabilit\u00e9 aux failles internes du pays : \u00ab La premi\u00e8re cause de l\u2019absence de paix dans notre pays, ce ne sont pas les \u00e9trangers, ce n\u2019est pas le Rwanda. C\u2019est nous-m\u00eames, les Congolais. \u00bb a-t-il insist\u00e9.<\/p>\n<p>Le cardinal Ambongo fustige avec virulence l\u2019indiff\u00e9rence des \u00e9lites politiques face \u00e0 la guerre qui ravage l\u2019est du pays depuis trois ans. \u00ab Alors que le pays est en guerre, que l\u2019ennemi gagne du terrain, notre seule pr\u00e9occupation est de vouloir nous partager le g\u00e2teau. Que faire pour entrer au Parlement ? Pour acc\u00e9der au gouvernement ? Pour s\u2019enrichir ? \u00bb, s\u2019indigne-t-il.<\/p>\n<p>Il s\u2019interroge par ailleurs sur les raisons profondes qui poussent certains jeunes Congolais \u2014 y compris originaires de Kinshasa \u2014 \u00e0 rejoindre les rangs de l\u2019AFC\/M23. Plut\u00f4t que de les condamner, il appelle \u00e0 comprendre leur d\u00e9tresse :<\/p>\n<p>\u00ab On peut les consid\u00e9rer comme des tra\u00eetres, mais la vraie question est de savoir pourquoi ces personnes en arrivent l\u00e0. \u00bb<\/p>\n<p>Le cardinal Ambongo d\u00e9nonce ensuite la mauvaise r\u00e9partition du budget national. Sur les 3 milliards de dollars du budget congolais, 70 % sont accapar\u00e9s par les politiciens, laissant \u00e0 peine 30 % pour la population. \u00ab Comment se fait-il qu\u2019une RDC aussi pauvre verse 33 000 dollars \u00e0 un d\u00e9put\u00e9, tandis qu\u2019un professeur d\u2019universit\u00e9, titulaire d\u2019un doctorat, touche un salaire d\u00e9risoire ? \u00bb, interroge-t-il.<\/p>\n<p>Pour le pr\u00e9lat, cette injustice \u00e9conomique alimente la col\u00e8re populaire et explique en grande partie la mont\u00e9e de l\u2019adh\u00e9sion \u00e0 la r\u00e9bellion. \u00ab Ils rejoignent ceux de l\u2019est en disant qu\u2019ils veulent lib\u00e9rer le pays \u00bb, affirme-t-il. Il d\u00e9nonce \u00e9galement l\u2019instrumentalisation de la justice, d\u00e9plorant que des citoyens se voient spoli\u00e9s leurs biens, souvent sans recours possible, ce qui les pousse \u00e0 consid\u00e9rer les rebelles comme des sauveurs.<\/p>\n<p>Le cardinal appelle le gouvernement \u00e0 cesser des discours vides \u00e9voquant la paix. \u00ab Il ne suffit pas de proclamer la paix, il faut la construire \u00bb, insiste-t-il, soulignant que seule une action concr\u00e8te pourra sortir le pays de la spirale de la mis\u00e8re et du conflit.<\/p>\n<figure class=\"spip-document spip-document-60345 aligncenter\"><img decoding=\"async\" src=\"https:\/\/fr.igihe.com\/IMG\/jpg\/fa-2.jpg\" alt=\"L&#039;archev\u00eaque catholique de Kinshasa, a dress\u00e9 un tableau sombre de la situation en R\u00e9publique d\u00e9mocratique du Congo\" \/><\/figure>\n","protected":false},"excerpt":{"rendered":"<p>Le cardinal Fridolin Ambongo, archev\u00eaque catholique de Kinshasa, a dress\u00e9 un tableau sombre de la situation en R\u00e9publique d\u00e9mocratique du Congo, estimant que l\u2019instabilit\u00e9 que traverse le pays ne saurait \u00eatre imput\u00e9e au Rwanda, contrairement aux accusations r\u00e9currentes du r\u00e9gime de F\u00e9lix Tshisekedi.<\/p>\n","protected":false},"author":488,"featured_media":4000060344,"comment_status":"open","ping_status":"open","sticky":false,"template":"","format":"standard","meta":{"footnotes":""},"categories":[7544],"tags":[7605],"byline":[9865],"hashtag":[],"class_list":["post-37481","post","type-post","status-publish","format-standard","has-post-thumbnail","hentry","category-politique","tag-homenews","byline-alain-bertrand-tunezerwe"],"bylines":[{"id":9865,"name":"Alain Bertrand Tunezerwe","slug":"alain-bertrand-tunezerwe","description":"","image":{"id":0,"url":"https:\/\/secure.gravatar.com\/avatar\/?s=96&d=mm&f=y&r=g","alt":"Default avatar","title":"Default avatar","caption":"","mime_type":"image\/jpeg","sizes":[]},"user_id":452}],"contributors":[{"id":9865,"name":"Alain Bertrand Tunezerwe","slug":"alain-bertrand-tunezerwe","description":"","image":{"id":0,"url":"https:\/\/secure.gravatar.com\/avatar\/?s=96&d=mm&f=y&r=g","alt":"Default avatar","title":"Default avatar","caption":"","mime_type":"image\/jpeg","sizes":[]},"user_id":452}],"featured_image":{"id":4000060344,"url":"https:\/\/fr-images.igihe.com\/IMG\/logo\/fa_cp-2.jpg","alt":"","caption":"","mime_type":"image\/jpeg","width":0,"height":0,"sizes":{"thumbnail":{"url":"https:\/\/fr-images.igihe.com\/IMG\/logo\/fa_cp-2.jpg","width":1,"height":1},"medium":{"url":"https:\/\/fr-images.igihe.com\/IMG\/logo\/fa_cp-2.jpg","width":1,"height":1},"medium_large":{"url":"https:\/\/fr-images.igihe.com\/IMG\/logo\/fa_cp-2.jpg","width":1,"height":1},"large":{"url":"https:\/\/fr-images.igihe.com\/IMG\/logo\/fa_cp-2.jpg","width":1,"height":1},"full":{"url":"https:\/\/fr-images.igihe.com\/IMG\/logo\/fa_cp-2.jpg","width":0,"height":0}}},"_links":{"self":[{"href":"https:\/\/new.igihe.com\/french\/wp-json\/wp\/v2\/posts\/37481","targetHints":{"allow":["GET"]}}],"collection":[{"href":"https:\/\/new.igihe.com\/french\/wp-json\/wp\/v2\/posts"}],"about":[{"href":"https:\/\/new.igihe.com\/french\/wp-json\/wp\/v2\/types\/post"}],"author":[{"embeddable":true,"href":"https:\/\/new.igihe.com\/french\/wp-json\/wp\/v2\/users\/488"}],"replies":[{"embeddable":true,"href":"https:\/\/new.igihe.com\/french\/wp-json\/wp\/v2\/comments?post=37481"}],"version-history":[{"count":0,"href":"https:\/\/new.igihe.com\/french\/wp-json\/wp\/v2\/posts\/37481\/revisions"}],"wp:featuredmedia":[{"embeddable":true,"href":"https:\/\/new.igihe.com\/french\/wp-json\/wp\/v2\/media\/4000060344"}],"wp:attachment":[{"href":"https:\/\/new.igihe.com\/french\/wp-json\/wp\/v2\/media?parent=37481"}],"wp:term":[{"taxonomy":"category","embeddable":true,"href":"https:\/\/new.igihe.com\/french\/wp-json\/wp\/v2\/categories?post=37481"},{"taxonomy":"post_tag","embeddable":true,"href":"https:\/\/new.igihe.com\/french\/wp-json\/wp\/v2\/tags?post=37481"},{"taxonomy":"byline","embeddable":true,"href":"https:\/\/new.igihe.com\/french\/wp-json\/wp\/v2\/byline?post=37481"},{"taxonomy":"hashtag","embeddable":true,"href":"https:\/\/new.igihe.com\/french\/wp-json\/wp\/v2\/hashtag?post=37481"}],"curies":[{"name":"wp","href":"https:\/\/api.w.org\/{rel}","templated":true}]}}