{"id":37480,"date":"2025-04-23T14:44:29","date_gmt":"2025-04-23T14:44:29","guid":{"rendered":"https:\/\/new.igihe.com\/french\/Le-Rwanda-prevoit-la-numerisation-complete-des-dossiers-de-sante-publics-37480\/"},"modified":"2025-04-23T14:41:45","modified_gmt":"2025-04-23T14:41:45","slug":"Le-Rwanda-prevoit-la-numerisation-complete-des-dossiers-de-sante-publics","status":"publish","type":"post","link":"https:\/\/new.igihe.com\/french\/Le-Rwanda-prevoit-la-numerisation-complete-des-dossiers-de-sante-publics\/","title":{"rendered":"Le Rwanda pr\u00e9voit la num\u00e9risation compl\u00e8te des dossiers de sant\u00e9 publics"},"content":{"rendered":"<p>L&#8217;initiative se concentre sur le d\u00e9ploiement \u00e0 l&#8217;\u00e9chelle nationale de la plateforme num\u00e9rique de sant\u00e9 d\u00e9nomm\u00e9e &#8216;e-Ubuzima&#8217;, qui permet aux m\u00e9decins et aux patients d&#8217;acc\u00e9der aux dossiers m\u00e9dicaux en ligne. D\u00e9j\u00e0 d\u00e9ploy\u00e9e dans 15 districts, &#8220;e-Ubuzima&#8221; devrait devenir l&#8217;\u00e9pine dorsale de la gestion des donn\u00e9es de sant\u00e9 au Rwanda.<\/p>\n<p>\u00ab Nous avons d\u00e9fini un objectif pr\u00e9cis : d&#8217;ici d\u00e9cembre de cette ann\u00e9e, toutes les structures de sant\u00e9 au Rwanda devront \u00eatre totalement num\u00e9ris\u00e9es \u00bb, a d\u00e9clar\u00e9 Muhammed Semakula, responsable de la Planification, du Suivi et de l\u2019\u00c9valuation ainsi que du Financement de la Sant\u00e9 au Minist\u00e8re de la Sant\u00e9, dans une interview accord\u00e9e au journal &#8220;New Times&#8221;.<\/p>\n<p>Bien que le syst\u00e8me soit pr\u00eat pour un d\u00e9ploiement \u00e0 grande \u00e9chelle, Semakula a reconnu que des d\u00e9fis logistiques persistent.<\/p>\n<p>\u00ab Il est n\u00e9cessaire de disposer d&#8217;ordinateurs dans chaque \u00e9tablissement de sant\u00e9. Chaque structure requiert un minimum de 25 ordinateurs pour \u00eatre totalement num\u00e9ris\u00e9e \u00bb, a-t-il pr\u00e9cis\u00e9, en ajoutant que les h\u00f4pitaux plus vastes pourraient avoir besoin davantage d&#8217;\u00e9quipements en raison de la diversit\u00e9 de leurs d\u00e9partements.<\/p>\n<p>Outre l&#8217;acquisition de mat\u00e9riel, le minist\u00e8re met \u00e9galement l&#8217;accent sur la formation des professionnels de sant\u00e9 afin qu&#8217;ils ma\u00eetrisent pleinement les outils num\u00e9riques.<\/p>\n<p>\u00ab Nous observons que de nombreuses personnes de la g\u00e9n\u00e9ration pr\u00e9c\u00e9dente ont des comp\u00e9tences informatiques limit\u00e9es\u2026 C&#8217;est pourquoi une formation continue est essentielle \u00bb, a expliqu\u00e9 Semakula.<\/p>\n<p>\u00ab Chaque \u00e9tablissement de sant\u00e9 n\u00e9cessite environ deux semaines de travail intensif pour op\u00e9rer une transition vers le syst\u00e8me num\u00e9rique, qui d\u00e9pend \u00e9galement d&#8217;une connexion Internet stable.\u00bb  a-t-il ajout\u00e9.<\/p>\n<p>Des efforts sont \u00e9galement en cours pour num\u00e9riser les services de sant\u00e9 au niveau communautaire d&#8217;ici la mi-ann\u00e9e. D&#8217;ici juin 2025, le minist\u00e8re pr\u00e9voit d&#8217;\u00e9quiper les agents de sant\u00e9 communautaires de smartphones connect\u00e9s \u00e0 Internet afin de faciliter la collecte des donn\u00e9es et l&#8217;offre de services de sant\u00e9.<\/p>\n<p>Cette initiative de num\u00e9risation devrait am\u00e9liorer l&#8217;efficacit\u00e9, la pr\u00e9cision des donn\u00e9es et la continuit\u00e9 des soins dans le secteur de la sant\u00e9 \u00e0 travers le pays.<\/p>\n<p>Plus t\u00f4t ce mois-ci, le Rwanda a fait un pas suppl\u00e9mentaire dans le domaine technologique en lan\u00e7ant un centre de sant\u00e9 intelligent de pointe, con\u00e7u pour renforcer la surveillance en temps r\u00e9el des services de sant\u00e9, am\u00e9liorer la prise de d\u00e9cisions et soutenir l&#8217;\u00e9laboration de politiques.<\/p>\n<p>Le centre a \u00e9t\u00e9 inaugur\u00e9 le 3 avril 2025 par le ministre de la Sant\u00e9, Dr. Sabin Nsanzimana, et le secr\u00e9taire d&#8217;\u00c9tat, Dr. Yvan Butera, lors du Sommet mondial de l&#8217;IA en Afrique. Ils \u00e9taient accompagn\u00e9s de ministres de la Sant\u00e9 d&#8217;autres pays africains ainsi que de partenaires du d\u00e9veloppement<\/p>\n<figure class=\"spip-document spip-document-60343 aligncenter\"><img decoding=\"async\" src=\"https:\/\/fr.igihe.com\/IMG\/jpg\/num.jpg\" alt=\"D\u2019ici d\u00e9cembre 2025, le Rwanda pr\u00e9voit de num\u00e9riser l\u2019int\u00e9gralit\u00e9 des dossiers de sant\u00e9 dans toutes ses structures publiques\" \/><\/figure>\n","protected":false},"excerpt":{"rendered":"<p>D&#8217;ici d\u00e9cembre 2025, le Rwanda pr\u00e9voit de num\u00e9riser l&#8217;int\u00e9gralit\u00e9 des dossiers de sant\u00e9 dans toutes ses structures publiques, ont confirm\u00e9 des responsables du Minist\u00e8re de la Sant\u00e9, franchissant ainsi une \u00e9tape vers un syst\u00e8me de sant\u00e9 totalement num\u00e9rique.<\/p>\n","protected":false},"author":488,"featured_media":4000060342,"comment_status":"open","ping_status":"open","sticky":false,"template":"","format":"standard","meta":{"footnotes":""},"categories":[7546],"tags":[7605],"byline":[7717],"hashtag":[],"class_list":["post-37480","post","type-post","status-publish","format-standard","has-post-thumbnail","hentry","category-sante-20","tag-homenews","byline-igihe"],"bylines":[{"id":7717,"name":"IGIHE","slug":"igihe","description":"","image":{"id":0,"url":"https:\/\/secure.gravatar.com\/avatar\/?s=96&d=mm&f=y&r=g","alt":"Default avatar","title":"Default avatar","caption":"","mime_type":"image\/jpeg","sizes":[]},"user_id":393}],"contributors":[{"id":7717,"name":"IGIHE","slug":"igihe","description":"","image":{"id":0,"url":"https:\/\/secure.gravatar.com\/avatar\/?s=96&d=mm&f=y&r=g","alt":"Default avatar","title":"Default avatar","caption":"","mime_type":"image\/jpeg","sizes":[]},"user_id":393}],"featured_image":{"id":4000060342,"url":"https:\/\/fr-images.igihe.com\/IMG\/logo\/num_cp.jpg","alt":"","caption":"","mime_type":"image\/jpeg","width":0,"height":0,"sizes":{"thumbnail":{"url":"https:\/\/fr-images.igihe.com\/IMG\/logo\/num_cp.jpg","width":1,"height":1},"medium":{"url":"https:\/\/fr-images.igihe.com\/IMG\/logo\/num_cp.jpg","width":1,"height":1},"medium_large":{"url":"https:\/\/fr-images.igihe.com\/IMG\/logo\/num_cp.jpg","width":1,"height":1},"large":{"url":"https:\/\/fr-images.igihe.com\/IMG\/logo\/num_cp.jpg","width":1,"height":1},"full":{"url":"https:\/\/fr-images.igihe.com\/IMG\/logo\/num_cp.jpg","width":0,"height":0}}},"_links":{"self":[{"href":"https:\/\/new.igihe.com\/french\/wp-json\/wp\/v2\/posts\/37480","targetHints":{"allow":["GET"]}}],"collection":[{"href":"https:\/\/new.igihe.com\/french\/wp-json\/wp\/v2\/posts"}],"about":[{"href":"https:\/\/new.igihe.com\/french\/wp-json\/wp\/v2\/types\/post"}],"author":[{"embeddable":true,"href":"https:\/\/new.igihe.com\/french\/wp-json\/wp\/v2\/users\/488"}],"replies":[{"embeddable":true,"href":"https:\/\/new.igihe.com\/french\/wp-json\/wp\/v2\/comments?post=37480"}],"version-history":[{"count":0,"href":"https:\/\/new.igihe.com\/french\/wp-json\/wp\/v2\/posts\/37480\/revisions"}],"wp:featuredmedia":[{"embeddable":true,"href":"https:\/\/new.igihe.com\/french\/wp-json\/wp\/v2\/media\/4000060342"}],"wp:attachment":[{"href":"https:\/\/new.igihe.com\/french\/wp-json\/wp\/v2\/media?parent=37480"}],"wp:term":[{"taxonomy":"category","embeddable":true,"href":"https:\/\/new.igihe.com\/french\/wp-json\/wp\/v2\/categories?post=37480"},{"taxonomy":"post_tag","embeddable":true,"href":"https:\/\/new.igihe.com\/french\/wp-json\/wp\/v2\/tags?post=37480"},{"taxonomy":"byline","embeddable":true,"href":"https:\/\/new.igihe.com\/french\/wp-json\/wp\/v2\/byline?post=37480"},{"taxonomy":"hashtag","embeddable":true,"href":"https:\/\/new.igihe.com\/french\/wp-json\/wp\/v2\/hashtag?post=37480"}],"curies":[{"name":"wp","href":"https:\/\/api.w.org\/{rel}","templated":true}]}}