{"id":37479,"date":"2025-04-23T12:57:45","date_gmt":"2025-04-23T12:57:45","guid":{"rendered":"https:\/\/new.igihe.com\/french\/Le-Rwanda-inaugure-son-ambassade-au-Pakistan-37479\/"},"modified":"2025-04-26T11:10:33","modified_gmt":"2025-04-26T11:10:33","slug":"Le-Rwanda-inaugure-son-ambassade-au-Pakistan","status":"publish","type":"post","link":"https:\/\/new.igihe.com\/french\/Le-Rwanda-inaugure-son-ambassade-au-Pakistan\/","title":{"rendered":"Le Rwanda inaugure son ambassade au Pakistan"},"content":{"rendered":"<p>Situ\u00e9e dans la capitale pakistanaise, Islamabad, l\u2019ambassade a \u00e9t\u00e9 officiellement inaugur\u00e9e par le ministre des Affaires \u00e9trang\u00e8res, Olivier Nduhungirehe, \u00e0 l\u2019occasion d\u2019une visite de trois jours qu\u2019il effectuait au Pakistan.<\/p>\n<p>Le ministre a soulign\u00e9 que cette repr\u00e9sentation diplomatique jouera un r\u00f4le d\u00e9terminant dans le renforcement de la coop\u00e9ration bilat\u00e9rale, notamment dans les domaines politique, \u00e9conomique, commercial et bien d\u2019autres encore.<\/p>\n<p>Il a soulign\u00e9 que le Pakistan et le Rwanda disposent de nombreuses opportunit\u00e9s susceptibles de favoriser le d\u00e9veloppement de leurs populations respectives.<\/p>\n<p>\u00c0 cet effet, les deux pays \u0153uvrent actuellement \u00e0 la mise en place d\u2019un cadre juridique propice \u00e0 l\u2019intensification de leurs \u00e9changes commerciaux.<\/p>\n<p>Le ministre Nduhungirehe a notamment \u00e9voqu\u00e9 la pr\u00e9paration d\u2019un accord commercial pr\u00e9f\u00e9rentiel, connu sous le nom de &#8220;Preferential Trade Agreement (PTA)&#8221;, visant \u00e0 faciliter les \u00e9changes, notamment par la r\u00e9duction des droits de douane sur certains produits.<\/p>\n<p>\u00ab Les \u00e9changes commerciaux actuels ne sont pas encore \u00e0 la hauteur des ambitions. Nous devons les porter \u00e0 un niveau sup\u00e9rieur.&#8221; \u00bb a-t-il ajout\u00e9.<\/p>\n<p>Le ministre a soulign\u00e9 que le Rwanda, fort d\u2019une population d\u2019environ 14 millions d\u2019habitants, constitue un march\u00e9 strat\u00e9gique pour les produits pakistanais. \u00c0 l\u2019inverse, le Pakistan, avec plus de 250 millions d\u2019habitants, repr\u00e9sente un march\u00e9 consid\u00e9rable que le Rwanda gagnerait \u00e0 exploiter pleinement.<\/p>\n<p>Pour sa part, le ministre pakistanais en charge des ports, du transport maritime, de la p\u00eache et des affaires maritimes, Muhammad Junaid Anwar Chaudhry, a affirm\u00e9 que les deux pays disposent d\u2019un potentiel important pour stimuler le d\u00e9veloppement \u00e9conomique et les \u00e9changes commerciaux bilat\u00e9raux, indiquant que les ports de Gwadar et de Karachi, situ\u00e9s au Pakistan, pourraient offrir au Rwanda un acc\u00e8s strat\u00e9gique aux march\u00e9s d\u2019Asie du Sud et d\u2019Asie centrale.<\/p>\n<p>L\u2019ouverture de cette ambassade rwandaise s\u2019inscrit dans la continuit\u00e9 des relations diplomatiques croissantes entre les deux pays, le Pakistan ayant inaugur\u00e9 la sienne \u00e0 Kigali en 2021.<\/p>\n<p>Par ailleurs, les gouvernements rwandais et pakistanais ont r\u00e9cemment conclu un accord de coop\u00e9ration portant sur la formation diplomatique, renfor\u00e7ant ainsi leur partenariat institutionnel.<\/p>\n<p>Le 15 juillet 2024, l\u2019ambassadrice Fatou Harerimana a pr\u00e9sent\u00e9 ses lettres de cr\u00e9ance au pr\u00e9sident pakistanais, Asif Ali Zardari, officialisant ainsi sa nomination en tant que repr\u00e9sentante du Rwanda dans ce pays.<\/p>\n<p>Le Pakistan compte parmi les principaux importateurs de produits agricoles rwandais, notamment le th\u00e9, le caf\u00e9, l\u2019avocat, ainsi que d\u2019autres denr\u00e9es issues de l\u2019agriculture et de l\u2019\u00e9levage.<\/p>\n<p>En retour, le Rwanda s\u2019approvisionne au Pakistan en mat\u00e9riel m\u00e9dical, en riz, en \u00e9quipements pour l\u2019industrie textile, en technologies agricoles et en divers autres produits essentiels. <\/p>\n<figure class=\"spip-document spip-document-60341 aligncenter\"><img decoding=\"async\" src=\"https:\/\/fr.igihe.com\/IMG\/jpg\/pk_1-48.jpg\" alt=\"Le gouvernement du Rwanda a inaugur\u00e9 son ambassade au Pakistan\" \/><\/figure>\n<figure class=\"spip-document spip-document-60340 aligncenter\"><img decoding=\"async\" src=\"https:\/\/fr.igihe.com\/IMG\/jpg\/pk_2-48.jpg\" alt=\"Une avanc\u00e9e significative dans le renforcement des relations bilat\u00e9rales a \u00e9t\u00e9 franchie entre les deux nations\" \/><\/figure>\n<figure class=\"spip-document spip-document-60339 aligncenter\"><img decoding=\"async\" src=\"https:\/\/fr.igihe.com\/IMG\/jpg\/pk_3-37.jpg\" alt=\"Cette repr\u00e9sentation diplomatique jouera un r\u00f4le cl\u00e9 dans le renforcement de la coop\u00e9ration dans les domaines politique, \u00e9conomique, commercial, et autres\" \/><\/figure>\n","protected":false},"excerpt":{"rendered":"<p>Le gouvernement du Rwanda a inaugur\u00e9, ce 22 avril 2025, son ambassade au Pakistan, marquant de ce fait une avanc\u00e9e significative dans le renforcement des relations bilat\u00e9rales entre les deux nations. <\/p>\n","protected":false},"author":488,"featured_media":4000060338,"comment_status":"open","ping_status":"open","sticky":false,"template":"","format":"standard","meta":{"footnotes":""},"categories":[7593],"tags":[7605],"byline":[7717],"hashtag":[],"class_list":["post-37479","post","type-post","status-publish","format-standard","has-post-thumbnail","hentry","category-diplomatie","tag-homenews","byline-igihe"],"bylines":[{"id":7717,"name":"IGIHE","slug":"igihe","description":"","image":{"id":0,"url":"https:\/\/secure.gravatar.com\/avatar\/?s=96&d=mm&f=y&r=g","alt":"Default avatar","title":"Default avatar","caption":"","mime_type":"image\/jpeg","sizes":[]},"user_id":393}],"contributors":[{"id":7717,"name":"IGIHE","slug":"igihe","description":"","image":{"id":0,"url":"https:\/\/secure.gravatar.com\/avatar\/?s=96&d=mm&f=y&r=g","alt":"Default avatar","title":"Default avatar","caption":"","mime_type":"image\/jpeg","sizes":[]},"user_id":393}],"featured_image":{"id":4000060338,"url":"https:\/\/fr-images.igihe.com\/IMG\/logo\/pk_1_cp-9.jpg","alt":"","caption":"","mime_type":"image\/jpeg","width":0,"height":0,"sizes":{"thumbnail":{"url":"https:\/\/fr-images.igihe.com\/IMG\/logo\/pk_1_cp-9.jpg","width":1,"height":1},"medium":{"url":"https:\/\/fr-images.igihe.com\/IMG\/logo\/pk_1_cp-9.jpg","width":1,"height":1},"medium_large":{"url":"https:\/\/fr-images.igihe.com\/IMG\/logo\/pk_1_cp-9.jpg","width":1,"height":1},"large":{"url":"https:\/\/fr-images.igihe.com\/IMG\/logo\/pk_1_cp-9.jpg","width":1,"height":1},"full":{"url":"https:\/\/fr-images.igihe.com\/IMG\/logo\/pk_1_cp-9.jpg","width":0,"height":0}}},"_links":{"self":[{"href":"https:\/\/new.igihe.com\/french\/wp-json\/wp\/v2\/posts\/37479","targetHints":{"allow":["GET"]}}],"collection":[{"href":"https:\/\/new.igihe.com\/french\/wp-json\/wp\/v2\/posts"}],"about":[{"href":"https:\/\/new.igihe.com\/french\/wp-json\/wp\/v2\/types\/post"}],"author":[{"embeddable":true,"href":"https:\/\/new.igihe.com\/french\/wp-json\/wp\/v2\/users\/488"}],"replies":[{"embeddable":true,"href":"https:\/\/new.igihe.com\/french\/wp-json\/wp\/v2\/comments?post=37479"}],"version-history":[{"count":0,"href":"https:\/\/new.igihe.com\/french\/wp-json\/wp\/v2\/posts\/37479\/revisions"}],"wp:featuredmedia":[{"embeddable":true,"href":"https:\/\/new.igihe.com\/french\/wp-json\/wp\/v2\/media\/4000060338"}],"wp:attachment":[{"href":"https:\/\/new.igihe.com\/french\/wp-json\/wp\/v2\/media?parent=37479"}],"wp:term":[{"taxonomy":"category","embeddable":true,"href":"https:\/\/new.igihe.com\/french\/wp-json\/wp\/v2\/categories?post=37479"},{"taxonomy":"post_tag","embeddable":true,"href":"https:\/\/new.igihe.com\/french\/wp-json\/wp\/v2\/tags?post=37479"},{"taxonomy":"byline","embeddable":true,"href":"https:\/\/new.igihe.com\/french\/wp-json\/wp\/v2\/byline?post=37479"},{"taxonomy":"hashtag","embeddable":true,"href":"https:\/\/new.igihe.com\/french\/wp-json\/wp\/v2\/hashtag?post=37479"}],"curies":[{"name":"wp","href":"https:\/\/api.w.org\/{rel}","templated":true}]}}