{"id":37472,"date":"2025-04-22T15:01:21","date_gmt":"2025-04-22T15:01:21","guid":{"rendered":"https:\/\/new.igihe.com\/french\/Sud-Kivu-les-troupes-burundaises-subissent-de-lourdes-pertes-37472\/"},"modified":"2025-04-22T14:58:43","modified_gmt":"2025-04-22T14:58:43","slug":"Sud-Kivu-les-troupes-burundaises-subissent-de-lourdes-pertes","status":"publish","type":"post","link":"https:\/\/new.igihe.com\/french\/Sud-Kivu-les-troupes-burundaises-subissent-de-lourdes-pertes\/","title":{"rendered":"Sud-Kivu : les troupes burundaises subissent de lourdes pertes"},"content":{"rendered":"<p>Contrairement aux proc\u00e9dures habituelles, ces soldats, accompagn\u00e9s de plusieurs centaines d\u2019agents des services de renseignement, ont \u00e9t\u00e9 d\u00e9ploy\u00e9s en tenue civile. Ils ont franchi la fronti\u00e8re via la r\u00e9gion d\u2019Ubwari, situ\u00e9e au nord-ouest du lac Tanganyika.<\/p>\n<p>Une fois sur place, ils ont poursuivi leur progression vers les localit\u00e9s de Rugezi et Lulenge, dans la r\u00e9gion de Minembwe, au Sud-Kivu, selon des sources s\u00e9curitaires.<\/p>\n<p>Et ce, alors m\u00eame que, depuis plusieurs jours, le gouvernement burundais appelait \u00e0 une r\u00e9solution politique du conflit \u00e0 l\u2019est de la RDC. Le choix d\u2019envoyer des troupes en tenue civile semble avoir \u00e9t\u00e9 motiv\u00e9 par la volont\u00e9 de masquer leur pr\u00e9sence.<\/p>\n<p>Lors des affrontements survenus le 15 avril 2025 dans plusieurs localit\u00e9s du territoire de Fizi, un nombre important de soldats burundais ont \u00e9t\u00e9 tu\u00e9s, bien que le bilan exact des morts et des bless\u00e9s demeure inconnu.<\/p>\n<p>Trois jours plus tard, le 18 avril, certains bless\u00e9s ont \u00e9t\u00e9 \u00e9vacu\u00e9s vers Bujumbura \u00e0 bord d\u2019un bateau rapide, en traversant le lac Tanganyika.<\/p>\n<p>Cependant, l\u2019op\u00e9ration a tourn\u00e9 au drame : l\u2019embarcation a chavir\u00e9, provoquant la mort de 12 soldats, dont neuf figuraient parmi les bless\u00e9s de ces combats.<\/p>\n<p>Les forces burundaises sont d\u00e9ploy\u00e9es au Sud-Kivu depuis 2022, en vertu d\u2019un accord bilat\u00e9ral de coop\u00e9ration s\u00e9curitaire conclu entre les deux pays. R\u00e9vis\u00e9 en ao\u00fbt 2023, cet accord autorise \u00e9galement leur pr\u00e9sence dans la province du Nord-Kivu.<\/p>\n<p>Depuis l\u2019entr\u00e9e en application de ce partenariat, le Burundi a d\u00e9ploy\u00e9 plus de 20 000 soldats dans l\u2019est de la RDC. Cependant, cette pr\u00e9sence militaire n\u2019a pas permis au gouvernement congolais de reprendre le contr\u00f4le des vastes zones pass\u00e9es sous domination de la coalition AFC\/M23.<\/p>\n<figure class=\"spip-document spip-document-60319 aligncenter\"><img decoding=\"async\" src=\"https:\/\/fr.igihe.com\/IMG\/jpg\/bd-2.jpg\" alt=\"De violents combats \u00e0 Fizi ont inflig\u00e9 de lourdes pertes aux troupes burundaises, bien que le nombre exact de victimes reste inconnu\" \/><\/figure>\n","protected":false},"excerpt":{"rendered":"<p>Afin de contrer le groupe Twirwaneho, affili\u00e9 \u00e0 la coalition AFC qui s&#8217;oppose au r\u00e9gime de la R\u00e9publique d\u00e9mocratique du Congo, le gouvernement du Burundi a r\u00e9cemment d\u00e9ploy\u00e9 une unit\u00e9 sp\u00e9ciale dans la province du Sud-Kivu.<\/p>\n","protected":false},"author":488,"featured_media":4000060318,"comment_status":"open","ping_status":"open","sticky":false,"template":"","format":"standard","meta":{"footnotes":""},"categories":[7540],"tags":[7605],"byline":[9865],"hashtag":[],"class_list":["post-37472","post","type-post","status-publish","format-standard","has-post-thumbnail","hentry","category-securite","tag-homenews","byline-alain-bertrand-tunezerwe"],"bylines":[{"id":9865,"name":"Alain Bertrand Tunezerwe","slug":"alain-bertrand-tunezerwe","description":"","image":{"id":0,"url":"https:\/\/secure.gravatar.com\/avatar\/?s=96&d=mm&f=y&r=g","alt":"Default avatar","title":"Default avatar","caption":"","mime_type":"image\/jpeg","sizes":[]},"user_id":452}],"contributors":[{"id":9865,"name":"Alain Bertrand Tunezerwe","slug":"alain-bertrand-tunezerwe","description":"","image":{"id":0,"url":"https:\/\/secure.gravatar.com\/avatar\/?s=96&d=mm&f=y&r=g","alt":"Default avatar","title":"Default avatar","caption":"","mime_type":"image\/jpeg","sizes":[]},"user_id":452}],"featured_image":{"id":4000060318,"url":"https:\/\/fr-images.igihe.com\/IMG\/logo\/bd_cp.jpg","alt":"","caption":"","mime_type":"image\/jpeg","width":0,"height":0,"sizes":{"thumbnail":{"url":"https:\/\/fr-images.igihe.com\/IMG\/logo\/bd_cp.jpg","width":1,"height":1},"medium":{"url":"https:\/\/fr-images.igihe.com\/IMG\/logo\/bd_cp.jpg","width":1,"height":1},"medium_large":{"url":"https:\/\/fr-images.igihe.com\/IMG\/logo\/bd_cp.jpg","width":1,"height":1},"large":{"url":"https:\/\/fr-images.igihe.com\/IMG\/logo\/bd_cp.jpg","width":1,"height":1},"full":{"url":"https:\/\/fr-images.igihe.com\/IMG\/logo\/bd_cp.jpg","width":0,"height":0}}},"_links":{"self":[{"href":"https:\/\/new.igihe.com\/french\/wp-json\/wp\/v2\/posts\/37472","targetHints":{"allow":["GET"]}}],"collection":[{"href":"https:\/\/new.igihe.com\/french\/wp-json\/wp\/v2\/posts"}],"about":[{"href":"https:\/\/new.igihe.com\/french\/wp-json\/wp\/v2\/types\/post"}],"author":[{"embeddable":true,"href":"https:\/\/new.igihe.com\/french\/wp-json\/wp\/v2\/users\/488"}],"replies":[{"embeddable":true,"href":"https:\/\/new.igihe.com\/french\/wp-json\/wp\/v2\/comments?post=37472"}],"version-history":[{"count":0,"href":"https:\/\/new.igihe.com\/french\/wp-json\/wp\/v2\/posts\/37472\/revisions"}],"wp:featuredmedia":[{"embeddable":true,"href":"https:\/\/new.igihe.com\/french\/wp-json\/wp\/v2\/media\/4000060318"}],"wp:attachment":[{"href":"https:\/\/new.igihe.com\/french\/wp-json\/wp\/v2\/media?parent=37472"}],"wp:term":[{"taxonomy":"category","embeddable":true,"href":"https:\/\/new.igihe.com\/french\/wp-json\/wp\/v2\/categories?post=37472"},{"taxonomy":"post_tag","embeddable":true,"href":"https:\/\/new.igihe.com\/french\/wp-json\/wp\/v2\/tags?post=37472"},{"taxonomy":"byline","embeddable":true,"href":"https:\/\/new.igihe.com\/french\/wp-json\/wp\/v2\/byline?post=37472"},{"taxonomy":"hashtag","embeddable":true,"href":"https:\/\/new.igihe.com\/french\/wp-json\/wp\/v2\/hashtag?post=37472"}],"curies":[{"name":"wp","href":"https:\/\/api.w.org\/{rel}","templated":true}]}}