{"id":37471,"date":"2025-04-22T15:06:49","date_gmt":"2025-04-22T15:06:49","guid":{"rendered":"https:\/\/new.igihe.com\/french\/Les-incoherences-tragiques-de-la-politique-de-Felix-Tshisekedi-37471\/"},"modified":"2025-04-22T15:04:40","modified_gmt":"2025-04-22T15:04:40","slug":"Les-incoherences-tragiques-de-la-politique-de-Felix-Tshisekedi","status":"publish","type":"post","link":"https:\/\/new.igihe.com\/french\/Les-incoherences-tragiques-de-la-politique-de-Felix-Tshisekedi\/","title":{"rendered":"Les incoh\u00e9rences tragiques de la politique de F\u00e9lix Tshisekedi"},"content":{"rendered":"<p>L\u2019attitude qu\u2019il adopte \u00e0 l\u2019\u00e9gard de l\u2019FC\/M23 trahit une incoh\u00e9rence manifeste et une confusion strat\u00e9gique peu compatibles avec les exigences d\u2019un leadership \u00e9clair\u00e9 et d\u2019une diplomatie de haute facture.<\/p>\n<p>Comment comprendre, sans sombrer dans l\u2019absurde, qu\u2019un chef d\u2019\u00c9tat puisse, d\u2019une part, engager des n\u00e9gociations avec le groupe qu\u2019il qualifie par ailleurs de terroriste, accordant ainsi implicitement une l\u00e9gitimit\u00e9 politique \u00e0 ces derniers, tout en poursuivant simultan\u00e9ment l\u2019ancien pr\u00e9sident Joseph Kabila pour un hypoth\u00e9tique soutien \u00e0 ce m\u00eame groupe, soutien dont aucune preuve tangible n\u2019a jusqu\u2019ici \u00e9t\u00e9 rendue publique\u202f? <\/p>\n<p>Cette double posture, oscillant entre ouverture diplomatique et chasse aux sorci\u00e8res, ach\u00e8ve de d\u00e9cr\u00e9dibiliser l\u2019action gouvernementale et de fragiliser davantage les institutions congolaises dans l\u2019opinion tant nationale qu\u2019internationale.<\/p>\n<p>Pire encore, la d\u00e9cision de mettre \u00e0 prix la t\u00eate des chefs rebelles Corneille Nangaa et Bertrand Bisimwa, en pleine tentative de dialogue, t\u00e9moigne d\u2019une d\u00e9sinvolture strat\u00e9gique inqui\u00e9tante. <\/p>\n<p>L\u2019on ne saurait \u00e0 la fois tendre la main et brandir l\u2019\u00e9p\u00e9e sans tomber dans le ridicule ou l\u2019inefficacit\u00e9 tragique. La cr\u00e9dibilit\u00e9 d\u2019un pouvoir r\u00e9side autant dans sa capacit\u00e9 \u00e0 mener des combats justes que dans la coh\u00e9rence des moyens qu\u2019il mobilise pour ce faire. Or ici, cette coh\u00e9rence fait cruellement d\u00e9faut.<\/p>\n<p>Ce brouillage constant des lignes de force, ce balancement entre r\u00e9pression aveugle et pourparlers mal engag\u00e9s, expose au grand jour les limites d\u2019un pouvoir dont l\u2019amateurisme politique devient, \u00e0 mesure que la crise s\u2019enlise, de plus en plus patent. <\/p>\n<p>Un \u00c9tat qui se respecte, et qui aspire \u00e0 la paix dans la dignit\u00e9, doit se d\u00e9partir de ses propres contradictions et d\u00e9finir une ligne claire, lisible et cr\u00e9dible aux yeux de ses citoyens et de ses partenaires. <\/p>\n<p>L\u2019histoire contemporaine abonde en exemples de conflits prolong\u00e9s non point en raison de la seule puissance des groupes arm\u00e9s, mais du fait des h\u00e9sitations et des revirements des gouvernants qui les affrontaient. Il est \u00e0 craindre que la RDC, sous la pr\u00e9sidence Tshisekedi, ne s\u2019engage sur cette funeste voie.<\/p>\n<figure class=\"spip-document spip-document-60315 aligncenter\"><img decoding=\"async\" src=\"https:\/\/fr.igihe.com\/IMG\/jpg\/tchil-10.jpg\" alt=\"Parfois, le pouvoir r\u00e9v\u00e8le moins les qualit\u00e9s d\u2019un homme d\u2019\u00c9tat que les failles de son caract\u00e8re. C\u2019est le cas du pr\u00e9sident Tshisekedi face \u00e0 la crise s\u00e9curitaire \u00e0 l\u2019Est de la RDC\" \/><\/figure>\n","protected":false},"excerpt":{"rendered":"<p>Il est des situations o\u00f9 l\u2019exercice du pouvoir r\u00e9v\u00e8le moins les vertus de l\u2019homme d\u2019\u00c9tat que les asp\u00e9rit\u00e9s de son caract\u00e8re et les errements de sa strat\u00e9gie politique. Le pr\u00e9sident F\u00e9lix Tshisekedi, confront\u00e9 \u00e0 la complexe \u00e9quation s\u00e9curitaire \u00e0 l\u2019Est de la R\u00e9publique d\u00e9mocratique du Congo, en offre aujourd\u2019hui une illustration des plus \u00e9loquentes. <\/p>\n","protected":false},"author":488,"featured_media":4000060314,"comment_status":"open","ping_status":"open","sticky":false,"template":"","format":"standard","meta":{"footnotes":""},"categories":[7544],"tags":[7605],"byline":[9102],"hashtag":[],"class_list":["post-37471","post","type-post","status-publish","format-standard","has-post-thumbnail","hentry","category-politique","tag-homenews","byline-tite-gatabazi"],"bylines":[{"id":9102,"name":"Tite Gatabazi","slug":"tite-gatabazi","description":"","image":{"id":0,"url":"https:\/\/secure.gravatar.com\/avatar\/?s=96&d=mm&f=y&r=g","alt":"Default avatar","title":"Default avatar","caption":"","mime_type":"image\/jpeg","sizes":[]},"user_id":472}],"contributors":[{"id":9102,"name":"Tite Gatabazi","slug":"tite-gatabazi","description":"","image":{"id":0,"url":"https:\/\/secure.gravatar.com\/avatar\/?s=96&d=mm&f=y&r=g","alt":"Default avatar","title":"Default avatar","caption":"","mime_type":"image\/jpeg","sizes":[]},"user_id":472}],"featured_image":{"id":4000060314,"url":"https:\/\/fr-images.igihe.com\/IMG\/logo\/tchil_cp-8.jpg","alt":"","caption":"","mime_type":"image\/jpeg","width":0,"height":0,"sizes":{"thumbnail":{"url":"https:\/\/fr-images.igihe.com\/IMG\/logo\/tchil_cp-8.jpg","width":1,"height":1},"medium":{"url":"https:\/\/fr-images.igihe.com\/IMG\/logo\/tchil_cp-8.jpg","width":1,"height":1},"medium_large":{"url":"https:\/\/fr-images.igihe.com\/IMG\/logo\/tchil_cp-8.jpg","width":1,"height":1},"large":{"url":"https:\/\/fr-images.igihe.com\/IMG\/logo\/tchil_cp-8.jpg","width":1,"height":1},"full":{"url":"https:\/\/fr-images.igihe.com\/IMG\/logo\/tchil_cp-8.jpg","width":0,"height":0}}},"_links":{"self":[{"href":"https:\/\/new.igihe.com\/french\/wp-json\/wp\/v2\/posts\/37471","targetHints":{"allow":["GET"]}}],"collection":[{"href":"https:\/\/new.igihe.com\/french\/wp-json\/wp\/v2\/posts"}],"about":[{"href":"https:\/\/new.igihe.com\/french\/wp-json\/wp\/v2\/types\/post"}],"author":[{"embeddable":true,"href":"https:\/\/new.igihe.com\/french\/wp-json\/wp\/v2\/users\/488"}],"replies":[{"embeddable":true,"href":"https:\/\/new.igihe.com\/french\/wp-json\/wp\/v2\/comments?post=37471"}],"version-history":[{"count":0,"href":"https:\/\/new.igihe.com\/french\/wp-json\/wp\/v2\/posts\/37471\/revisions"}],"wp:featuredmedia":[{"embeddable":true,"href":"https:\/\/new.igihe.com\/french\/wp-json\/wp\/v2\/media\/4000060314"}],"wp:attachment":[{"href":"https:\/\/new.igihe.com\/french\/wp-json\/wp\/v2\/media?parent=37471"}],"wp:term":[{"taxonomy":"category","embeddable":true,"href":"https:\/\/new.igihe.com\/french\/wp-json\/wp\/v2\/categories?post=37471"},{"taxonomy":"post_tag","embeddable":true,"href":"https:\/\/new.igihe.com\/french\/wp-json\/wp\/v2\/tags?post=37471"},{"taxonomy":"byline","embeddable":true,"href":"https:\/\/new.igihe.com\/french\/wp-json\/wp\/v2\/byline?post=37471"},{"taxonomy":"hashtag","embeddable":true,"href":"https:\/\/new.igihe.com\/french\/wp-json\/wp\/v2\/hashtag?post=37471"}],"curies":[{"name":"wp","href":"https:\/\/api.w.org\/{rel}","templated":true}]}}