{"id":37469,"date":"2025-04-22T13:36:27","date_gmt":"2025-04-22T13:36:27","guid":{"rendered":"https:\/\/new.igihe.com\/french\/La-Belgique-a-l-epreuve-de-la-justice-universelle-37469\/"},"modified":"2025-04-22T13:34:37","modified_gmt":"2025-04-22T13:34:37","slug":"La-Belgique-a-l-epreuve-de-la-justice-universelle","status":"publish","type":"post","link":"https:\/\/new.igihe.com\/french\/La-Belgique-a-l-epreuve-de-la-justice-universelle\/","title":{"rendered":"La Belgique \u00e0 l\u2019\u00e9preuve de la justice universelle"},"content":{"rendered":"<p>L\u2019affaire opposant Madame Gis\u00e8le Nebale Busima \u00e0 trois figures de l\u2019appareil politico-s\u00e9curitaire congolais, en t\u00eate desquelles le tr\u00e8s z\u00e9l\u00e9 Patrick Muyaya Katembwe, ministre de la Communication et des M\u00e9dias ; le G\u00e9n\u00e9ral Christian Okura Ndaywel ; et le Colonel Ralph Muzimba en constitue l\u2019illustration \u00e9clatante et tragique.<\/p>\n<p>Deux proc\u00e9dures distinctes, l\u2019une engag\u00e9e devant les juridictions belges et l\u2019autre port\u00e9e devant la justice am\u00e9ricaine, viennent rappeler avec une \u00e9loquence implacable cette v\u00e9rit\u00e9 politique aussi ancienne que les soci\u00e9t\u00e9s humaines elles-m\u00eames : lorsqu\u2019un pouvoir s\u2019affranchit de toute limite, lorsqu\u2019il se d\u00e9robe \u00e0 la contrainte des lois et au contr\u00f4le du droit, il enfante fatalement ses propres monstres, des figures grima\u00e7antes et pr\u00e9datrices qui, sous le couvert des insignes de l\u2019\u00c9tat, commettent l\u2019inqualifiable en toute impunit\u00e9. <\/p>\n<p>Ces actions judiciaires transnationales traduisent ainsi la mont\u00e9e d\u2019une conscience universelle refusant d\u00e9sormais que l\u2019ab\u00eeme de la violence \u00e9tatique demeure confin\u00e9 aux marges de l\u2019attention internationale.<\/p>\n<p>Les faits ici reproch\u00e9s, d\u2019une gravit\u00e9 insondable et d\u2019une violence politique caract\u00e9ris\u00e9e, se d\u00e9clinent en accusations d\u2019enl\u00e8vement, de d\u00e9tention arbitraire et de s\u00e9questration. Ces actes, qui rel\u00e8vent de l\u2019abjection institutionnalis\u00e9e, r\u00e9v\u00e8lent une pratique de la gouvernance o\u00f9 la coercition ill\u00e9gitime, le m\u00e9pris du droit et la brutalit\u00e9 administrative se substituent au dialogue et au respect des libert\u00e9s fondamentales. <\/p>\n<p>En d\u2019autres contextes, de tels forfaits auraient conduit \u00e0 la d\u00e9mission imm\u00e9diate des auteurs pr\u00e9sum\u00e9s et \u00e0 leur traduction devant les juridictions comp\u00e9tentes. Mais dans ce th\u00e9\u00e2tre tragique qu\u2019est encore, h\u00e9las, la R\u00e9publique D\u00e9mocratique du Congo, ces pr\u00e9dateurs du pouvoir prosp\u00e8rent \u00e0 l\u2019ombre d\u2019une impunit\u00e9 savamment entretenue.<\/p>\n<p>Sous d\u2019autres latitudes, de tels actes rel\u00e8veraient d\u2019un contentieux ordinaire de justice p\u00e9nale ; en R\u00e9publique D\u00e9mocratique du Congo, ils demeurent les instruments familiers d\u2019un r\u00e9gime scl\u00e9ros\u00e9, enivr\u00e9 par l\u2019ivresse du pouvoir et l\u2019assurance d\u2019une impunit\u00e9 coutumi\u00e8re.<\/p>\n<p>Il convient d\u00e8s lors de saluer la t\u00e9nacit\u00e9 des avocats de la plaignante, Ma\u00eetres Ren\u00e9 St Fort et Bernard Maingain, qui rappellent \u00e0 juste titre que ces exactions violent de mani\u00e8re flagrante les articles 16 et 18 de la Constitution congolaise du 18 f\u00e9vrier 2006, garantissant le respect de la personne humaine et l\u2019inviolabilit\u00e9 de la libert\u00e9 individuelle.<\/p>\n<p>Mais cette affaire d\u00e9passe le strict cadre des droits de la victime. Elle constitue un r\u00e9v\u00e9lateur, un miroir tendu \u00e0 la communaut\u00e9 internationale et, singuli\u00e8rement, \u00e0 la Belgique, ancien colonisateur et partenaire diplomatique historique de Kinshasa. La question est simple, et pourtant redoutable : la Belgique, qui se targue de d\u00e9fendre les droits de l\u2019homme sur toutes les tribunes, aura-t-elle le courage d\u2019appliquer la justice universelle sans c\u00e9der \u00e0 la tentation de l\u2019indignation s\u00e9lective et des arrangements de coulisse ?<\/p>\n<p>Ce proc\u00e8s, hautement sensible sur le plan diplomatique, mettra \u00e0 nu l\u2019\u00e9cart b\u00e9ant entre les discours de principes et la r\u00e9elle volont\u00e9 politique de prot\u00e9ger les victimes des abus de pouvoir, fussent-elles originaires de pays tenus \u00e0 distance du c\u00e9nacle occidental. Ce sera aussi, pour Bruxelles, l\u2019occasion de prouver que la solidarit\u00e9 humaine ne saurait s\u2019arr\u00eater aux portes des int\u00e9r\u00eats g\u00e9opolitiques.<\/p>\n<p>On rappellera, \u00e0 ce titre, que la justice belge a, par le pass\u00e9, initi\u00e9 des poursuites contre des dignitaires \u00e9trangers pour des faits relevant du m\u00eame registre de barbarie. \u00c0 l\u2019\u00e9vidence, le dossier Nebale Busima pourrait venir s\u2019inscrire dans cette lign\u00e9e et rev\u00eatir la fonction d\u2019un pr\u00e9c\u00e9dent symbolique et op\u00e9ratoire. <\/p>\n<p>La question demeure : la justice aura-t-elle les coud\u00e9es franches ou se heurtera-t-elle, comme tant d\u2019autres avant elle, aux calculs d\u2019appareil et aux prudences diplomatiques feutr\u00e9es ?<\/p>\n<p>Dans ce proc\u00e8s d\u2019honneur, la Belgique joue sa coh\u00e9rence morale. Le Congo, quant \u00e0 lui, y d\u00e9voile l\u2019anatomie d\u2019un pouvoir pr\u00e9dateur et l\u2019agonie d\u2019une R\u00e9publique toujours captive de ses vieux d\u00e9mons.<\/p>\n<figure class=\"spip-document spip-document-60311 aligncenter\"><img decoding=\"async\" src=\"https:\/\/fr.igihe.com\/IMG\/jpg\/pm-4.jpg\" alt=\"Patrick Muyaya Katembwe, ministre de la Communication et des M\u00e9dias de la RDC\" \/><\/figure>\n","protected":false},"excerpt":{"rendered":"<p>Il est des proc\u00e8s qui, au-del\u00e0 de l\u2019ar\u00e8ne judiciaire, r\u00e9sonnent comme de v\u00e9ritables diagnostics moraux et politiques d\u2019une \u00e9poque. <\/p>\n","protected":false},"author":488,"featured_media":4000060310,"comment_status":"open","ping_status":"open","sticky":false,"template":"","format":"standard","meta":{"footnotes":""},"categories":[7544],"tags":[7605],"byline":[9102],"hashtag":[],"class_list":["post-37469","post","type-post","status-publish","format-standard","has-post-thumbnail","hentry","category-politique","tag-homenews","byline-tite-gatabazi"],"bylines":[{"id":9102,"name":"Tite Gatabazi","slug":"tite-gatabazi","description":"","image":{"id":0,"url":"https:\/\/secure.gravatar.com\/avatar\/?s=96&d=mm&f=y&r=g","alt":"Default avatar","title":"Default avatar","caption":"","mime_type":"image\/jpeg","sizes":[]},"user_id":472}],"contributors":[{"id":9102,"name":"Tite Gatabazi","slug":"tite-gatabazi","description":"","image":{"id":0,"url":"https:\/\/secure.gravatar.com\/avatar\/?s=96&d=mm&f=y&r=g","alt":"Default avatar","title":"Default avatar","caption":"","mime_type":"image\/jpeg","sizes":[]},"user_id":472}],"featured_image":{"id":4000060310,"url":"https:\/\/fr-images.igihe.com\/IMG\/logo\/pm_cp.jpg","alt":"","caption":"","mime_type":"image\/jpeg","width":0,"height":0,"sizes":{"thumbnail":{"url":"https:\/\/fr-images.igihe.com\/IMG\/logo\/pm_cp.jpg","width":1,"height":1},"medium":{"url":"https:\/\/fr-images.igihe.com\/IMG\/logo\/pm_cp.jpg","width":1,"height":1},"medium_large":{"url":"https:\/\/fr-images.igihe.com\/IMG\/logo\/pm_cp.jpg","width":1,"height":1},"large":{"url":"https:\/\/fr-images.igihe.com\/IMG\/logo\/pm_cp.jpg","width":1,"height":1},"full":{"url":"https:\/\/fr-images.igihe.com\/IMG\/logo\/pm_cp.jpg","width":0,"height":0}}},"_links":{"self":[{"href":"https:\/\/new.igihe.com\/french\/wp-json\/wp\/v2\/posts\/37469","targetHints":{"allow":["GET"]}}],"collection":[{"href":"https:\/\/new.igihe.com\/french\/wp-json\/wp\/v2\/posts"}],"about":[{"href":"https:\/\/new.igihe.com\/french\/wp-json\/wp\/v2\/types\/post"}],"author":[{"embeddable":true,"href":"https:\/\/new.igihe.com\/french\/wp-json\/wp\/v2\/users\/488"}],"replies":[{"embeddable":true,"href":"https:\/\/new.igihe.com\/french\/wp-json\/wp\/v2\/comments?post=37469"}],"version-history":[{"count":0,"href":"https:\/\/new.igihe.com\/french\/wp-json\/wp\/v2\/posts\/37469\/revisions"}],"wp:featuredmedia":[{"embeddable":true,"href":"https:\/\/new.igihe.com\/french\/wp-json\/wp\/v2\/media\/4000060310"}],"wp:attachment":[{"href":"https:\/\/new.igihe.com\/french\/wp-json\/wp\/v2\/media?parent=37469"}],"wp:term":[{"taxonomy":"category","embeddable":true,"href":"https:\/\/new.igihe.com\/french\/wp-json\/wp\/v2\/categories?post=37469"},{"taxonomy":"post_tag","embeddable":true,"href":"https:\/\/new.igihe.com\/french\/wp-json\/wp\/v2\/tags?post=37469"},{"taxonomy":"byline","embeddable":true,"href":"https:\/\/new.igihe.com\/french\/wp-json\/wp\/v2\/byline?post=37469"},{"taxonomy":"hashtag","embeddable":true,"href":"https:\/\/new.igihe.com\/french\/wp-json\/wp\/v2\/hashtag?post=37469"}],"curies":[{"name":"wp","href":"https:\/\/api.w.org\/{rel}","templated":true}]}}