{"id":37467,"date":"2025-04-22T13:23:31","date_gmt":"2025-04-22T13:23:31","guid":{"rendered":"https:\/\/new.igihe.com\/french\/Felix-Tshisekedi-ou-l-incarnation-du-chaos-et-l-indignite-37467\/"},"modified":"2025-04-22T13:22:02","modified_gmt":"2025-04-22T13:22:02","slug":"Felix-Tshisekedi-ou-l-incarnation-du-chaos-et-l-indignite","status":"publish","type":"post","link":"https:\/\/new.igihe.com\/french\/Felix-Tshisekedi-ou-l-incarnation-du-chaos-et-l-indignite\/","title":{"rendered":"Felix Tshisekedi ou l\u2019incarnation du chaos et l\u2019indignit\u00e9"},"content":{"rendered":"<p>Sous le r\u00e8gne chaotique de F\u00e9lix Tshisekedi et de son clan pr\u00e9dateur, ce vaste territoire au sous-sol aussi riche que convoit\u00e9, s\u2019enfonce dans un ab\u00eeme de mis\u00e8re et de d\u00e9solation, livr\u00e9e aux bandes arm\u00e9es, aux mafias et \u00e0 une \u00e9lite dirigeante plus soucieuse de ses int\u00e9r\u00eats claniques que du salut de la patrie.<\/p>\n<p>La situation actuelle n\u2019a rien d\u2019une fatalit\u00e9. Elle est le fruit m\u00fbr d\u2019une lente d\u00e9composition institutionnelle, \u00e9conomique et morale que les analystes avis\u00e9s, patriotes sinc\u00e8res et observateurs \u00e9trangers honn\u00eates avaient m\u00e9thodiquement d\u00e9nonc\u00e9e, sans que nul ne prenne la mesure du cataclysme en gestation. <\/p>\n<p>La crise congolaise n\u2019est pas un ph\u00e9nom\u00e8ne conjoncturel ; elle est syst\u00e9mique. Elle s\u2019est install\u00e9e dans la dur\u00e9e, par la compromission, l\u2019impunit\u00e9 et le cynisme des \u00e9lites successives, avec aujourd\u2019hui, pour triste figure de proue, F\u00e9lix Tshisekedi, h\u00e9ritier sans gloire d\u2019un pouvoir qu\u2019il a vid\u00e9 de toute substance r\u00e9publicaine.<\/p>\n<p>Sous sa pr\u00e9sidence, la RDC est devenue un champ de ruines o\u00f9 la loi du plus fort supplante les institutions l\u00e9gales, o\u00f9 les Wazalendo, ces milices pr\u00e9tendument patriotiques, participent \u00e0 la d\u00e9sagr\u00e9gation du tissu social autant qu\u2019\u00e0 la perp\u00e9tuation d\u2019une ins\u00e9curit\u00e9 savamment entretenue. <\/p>\n<p>Car cette ins\u00e9curit\u00e9 chronique n\u2019est pas seulement le fruit de circonstances ext\u00e9rieures ou de complots ourdis au-del\u00e0 des fronti\u00e8res : elle est instrumentalis\u00e9e, tol\u00e9r\u00e9e et parfois encourag\u00e9e par un pouvoir central dont la survie politique d\u00e9pend du d\u00e9sordre organis\u00e9.<\/p>\n<p>Dans ce contexte d\u00e9l\u00e9t\u00e8re, la Monusco suppos\u00e9e garantir un minimum de stabilit\u00e9 n\u2019est plus qu\u2019une institution fantoche, rel\u00e9gu\u00e9e au rang d\u2019observateur passif, impuissante \u00e0 contenir l\u2019expansion des groupes arm\u00e9s et incapable de prot\u00e9ger les populations civiles. <\/p>\n<p>Quant aux FARDC, ces forces arm\u00e9es nationales th\u00e9oriquement garantes de la souverainet\u00e9 et de l\u2019int\u00e9grit\u00e9 territoriale, elles se trouvent gangren\u00e9es par la corruption, min\u00e9es par le client\u00e9lisme et souvent laiss\u00e9es sans moyens logistiques d\u00e9cents, condamn\u00e9es \u00e0 des replis tactiques qui masquent mal la r\u00e9alit\u00e9 d\u2019une d\u00e9faite militaire permanente.<\/p>\n<p>Le pays, livr\u00e9 aux convoitises pr\u00e9datrices, devient ainsi un espace de non-droit o\u00f9 la justice est devenue un th\u00e9\u00e2tre d\u2019ombres, et o\u00f9 l\u2019\u00c9tat, vid\u00e9 de toute capacit\u00e9 de gouvernance effective, ne survit qu\u2019\u00e0 travers des simulacres institutionnels orchestr\u00e9s par un clan pr\u00e9sidentiel obs\u00e9d\u00e9 par le maintien de ses privil\u00e8ges et la pr\u00e9servation de ses rentes. <\/p>\n<p>Les t\u00e9moignages poignants de civils abandonn\u00e9s \u00e0 l\u2019horreur, victimes d\u2019exactions, de viols syst\u00e9matiques et de massacres de masse, t\u00e9moignent de l\u2019effondrement moral et politique d\u2019un r\u00e9gime qui n\u2019a plus d\u2019autre horizon que sa propre survie.<\/p>\n<p>Il convient de d\u00e9noncer, avec la plus grande vigueur, non seulement l\u2019inaction complice mais aussi la responsabilit\u00e9 active de la communaut\u00e9 internationale, dont l\u2019indiff\u00e9rence s\u00e9lective et les atermoiements coupables ont contribu\u00e9 \u00e0 l\u2019enlisement de cette trag\u00e9die. <\/p>\n<p>Car derri\u00e8re les discours convenus et les r\u00e9solutions sans effet se cache une politique cynique d\u2019abandon, o\u00f9 les promesses de soutien se muent en silences g\u00ean\u00e9s et en transactions diplomatiques d\u00e9sinvoltes.<\/p>\n<p>Laisser ainsi le Congo s\u2019enfoncer dans la d\u00e9liquescence revient \u00e0 compromettre durablement la stabilit\u00e9 de l\u2019Afrique centrale et \u00e0 trahir l\u2019id\u00e9al m\u00eame de la solidarit\u00e9 internationale. Car ce n\u2019est pas seulement la RDC qui s\u2019effondre ; c\u2019est l\u2019id\u00e9e m\u00eame d\u2019un ordre international fond\u00e9 sur le droit, la dignit\u00e9 des peuples et la souverainet\u00e9 des nations. <\/p>\n<p>A travers l\u2019incurie de F\u00e9lix Tshisekedi et l\u2019inaction de la communaut\u00e9 internationale se dessine une chronique du chaos annonc\u00e9, o\u00f9 les puissances \u00e9trang\u00e8res exploitent les richesses du pays dans l\u2019indiff\u00e9rence la plus glaciale au sort des populations massacr\u00e9es.<\/p>\n<p>Il est plus que temps de briser cette conspiration du silence et d\u2019interpeller les consciences. Car ce qui se joue en RDC n\u2019est pas seulement une crise nationale, mais un affront fait \u00e0 l\u2019humanit\u00e9 tout enti\u00e8re.<\/p>\n<p>Le Congo m\u00e9rite mieux que cette gouvernance clanique et pr\u00e9datrice. Il m\u00e9rite des institutions dignes, une arm\u00e9e r\u00e9publicaine, une justice ind\u00e9pendante et un \u00c9tat qui ne soit pas le simple prolongement des int\u00e9r\u00eats priv\u00e9s de quelques familles voraces. <\/p>\n<p>Il est encore possible de sauver ce pays, mais il faudra, pour cela, du courage politique, de la solidarit\u00e9 r\u00e9elle et la volont\u00e9 r\u00e9solue de rompre avec les pratiques mafieuses qui gangr\u00e8nent le sommet de l\u2019\u00c9tat.<\/p>\n<p>\u00c0 d\u00e9faut, l\u2019histoire se chargera de juger s\u00e9v\u00e8rement ceux qui, par leur silence ou leur complicit\u00e9, auront laiss\u00e9 s\u2019accomplir l\u2019irr\u00e9parable.<\/p>\n<figure class=\"spip-document spip-document-60309 aligncenter\"><img decoding=\"async\" src=\"https:\/\/fr.igihe.com\/IMG\/jpg\/ft-4.jpg\" alt=\"Sous le r\u00e8gne chaotique de F\u00e9lix Tshisekedi et de son clan pr\u00e9dateur, la RDC au sous-sol aussi riche que convoit\u00e9, s\u2019enfonce dans un ab\u00eeme de mis\u00e8re et de d\u00e9solation\" \/><\/figure>\n","protected":false},"excerpt":{"rendered":"<p>Il est des nations dont le destin semble, \u00e0 intervalles tragiquement r\u00e9guliers, s\u2019ab\u00eemer dans les affres de la violence, de l\u2019injustice et de la pr\u00e9dation politique. La R\u00e9publique D\u00e9mocratique du Congo, g\u00e9ant bless\u00e9 au c\u0153ur du continent africain, illustre aujourd\u2019hui, dans sa forme la plus crue, ce naufrage annonc\u00e9. <\/p>\n","protected":false},"author":488,"featured_media":4000060308,"comment_status":"open","ping_status":"open","sticky":false,"template":"","format":"standard","meta":{"footnotes":""},"categories":[7544],"tags":[7605],"byline":[9102],"hashtag":[],"class_list":["post-37467","post","type-post","status-publish","format-standard","has-post-thumbnail","hentry","category-politique","tag-homenews","byline-tite-gatabazi"],"bylines":[{"id":9102,"name":"Tite Gatabazi","slug":"tite-gatabazi","description":"","image":{"id":0,"url":"https:\/\/secure.gravatar.com\/avatar\/?s=96&d=mm&f=y&r=g","alt":"Default avatar","title":"Default avatar","caption":"","mime_type":"image\/jpeg","sizes":[]},"user_id":472}],"contributors":[{"id":9102,"name":"Tite Gatabazi","slug":"tite-gatabazi","description":"","image":{"id":0,"url":"https:\/\/secure.gravatar.com\/avatar\/?s=96&d=mm&f=y&r=g","alt":"Default avatar","title":"Default avatar","caption":"","mime_type":"image\/jpeg","sizes":[]},"user_id":472}],"featured_image":{"id":4000060308,"url":"https:\/\/fr-images.igihe.com\/IMG\/logo\/ft_cp-5.jpg","alt":"","caption":"","mime_type":"image\/jpeg","width":0,"height":0,"sizes":{"thumbnail":{"url":"https:\/\/fr-images.igihe.com\/IMG\/logo\/ft_cp-5.jpg","width":1,"height":1},"medium":{"url":"https:\/\/fr-images.igihe.com\/IMG\/logo\/ft_cp-5.jpg","width":1,"height":1},"medium_large":{"url":"https:\/\/fr-images.igihe.com\/IMG\/logo\/ft_cp-5.jpg","width":1,"height":1},"large":{"url":"https:\/\/fr-images.igihe.com\/IMG\/logo\/ft_cp-5.jpg","width":1,"height":1},"full":{"url":"https:\/\/fr-images.igihe.com\/IMG\/logo\/ft_cp-5.jpg","width":0,"height":0}}},"_links":{"self":[{"href":"https:\/\/new.igihe.com\/french\/wp-json\/wp\/v2\/posts\/37467","targetHints":{"allow":["GET"]}}],"collection":[{"href":"https:\/\/new.igihe.com\/french\/wp-json\/wp\/v2\/posts"}],"about":[{"href":"https:\/\/new.igihe.com\/french\/wp-json\/wp\/v2\/types\/post"}],"author":[{"embeddable":true,"href":"https:\/\/new.igihe.com\/french\/wp-json\/wp\/v2\/users\/488"}],"replies":[{"embeddable":true,"href":"https:\/\/new.igihe.com\/french\/wp-json\/wp\/v2\/comments?post=37467"}],"version-history":[{"count":0,"href":"https:\/\/new.igihe.com\/french\/wp-json\/wp\/v2\/posts\/37467\/revisions"}],"wp:featuredmedia":[{"embeddable":true,"href":"https:\/\/new.igihe.com\/french\/wp-json\/wp\/v2\/media\/4000060308"}],"wp:attachment":[{"href":"https:\/\/new.igihe.com\/french\/wp-json\/wp\/v2\/media?parent=37467"}],"wp:term":[{"taxonomy":"category","embeddable":true,"href":"https:\/\/new.igihe.com\/french\/wp-json\/wp\/v2\/categories?post=37467"},{"taxonomy":"post_tag","embeddable":true,"href":"https:\/\/new.igihe.com\/french\/wp-json\/wp\/v2\/tags?post=37467"},{"taxonomy":"byline","embeddable":true,"href":"https:\/\/new.igihe.com\/french\/wp-json\/wp\/v2\/byline?post=37467"},{"taxonomy":"hashtag","embeddable":true,"href":"https:\/\/new.igihe.com\/french\/wp-json\/wp\/v2\/hashtag?post=37467"}],"curies":[{"name":"wp","href":"https:\/\/api.w.org\/{rel}","templated":true}]}}