{"id":37464,"date":"2025-04-22T11:43:39","date_gmt":"2025-04-22T11:43:39","guid":{"rendered":"https:\/\/new.igihe.com\/french\/Le-Rwanda-et-le-Pakistan-signent-un-protocole-d-accord-37464\/"},"modified":"2025-04-25T09:29:45","modified_gmt":"2025-04-25T09:29:45","slug":"Le-Rwanda-et-le-Pakistan-signent-un-protocole-d-accord","status":"publish","type":"post","link":"https:\/\/new.igihe.com\/french\/Le-Rwanda-et-le-Pakistan-signent-un-protocole-d-accord\/","title":{"rendered":"Le Rwanda et le Pakistan signent un protocole d\u2019accord"},"content":{"rendered":"<p>La signature de ce protocole a eu lieu \u00e0 l&#8217;occasion de la premi\u00e8re visite officielle au Pakistan du ministre des Affaires \u00e9trang\u00e8res et de la Coop\u00e9ration internationale, l\u2019ambassadeur Olivier Nduhungirehe.<\/p>\n<p>L\u2019accord a \u00e9t\u00e9 annonc\u00e9 ce lundi 21 avril 2025, lors d&#8217;une conf\u00e9rence de presse conjointe \u00e0 Islamabad avec le vice-Premier ministre et ministre des Affaires \u00e9trang\u00e8res du Pakistan, Mohammad Ishaq Dar. Les deux parties ont salu\u00e9 cette visite comme une \u00e9tape d\u00e9terminante dans le renforcement continu des relations entre leurs pays.<\/p>\n<p>\u00ab Il s&#8217;agit d&#8217;un moment historique \u2014 la premi\u00e8re visite d\u2019un ministre rwandais des Affaires \u00e9trang\u00e8res au Pakistan \u00bb, a d\u00e9clar\u00e9 M. Dar. \u00ab Nous avons eu des discussions approfondies, ax\u00e9es sur le renforcement de nos liens actuels et l\u2019exploration de nouvelles pistes de coop\u00e9ration. La signature de ce protocole d\u2019accord en mati\u00e8re de formation diplomatique n\u2019est que le d\u00e9but d\u2019une collaboration plus large. \u00bb<\/p>\n<p>Cette visite s\u2019inscrit dans le cadre du renforcement des \u00e9changes bilat\u00e9raux de haut niveau entre les deux pays. Le Pakistan a ouvert son Haut-Commissariat \u00e0 Kigali en 2021, tandis que le Rwanda a inaugur\u00e9 sa mission diplomatique \u00e0 Islamabad en 2024. Ces initiatives sont per\u00e7ues par les deux parties comme des fondations solides pour une coop\u00e9ration accrue.<\/p>\n<p>\u00ab Notre relation repose sur un respect mutuel et une volont\u00e9 partag\u00e9e de collaborer \u00bb, a soulign\u00e9 le ministre Nduhungirehe. \u00ab Cette visite, accompagn\u00e9e d\u2019une d\u00e9l\u00e9gation du Rwanda Development Board et du minist\u00e8re du Commerce et de l\u2019Industrie, t\u00e9moigne de notre engagement \u00e0 d\u00e9velopper les \u00e9changes \u00e9conomiques avec le Pakistan. \u00bb<\/p>\n<p>Le ministre a \u00e9galement pr\u00e9cis\u00e9 que d\u2019autres protocoles d\u2019accord \u00e9taient en cours d\u2019examen dans des secteurs tels que l\u2019\u00e9ducation, la d\u00e9fense et le commerce.<\/p>\n<p>Le commerce a occup\u00e9 une place centrale dans les discussions, les deux ministres soulignant les nombreuses opportunit\u00e9s d\u2019\u00e9largir les \u00e9changes commerciaux. Le Pakistan importe actuellement pour 26 millions de dollars de produits rwandais, principalement du th\u00e9, et envisage \u00e9galement d&#8217;importer du caf\u00e9, des avocats, des l\u00e9gumineuses et d&#8217;autres produits horticoles.<\/p>\n<p>En retour, le Pakistan, qui exporte environ 100 millions de dollars de marchandises vers le Rwanda, identifie un potentiel important pour ses produits pharmaceutiques, textiles, riz, instruments chirurgicaux et \u00e9quipements sportifs sur le march\u00e9 rwandais.<\/p>\n<p>\u00ab Nos \u00e9conomies sont compl\u00e9mentaires \u00bb, a d\u00e9clar\u00e9 M. Dar. \u00ab Cela cr\u00e9e une base solide pour un partenariat mutuellement b\u00e9n\u00e9fique. \u00bb<\/p>\n<p>Les entreprises rwandaises ont r\u00e9cemment renforc\u00e9 leur pr\u00e9sence au Pakistan, notamment en participant activement au salon de la sant\u00e9, de l\u2019ing\u00e9nierie et des minerais \u00e0 Lahore. Une participation encore plus importante est attendue lors de la prochaine Conf\u00e9rence sur le d\u00e9veloppement du commerce Pakistan-Afrique et de l\u2019Exposition &#8220;pays unique&#8221; pr\u00e9vues \u00e0 Addis-Abeba le mois prochain.<\/p>\n<p>Les deux pays envisagent \u00e9galement une coop\u00e9ration dans les secteurs des technologies de l\u2019information et de l\u2019innovation. Le Pakistan, dont le secteur des TIC conna\u00eet une croissance rapide, souhaite soutenir l\u2019ambition du Rwanda de devenir un p\u00f4le technologique r\u00e9gional. Les discussions se concentrent notamment sur la transformation num\u00e9rique, la fintech, la gouvernance \u00e9lectronique et la cr\u00e9ation de plateformes d\u2019innovation pour les jeunes.<\/p>\n<p>\u00ab Le Pakistan est pr\u00eat \u00e0 collaborer avec le Rwanda pour construire des \u00e9cosyst\u00e8mes num\u00e9riques \u00bb, a d\u00e9clar\u00e9 M. Dar, \u00e9voquant des partenariats et des \u00e9changes de savoir-faire.<\/p>\n<p>Sur le plan multilat\u00e9ral, les deux pays ont r\u00e9affirm\u00e9 leur engagement envers la paix et la s\u00e9curit\u00e9. Le Pakistan et le Rwanda figurent parmi les principaux contributeurs aux missions de maintien de paix des Nations Unies.<\/p>\n<p>Le ministre Nduhungirehe a salu\u00e9 le r\u00f4le du Pakistan au sein du Conseil de s\u00e9curit\u00e9 de l\u2019ONU et ses efforts en faveur de la r\u00e9solution des conflits en Afrique, notamment dans l\u2019est de la R\u00e9publique d\u00e9mocratique du Congo.<\/p>\n<p>\u00ab Nous appr\u00e9cions la contribution du Pakistan aux op\u00e9rations de maintien de paix et \u00e0 la r\u00e9solution des conflits \u00bb, a-t-il d\u00e9clar\u00e9. \u00ab Le Rwanda reste d\u00e9termin\u00e9 \u00e0 \u0153uvrer pour la paix r\u00e9gionale et poursuivra son engagement dans les initiatives multilat\u00e9rales visant des solutions durables. \u00bb<\/p>\n<p>La visite s\u2019est conclue sur une note positive, les deux ministres exprimant leur d\u00e9termination \u00e0 poursuivre et intensifier les \u00e9changes diplomatiques ainsi que les visites de haut niveau. Parmi les priorit\u00e9s communes figurent le d\u00e9veloppement \u00e9conomique, l\u2019int\u00e9gration r\u00e9gionale et le soutien mutuel au sein des forums internationaux.<\/p>\n<p>\u00ab Nous consid\u00e9rons le Pakistan non seulement comme un partenaire, mais aussi comme un v\u00e9ritable ami \u00bb, a conclu le ministre Nduhungirehe. \u00ab Cette visite a pos\u00e9 les fondations d\u2019une coop\u00e9ration renforc\u00e9e, b\u00e9n\u00e9fique pour nos deux peuples. \u00bb<\/p>\n<figure class=\"spip-document spip-document-60305 aligncenter\"><img decoding=\"async\" src=\"https:\/\/fr.igihe.com\/IMG\/jpg\/rp_1.jpg\" alt=\"Le Rwanda et le Pakistan ont sign\u00e9 un protocole d\u2019accord visant \u00e0 renforcer leur coop\u00e9ration en mati\u00e8re de formation diplomatique\" \/><\/figure>\n<figure class=\"spip-document spip-document-60303 aligncenter\"><img decoding=\"async\" src=\"https:\/\/fr.igihe.com\/IMG\/jpg\/rp_2-2.jpg\" alt=\"La signature de ce protocole a eu lieu \u00e0 l\u2019occasion de la premi\u00e8re visite officielle au Pakistan du ministre Olivier Nduhungirehe\" \/><\/figure>\n<figure class=\"spip-document spip-document-60304 aligncenter\"><img decoding=\"async\" src=\"https:\/\/fr.igihe.com\/IMG\/jpg\/rp_3-2.jpg\" alt=\"L\u2019accord a \u00e9t\u00e9 annonc\u00e9 le lundi 21 avril 2025, lors d&#039;une conf\u00e9rence de presse conjointe \u00e0 Islamabad avec le vice-Premier ministre et ministre des Affaires \u00e9trang\u00e8res du Pakistan, Mohammad Ishaq Dar\" \/><\/figure>\n","protected":false},"excerpt":{"rendered":"<p>Le Rwanda et le Pakistan ont sign\u00e9 un protocole d\u2019accord visant \u00e0 renforcer leur coop\u00e9ration en mati\u00e8re de formation diplomatique et \u00e0 approfondir leurs relations dans les secteurs du commerce, de la technologie et de l\u2019investissement.<\/p>\n","protected":false},"author":488,"featured_media":4000060302,"comment_status":"open","ping_status":"open","sticky":false,"template":"","format":"standard","meta":{"footnotes":""},"categories":[7593],"tags":[7605],"byline":[9865],"hashtag":[],"class_list":["post-37464","post","type-post","status-publish","format-standard","has-post-thumbnail","hentry","category-diplomatie","tag-homenews","byline-alain-bertrand-tunezerwe"],"bylines":[{"id":9865,"name":"Alain Bertrand Tunezerwe","slug":"alain-bertrand-tunezerwe","description":"","image":{"id":0,"url":"https:\/\/secure.gravatar.com\/avatar\/?s=96&d=mm&f=y&r=g","alt":"Default avatar","title":"Default avatar","caption":"","mime_type":"image\/jpeg","sizes":[]},"user_id":452}],"contributors":[{"id":9865,"name":"Alain Bertrand Tunezerwe","slug":"alain-bertrand-tunezerwe","description":"","image":{"id":0,"url":"https:\/\/secure.gravatar.com\/avatar\/?s=96&d=mm&f=y&r=g","alt":"Default avatar","title":"Default avatar","caption":"","mime_type":"image\/jpeg","sizes":[]},"user_id":452}],"featured_image":{"id":4000060302,"url":"https:\/\/fr-images.igihe.com\/IMG\/logo\/rp_1_cp.jpg","alt":"","caption":"","mime_type":"image\/jpeg","width":0,"height":0,"sizes":{"thumbnail":{"url":"https:\/\/fr-images.igihe.com\/IMG\/logo\/rp_1_cp.jpg","width":1,"height":1},"medium":{"url":"https:\/\/fr-images.igihe.com\/IMG\/logo\/rp_1_cp.jpg","width":1,"height":1},"medium_large":{"url":"https:\/\/fr-images.igihe.com\/IMG\/logo\/rp_1_cp.jpg","width":1,"height":1},"large":{"url":"https:\/\/fr-images.igihe.com\/IMG\/logo\/rp_1_cp.jpg","width":1,"height":1},"full":{"url":"https:\/\/fr-images.igihe.com\/IMG\/logo\/rp_1_cp.jpg","width":0,"height":0}}},"_links":{"self":[{"href":"https:\/\/new.igihe.com\/french\/wp-json\/wp\/v2\/posts\/37464","targetHints":{"allow":["GET"]}}],"collection":[{"href":"https:\/\/new.igihe.com\/french\/wp-json\/wp\/v2\/posts"}],"about":[{"href":"https:\/\/new.igihe.com\/french\/wp-json\/wp\/v2\/types\/post"}],"author":[{"embeddable":true,"href":"https:\/\/new.igihe.com\/french\/wp-json\/wp\/v2\/users\/488"}],"replies":[{"embeddable":true,"href":"https:\/\/new.igihe.com\/french\/wp-json\/wp\/v2\/comments?post=37464"}],"version-history":[{"count":0,"href":"https:\/\/new.igihe.com\/french\/wp-json\/wp\/v2\/posts\/37464\/revisions"}],"wp:featuredmedia":[{"embeddable":true,"href":"https:\/\/new.igihe.com\/french\/wp-json\/wp\/v2\/media\/4000060302"}],"wp:attachment":[{"href":"https:\/\/new.igihe.com\/french\/wp-json\/wp\/v2\/media?parent=37464"}],"wp:term":[{"taxonomy":"category","embeddable":true,"href":"https:\/\/new.igihe.com\/french\/wp-json\/wp\/v2\/categories?post=37464"},{"taxonomy":"post_tag","embeddable":true,"href":"https:\/\/new.igihe.com\/french\/wp-json\/wp\/v2\/tags?post=37464"},{"taxonomy":"byline","embeddable":true,"href":"https:\/\/new.igihe.com\/french\/wp-json\/wp\/v2\/byline?post=37464"},{"taxonomy":"hashtag","embeddable":true,"href":"https:\/\/new.igihe.com\/french\/wp-json\/wp\/v2\/hashtag?post=37464"}],"curies":[{"name":"wp","href":"https:\/\/api.w.org\/{rel}","templated":true}]}}