{"id":37463,"date":"2025-04-22T11:45:50","date_gmt":"2025-04-22T11:45:50","guid":{"rendered":"https:\/\/new.igihe.com\/french\/De-Buenos-Aires-a-Rome-ou-l-eglise-catholique-en-mutation-37463\/"},"modified":"2025-04-22T11:45:47","modified_gmt":"2025-04-22T11:45:47","slug":"De-Buenos-Aires-a-Rome-ou-l-eglise-catholique-en-mutation","status":"publish","type":"post","link":"https:\/\/new.igihe.com\/french\/De-Buenos-Aires-a-Rome-ou-l-eglise-catholique-en-mutation\/","title":{"rendered":"De Buenos Aires \u00e0 Rome ou l\u2019\u00e9glise catholique en mutation"},"content":{"rendered":"<p>Pourtant, \u00e0 l\u2019or\u00e9e du prochain conclave, ces antiques configurations semblent vaciller sous le poids de mutations irr\u00e9versibles et d\u2019une mondialisation eccl\u00e9siale que nul ne saurait d\u00e9sormais ignorer.<\/p>\n<p>Pour la premi\u00e8re fois dans les annales de la papaut\u00e9, le Coll\u00e8ge des cardinaux \u00e9lecteurs, ces princes de l\u2019\u00c9glise appel\u00e9s \u00e0 choisir le successeur de Pierre, ne sera plus domin\u00e9 par l\u2019Europe. Bien que demeurant le continent le plus repr\u00e9sent\u00e9, avec 53 cardinaux en \u00e2ge de voter (dont 17 Italiens et 5 Fran\u00e7ais), l\u2019Europe ne concentrera plus que 39,2 % des voix potentielles, contre 52 % en 2013 lors de l\u2019\u00e9lection du pape Fran\u00e7ois. Ce simple basculement statistique constitue, en r\u00e9alit\u00e9, un s\u00e9isme silencieux dans l\u2019histoire eccl\u00e9siastique.<\/p>\n<p>Il est d\u2019autant plus significatif qu\u2019il survient sous le pontificat du pape Fran\u00e7ois, premier souverain pontife issu du continent am\u00e9ricain, argentin de naissance et j\u00e9suite de formation, dont l\u2019\u00e9lection m\u00eame, en mars 2013, fut un pr\u00e9c\u00e9dent historique fracassant. <\/p>\n<p>Le choix des cardinaux \u00e9lecteurs d\u2019alors avait d\u00e9j\u00e0 consacr\u00e9 une rupture symbolique avec la tradition eurocentr\u00e9e de l\u2019\u00c9glise. Voil\u00e0 que, douze ans plus tard, cette dynamique s\u2019intensifie et s\u2019inscrit dans la structure m\u00eame du Coll\u00e8ge cardinalice.<\/p>\n<p>Sur les 135 cardinaux \u00e9lecteurs appel\u00e9s \u00e0 entrer en conclave le moment venu, 108 auront \u00e9t\u00e9 cr\u00e9\u00e9s par le pape Fran\u00e7ois lui-m\u00eame, 22 par Beno\u00eet XVI et seulement 5 par saint Jean-Paul II. Cette recomposition radicale du coll\u00e8ge \u00e9lectoral refl\u00e8te la volont\u00e9 affich\u00e9e de Fran\u00e7ois de rompre avec certains tropismes anciens et de conf\u00e9rer au catholicisme une expression plus authentiquement universelle.<\/p>\n<p>Le nouveau visage du Sacr\u00e9 Coll\u00e8ge traduit ainsi une redistribution g\u00e9ographique in\u00e9dite : 21 % des \u00e9lecteurs proviendront d\u2019Am\u00e9rique latine, 19 % de la r\u00e9gion Asie-Pacifique et 11,8 % de l\u2019Afrique subsaharienne. L\u2019Europe, longtemps h\u00e9g\u00e9monique, devient un p\u00f4le parmi d\u2019autres dans cette assembl\u00e9e o\u00f9 se joue l\u2019avenir spirituel et pastoral de l\u2019\u00c9glise universelle.<\/p>\n<p>Il serait na\u00eff de r\u00e9duire ces chiffres \u00e0 de simples donn\u00e9es d\u00e9mographiques. Ils r\u00e9v\u00e8lent un changement paradigmatique profond, un d\u00e9placement du centre de gravit\u00e9 eccl\u00e9sial, qui accompagne le d\u00e9clin relatif des chr\u00e9tient\u00e9s occidentales et la vitalit\u00e9 croissante des \u00c9glises des p\u00e9riph\u00e9ries, si ch\u00e8res \u00e0 Fran\u00e7ois. L\u2019\u00c9glise de demain, \u00e0 laquelle se destinera le prochain pontife, sera n\u00e9cessairement polycentrique, m\u00e9tiss\u00e9e de cultures et enracin\u00e9e dans des contextes g\u00e9opolitiques et spirituels jusque-l\u00e0 n\u00e9glig\u00e9s.<\/p>\n<p>Ainsi, deux faits majeurs, l\u2019\u00e9lection en 2013 du premier pape latino-am\u00e9ricain et \u00e0 l\u2019or\u00e9e de la prochaine \u00e9lection pontificale, la perte de la majorit\u00e9 europ\u00e9enne au sein du conclave, viennent bouleverser des si\u00e8cles de tradition et dessiner les contours d\u2019une catholicit\u00e9 r\u00e9solument plan\u00e9taire.<\/p>\n<p>C\u2019est l\u00e0 un signe des temps qu\u2019il conviendra de scruter avec la plus grande acuit\u00e9 th\u00e9ologique et politique, car il ne s\u2019agit plus seulement de diversifier l\u2019origine des \u00e9lecteurs, mais de repenser la gouvernance et la parole de l\u2019\u00c9glise \u00e0 l\u2019aune d\u2019un monde devenu d\u00e9finitivement pluriel.<\/p>\n<figure class=\"spip-document spip-document-60301 aligncenter\"><img decoding=\"async\" src=\"https:\/\/fr.igihe.com\/IMG\/jpg\/cc-2.jpg\" alt=\"Depuis ses origines, l\u2019histoire de l\u2019\u00c9glise catholique romaine est marqu\u00e9e par des \u00e9quilibres g\u00e9opolitiques et des traditions rarement boulevers\u00e9s\" \/><\/figure>\n","protected":false},"excerpt":{"rendered":"<p>L\u2019histoire pluris\u00e9culaire de l\u2019\u00c9glise catholique romaine est marqu\u00e9e, depuis ses origines, par des \u00e9quilibres g\u00e9opolitiques subtils et des pesanteurs traditionnelles que peu d\u2019\u00e9v\u00e9nements auront su r\u00e9ellement troubler. <\/p>\n","protected":false},"author":488,"featured_media":4000060300,"comment_status":"open","ping_status":"open","sticky":false,"template":"","format":"standard","meta":{"footnotes":""},"categories":[7544],"tags":[7605],"byline":[9102],"hashtag":[],"class_list":["post-37463","post","type-post","status-publish","format-standard","has-post-thumbnail","hentry","category-politique","tag-homenews","byline-tite-gatabazi"],"bylines":[{"id":9102,"name":"Tite Gatabazi","slug":"tite-gatabazi","description":"","image":{"id":0,"url":"https:\/\/secure.gravatar.com\/avatar\/?s=96&d=mm&f=y&r=g","alt":"Default avatar","title":"Default avatar","caption":"","mime_type":"image\/jpeg","sizes":[]},"user_id":472}],"contributors":[{"id":9102,"name":"Tite Gatabazi","slug":"tite-gatabazi","description":"","image":{"id":0,"url":"https:\/\/secure.gravatar.com\/avatar\/?s=96&d=mm&f=y&r=g","alt":"Default avatar","title":"Default avatar","caption":"","mime_type":"image\/jpeg","sizes":[]},"user_id":472}],"featured_image":{"id":4000060300,"url":"https:\/\/fr-images.igihe.com\/IMG\/logo\/cc_cp.jpg","alt":"","caption":"","mime_type":"image\/jpeg","width":0,"height":0,"sizes":{"thumbnail":{"url":"https:\/\/fr-images.igihe.com\/IMG\/logo\/cc_cp.jpg","width":1,"height":1},"medium":{"url":"https:\/\/fr-images.igihe.com\/IMG\/logo\/cc_cp.jpg","width":1,"height":1},"medium_large":{"url":"https:\/\/fr-images.igihe.com\/IMG\/logo\/cc_cp.jpg","width":1,"height":1},"large":{"url":"https:\/\/fr-images.igihe.com\/IMG\/logo\/cc_cp.jpg","width":1,"height":1},"full":{"url":"https:\/\/fr-images.igihe.com\/IMG\/logo\/cc_cp.jpg","width":0,"height":0}}},"_links":{"self":[{"href":"https:\/\/new.igihe.com\/french\/wp-json\/wp\/v2\/posts\/37463","targetHints":{"allow":["GET"]}}],"collection":[{"href":"https:\/\/new.igihe.com\/french\/wp-json\/wp\/v2\/posts"}],"about":[{"href":"https:\/\/new.igihe.com\/french\/wp-json\/wp\/v2\/types\/post"}],"author":[{"embeddable":true,"href":"https:\/\/new.igihe.com\/french\/wp-json\/wp\/v2\/users\/488"}],"replies":[{"embeddable":true,"href":"https:\/\/new.igihe.com\/french\/wp-json\/wp\/v2\/comments?post=37463"}],"version-history":[{"count":0,"href":"https:\/\/new.igihe.com\/french\/wp-json\/wp\/v2\/posts\/37463\/revisions"}],"wp:featuredmedia":[{"embeddable":true,"href":"https:\/\/new.igihe.com\/french\/wp-json\/wp\/v2\/media\/4000060300"}],"wp:attachment":[{"href":"https:\/\/new.igihe.com\/french\/wp-json\/wp\/v2\/media?parent=37463"}],"wp:term":[{"taxonomy":"category","embeddable":true,"href":"https:\/\/new.igihe.com\/french\/wp-json\/wp\/v2\/categories?post=37463"},{"taxonomy":"post_tag","embeddable":true,"href":"https:\/\/new.igihe.com\/french\/wp-json\/wp\/v2\/tags?post=37463"},{"taxonomy":"byline","embeddable":true,"href":"https:\/\/new.igihe.com\/french\/wp-json\/wp\/v2\/byline?post=37463"},{"taxonomy":"hashtag","embeddable":true,"href":"https:\/\/new.igihe.com\/french\/wp-json\/wp\/v2\/hashtag?post=37463"}],"curies":[{"name":"wp","href":"https:\/\/api.w.org\/{rel}","templated":true}]}}