{"id":37461,"date":"2025-04-22T08:55:43","date_gmt":"2025-04-22T08:55:43","guid":{"rendered":"https:\/\/new.igihe.com\/french\/Faure-Gnassingbe-en-visite-au-Rwanda-37461\/"},"modified":"2025-04-23T12:58:09","modified_gmt":"2025-04-23T12:58:09","slug":"Faure-Gnassingbe-en-visite-au-Rwanda","status":"publish","type":"post","link":"https:\/\/new.igihe.com\/french\/Faure-Gnassingbe-en-visite-au-Rwanda\/","title":{"rendered":"Faure Gnassingb\u00e9 en visite au Rwanda"},"content":{"rendered":"<p>Dans un communiqu\u00e9 publi\u00e9 ce 21 avril 2025, la pr\u00e9sidence a pr\u00e9cis\u00e9 les objectifs et les enjeux de cette visite : \u00ab Cet apr\u00e8s-midi au village Urugwiro, le Pr\u00e9sident Kagame a re\u00e7u le pr\u00e9sident Faure Essozimna Gnassingb\u00e9 du Togo, nomm\u00e9 m\u00e9diateur par l\u2019Union africaine dans le conflit \u00e0 l\u2019Est de la RDC. Ils ont discut\u00e9 de l\u2019avancement des processus r\u00e9gionaux en vue de parvenir \u00e0 une paix durable dans la r\u00e9gion. \u00bb<\/p>\n<p>De son c\u00f4t\u00e9, la pr\u00e9sidence togolaise a indiqu\u00e9 que la visite avait d\u00e9but\u00e9 ce 21 avril 2025.<\/p>\n<p>\u00ab Le Chef de l\u2019\u00c9tat tiendra des \u00e9changes avec son homologue rwandais sur les causes bien connues de la guerre \u00e0 l\u2019Est de la RDC, ses cons\u00e9quences, ainsi que sur le r\u00f4le que jouent les diff\u00e9rents dirigeants de la r\u00e9gion dans la r\u00e9solution de cette crise \u00bb, pr\u00e9cise le communiqu\u00e9.<\/p>\n<p>Celui-ci souligne \u00e9galement que le Togo privil\u00e9gie le dialogue constructif et la r\u00e9conciliation comme voie essentielle pour parvenir \u00e0 une solution durable au conflit qui affecte la r\u00e9gion des Grands Lacs.<\/p>\n<p>Le pr\u00e9sident Gnassingb\u00e9 a, par ailleurs, r\u00e9affirm\u00e9 son engagement \u00e0 \u0153uvrer avec les autres partenaires pour favoriser une paix durable entre le Rwanda et la RDC.<br \/>\n\u00ab Cela contribuera \u00e9galement au renforcement de la coop\u00e9ration et \u00e0 l\u2019am\u00e9lioration des relations bilat\u00e9rales entre les deux pays \u00bb, ajoute la pr\u00e9sidence togolaise.<\/p>\n<p>Le 24 mars 2025, la pr\u00e9sidence angolaise avait annonc\u00e9 que le pr\u00e9sident Jo\u00e3o Louren\u00e7o ne poursuivrait plus son r\u00f4le de m\u00e9diateur dans le conflit opposant le Rwanda \u00e0 la RDC, souhaitant d\u00e9sormais se concentrer sur des priorit\u00e9s continentales plus larges.<\/p>\n<p>Il a alors propos\u00e9 la candidature de Faure Gnassingb\u00e9 pour lui succ\u00e9der dans cette fonction. L\u2019UA a \u00e9tudi\u00e9 cette recommandation.<\/p>\n<p>Au d\u00e9but du mois d\u2019avril 2025, l\u2019Union africaine a exprim\u00e9 son soutien \u00e0 la proposition du pr\u00e9sident Louren\u00e7o en faveur de la nomination de son homologue togolais.<\/p>\n<p>Le 12 avril 2025, l\u2019Assembl\u00e9e g\u00e9n\u00e9rale de l\u2019UA a officiellement ent\u00e9rin\u00e9 la d\u00e9signation de Faure Gnassingb\u00e9 en tant que nouveau m\u00e9diateur permanent charg\u00e9 de faciliter le dialogue entre le Rwanda et la RDC et de contribuer \u00e0 la r\u00e9solution des tensions persistantes entre les deux pays.<\/p>\n<p>Le pr\u00e9sident Gnassingb\u00e9 s\u2019est d\u00e9j\u00e0 rendu \u00e0 plusieurs reprises au Rwanda ces derni\u00e8res ann\u00e9es pour \u00e9changer sur divers sujets, notamment en mati\u00e8re de s\u00e9curit\u00e9 et de coop\u00e9ration panafricaine.<\/p>\n<p>Les relations entre Kigali et Kinshasa se sont fortement d\u00e9t\u00e9rior\u00e9es ces derni\u00e8res ann\u00e9es, principalement en raison du conflit dans l\u2019Est de la RDC. Kinshasa accuse le Rwanda de soutenir la coalition M23\/AFC, des accusations que Kigali rejette fermement.<\/p>\n<p>De son c\u00f4t\u00e9, le Rwanda accuse la RDC d\u2019apporter un soutien au groupe arm\u00e9 FDLR, qualifi\u00e9 de terroriste, compos\u00e9 de personnes responsables du g\u00e9nocide contre les Tutsi en 1994, et qui continue de repr\u00e9senter une menace pour la s\u00e9curit\u00e9 nationale du Rwanda.<\/p>\n<p>La visite actuelle du pr\u00e9sident Gnassingb\u00e9 intervient dans la continuit\u00e9 de son pr\u00e9c\u00e9dent d\u00e9placement officiel \u00e0 Kigali, en janvier 2025, au cours duquel les deux pays avaient convenu de renforcer davantage leur coop\u00e9ration bilat\u00e9rale.<\/p>\n<figure class=\"spip-document spip-document-60295 aligncenter\"><img decoding=\"async\" src=\"https:\/\/fr.igihe.com\/IMG\/jpg\/fg_2.jpg\" alt=\"Le pr\u00e9sident du Togo, Faure Essozimna Gnassingb\u00e9, effectue une visite de travail au Rwanda\" \/><\/figure>\n<figure class=\"spip-document spip-document-60297 aligncenter\"><img decoding=\"async\" src=\"https:\/\/fr.igihe.com\/IMG\/jpg\/fg-2.jpg\" alt=\"La pr\u00e9sidence togolaise a indiqu\u00e9 que la visite avait d\u00e9but\u00e9 le 21 avril 2025\" \/><\/figure>\n","protected":false},"excerpt":{"rendered":"<p>Le pr\u00e9sident du Togo, Faure Essozimna Gnassingb\u00e9, effectue une visite de travail au Rwanda, au cours de laquelle il s\u2019est entretenu avec le Pr\u00e9sident, Paul Kagame. Cette rencontre s\u2019inscrit dans le cadre de la mission r\u00e9cemment confi\u00e9e au pr\u00e9sident Gnassingb\u00e9 en tant que m\u00e9diateur entre le Rwanda et la R\u00e9publique d\u00e9mocratique du Congo.<\/p>\n","protected":false},"author":488,"featured_media":4000060294,"comment_status":"open","ping_status":"open","sticky":false,"template":"","format":"standard","meta":{"footnotes":""},"categories":[7544],"tags":[7605],"byline":[9865],"hashtag":[],"class_list":["post-37461","post","type-post","status-publish","format-standard","has-post-thumbnail","hentry","category-politique","tag-homenews","byline-alain-bertrand-tunezerwe"],"bylines":[{"id":9865,"name":"Alain Bertrand Tunezerwe","slug":"alain-bertrand-tunezerwe","description":"","image":{"id":0,"url":"https:\/\/secure.gravatar.com\/avatar\/?s=96&d=mm&f=y&r=g","alt":"Default avatar","title":"Default avatar","caption":"","mime_type":"image\/jpeg","sizes":[]},"user_id":452}],"contributors":[{"id":9865,"name":"Alain Bertrand Tunezerwe","slug":"alain-bertrand-tunezerwe","description":"","image":{"id":0,"url":"https:\/\/secure.gravatar.com\/avatar\/?s=96&d=mm&f=y&r=g","alt":"Default avatar","title":"Default avatar","caption":"","mime_type":"image\/jpeg","sizes":[]},"user_id":452}],"featured_image":{"id":4000060294,"url":"https:\/\/fr-images.igihe.com\/IMG\/logo\/fg_cp.jpg","alt":"","caption":"","mime_type":"image\/jpeg","width":0,"height":0,"sizes":{"thumbnail":{"url":"https:\/\/fr-images.igihe.com\/IMG\/logo\/fg_cp.jpg","width":1,"height":1},"medium":{"url":"https:\/\/fr-images.igihe.com\/IMG\/logo\/fg_cp.jpg","width":1,"height":1},"medium_large":{"url":"https:\/\/fr-images.igihe.com\/IMG\/logo\/fg_cp.jpg","width":1,"height":1},"large":{"url":"https:\/\/fr-images.igihe.com\/IMG\/logo\/fg_cp.jpg","width":1,"height":1},"full":{"url":"https:\/\/fr-images.igihe.com\/IMG\/logo\/fg_cp.jpg","width":0,"height":0}}},"_links":{"self":[{"href":"https:\/\/new.igihe.com\/french\/wp-json\/wp\/v2\/posts\/37461","targetHints":{"allow":["GET"]}}],"collection":[{"href":"https:\/\/new.igihe.com\/french\/wp-json\/wp\/v2\/posts"}],"about":[{"href":"https:\/\/new.igihe.com\/french\/wp-json\/wp\/v2\/types\/post"}],"author":[{"embeddable":true,"href":"https:\/\/new.igihe.com\/french\/wp-json\/wp\/v2\/users\/488"}],"replies":[{"embeddable":true,"href":"https:\/\/new.igihe.com\/french\/wp-json\/wp\/v2\/comments?post=37461"}],"version-history":[{"count":0,"href":"https:\/\/new.igihe.com\/french\/wp-json\/wp\/v2\/posts\/37461\/revisions"}],"wp:featuredmedia":[{"embeddable":true,"href":"https:\/\/new.igihe.com\/french\/wp-json\/wp\/v2\/media\/4000060294"}],"wp:attachment":[{"href":"https:\/\/new.igihe.com\/french\/wp-json\/wp\/v2\/media?parent=37461"}],"wp:term":[{"taxonomy":"category","embeddable":true,"href":"https:\/\/new.igihe.com\/french\/wp-json\/wp\/v2\/categories?post=37461"},{"taxonomy":"post_tag","embeddable":true,"href":"https:\/\/new.igihe.com\/french\/wp-json\/wp\/v2\/tags?post=37461"},{"taxonomy":"byline","embeddable":true,"href":"https:\/\/new.igihe.com\/french\/wp-json\/wp\/v2\/byline?post=37461"},{"taxonomy":"hashtag","embeddable":true,"href":"https:\/\/new.igihe.com\/french\/wp-json\/wp\/v2\/hashtag?post=37461"}],"curies":[{"name":"wp","href":"https:\/\/api.w.org\/{rel}","templated":true}]}}