{"id":37460,"date":"2025-04-21T15:46:59","date_gmt":"2025-04-21T15:46:59","guid":{"rendered":"https:\/\/new.igihe.com\/french\/L-heritage-spirituel-du-pape-Francois-1er-37460\/"},"modified":"2025-04-21T15:46:56","modified_gmt":"2025-04-21T15:46:56","slug":"L-heritage-spirituel-du-pape-Francois-1er","status":"publish","type":"post","link":"https:\/\/new.igihe.com\/french\/L-heritage-spirituel-du-pape-Francois-1er\/","title":{"rendered":"L\u2019h\u00e9ritage spirituel du pape Fran\u00e7ois 1er"},"content":{"rendered":"<p>Premier Souverain Pontife issu du continent latino-am\u00e9ricain, premier membre de la congr\u00e9gation des J\u00e9suites  \u00e0 acc\u00e9der au tr\u00f4ne p\u00e9trinien, il demeurera dans l\u2019histoire sacr\u00e9e de l\u2019\u00c9glise comme un pasteur au souffle proph\u00e9tique, un ap\u00f4tre inlassable de la simplicit\u00e9 \u00e9vang\u00e9lique et de la mis\u00e9ricorde divine.<\/p>\n<p>Son pontificat, inaugur\u00e9 le 13 mars 2013 au lendemain de la renonciation de Beno\u00eet XVI, s\u2019est ordonn\u00e9 autour de trois axes cardinaux : la Fraternit\u00e9, l\u2019Unit\u00e9 et la Mission. Ces piliers, inspir\u00e9s tant des \u00c9vangiles que de l\u2019h\u00e9ritage ignatien, auront constitu\u00e9 le fil d\u2019Ariane de ses douze ann\u00e9es de minist\u00e8re supr\u00eame.<\/p>\n<p>Pape des p\u00e9riph\u00e9ries et d\u00e9fenseur des pauvres, Fran\u00e7ois a imprim\u00e9 \u00e0 l\u2019\u00c9glise un \u00e9lan pastoral fond\u00e9 sur l\u2019accueil inconditionnel, la tendresse et la sollicitude envers les plus vuln\u00e9rables. Refusant les oripeaux de la pompe et de l\u2019apparat, il choisit d\u00e8s les premiers instants de son pontificat la sobri\u00e9t\u00e9 des habits et l\u2019humilit\u00e9 du geste, rompant avec certaines traditions de cour pour ramener l\u2019\u00c9glise \u00e0 l\u2019esprit du Poverello d\u2019Assise.<\/p>\n<p>L\u2019h\u00e9ritage doctrinal et pastoral : ouverture, dialogue interreligieux et r\u00e9forme des institutions<br \/>\nFran\u00e7ois, en pontife audacieux, n\u2019a point h\u00e9sit\u00e9 \u00e0 \u00e9branler certaines lignes fig\u00e9es du discours eccl\u00e9sial, \u0153uvrant sans rel\u00e2che \u00e0 r\u00e9concilier l\u2019\u00c9glise avec les hommes et femmes de son temps. Son h\u00e9ritage doctrinal et pastoral se manifeste tout d\u2019abord dans les d\u00e9cisions courageuses qu\u2019il prit en faveur des fid\u00e8les dont les situations conjugales, autrefois jug\u00e9es irr\u00e9guli\u00e8res, les privaient des sacrements. <\/p>\n<p>En r\u00e9int\u00e9grant les personnes divorc\u00e9es remari\u00e9es \u00e0 la table eucharistique et au sacrement de r\u00e9conciliation, Fran\u00e7ois renouait avec la vocation th\u00e9rapeutique de l\u2019\u00c9glise.<\/p>\n<p>Par ailleurs, le Pontife argentin entreprit d\u2019amorcer une v\u00e9ritable r\u00e9forme des institutions eccl\u00e9siales. Sous son impulsion, une place in\u00e9dite fut accord\u00e9e aux la\u00efcs, et notamment aux femmes, dans les instances consultatives et d\u00e9cisionnelles. Pour la premi\u00e8re fois dans l\u2019histoire moderne, des femmes et des fid\u00e8les la\u00efcs obtinrent le droit de vote aux synodes, ces assembl\u00e9es coll\u00e9giales o\u00f9 s\u2019\u00e9labore la r\u00e9flexion pastorale et doctrinale.<\/p>\n<p>Souci constant d\u2019\u0153cum\u00e9nisme et de dialogue interreligieux, Fran\u00e7ois fit de la rencontre fraternelle avec les autres confessions chr\u00e9tiennes et les religions monoth\u00e9istes un axe majeur de son magist\u00e8re. Ses gestes de paix envers l\u2019islam et le juda\u00efsme marqu\u00e8rent durablement les consciences, incarnant cet esprit d\u2019Assise o\u00f9 la fraternit\u00e9 humaine prime sur les antagonismes dogmatiques.<\/p>\n<p>L\u2019h\u00e9ritage universel : \u00e9vang\u00e9lisation, \u00e9cologie int\u00e9grale et conscience plan\u00e9taire<br \/>\nDans son enseignement, le pape Fran\u00e7ois affirma sans rel\u00e2che que l\u2019\u00c9vangile ne saurait \u00eatre r\u00e9duit \u00e0 une stricte transmission doctrinale, mais qu\u2019il est avant tout le t\u00e9moignage br\u00fblant d\u2019une rencontre personnelle avec le Christ vivant. <\/p>\n<p>Cette conviction anima sa cat\u00e9ch\u00e8se et ses exhortations apostoliques, rappelant aux fid\u00e8les leur vocation \u00e0 \u00eatre des ap\u00f4tres de mis\u00e9ricorde et des b\u00e2tisseurs de paix.<\/p>\n<p>Son engagement pour la sauvegarde de la cr\u00e9ation et la cause \u00e9cologique constitue \u00e9galement un h\u00e9ritage d\u2019envergure plan\u00e9taire. L\u2019encyclique Laudato si\u2019, parue en 2015, restera comme l\u2019un des textes majeurs du XXI\u1d49 si\u00e8cle, appelant \u00e0 une conversion \u00e9cologique int\u00e9grale et \u00e0 la reconnaissance de la nature comme lieu de r\u00e9v\u00e9lation et de communion. <\/p>\n<p>Le pr\u00e9sident am\u00e9ricain de l\u2019\u00e9poque, Barack Obama, ne manqua pas de saluer \u00ab l\u2019autorit\u00e9 morale et la clart\u00e9 de la parole pontificale \u00bb sur la question climatique.<\/p>\n<p>Enfin, le pape Fran\u00e7ois rappela avec insistance que la mission de l\u2019\u00c9glise demeure l\u2019annonce du salut \u00e0 toutes les nations, et que l\u2019\u00e9vang\u00e9lisation contemporaine doit s\u2019incarner dans le t\u00e9moignage de vie et la proximit\u00e9 fraternelle, bien plus que dans la seule proclamation dogmatique.<\/p>\n<p>Ainsi s\u2019\u00e9teint celui qui, en fils d\u2019Ignace de Loyola, voulut rendre \u00e0 l\u2019\u00c9glise la saveur de l\u2019\u00c9vangile et le parfum des B\u00e9atitudes. Son h\u00e9ritage, spirituel, doctrinal et universel, demeure d\u00e9sormais confi\u00e9 \u00e0 la m\u00e9moire des si\u00e8cles et \u00e0 la vigilance des pasteurs qui lui succ\u00e9deront.<\/p>\n<figure class=\"spip-document spip-document-60293 aligncenter\"><img decoding=\"async\" src=\"https:\/\/fr.igihe.com\/IMG\/jpg\/pf-2.jpg\" alt=\"Le 21 avril 2025, lundi de P\u00e2ques, le pape Fran\u00e7ois, n\u00e9 Jorge Mario Bergoglio, s\u2019est \u00e9teint \u00e0 l\u2019\u00e2ge de 88 ans, plongeant l\u2019\u00c9glise et le monde dans la stupeur\" \/><\/figure>\n","protected":false},"excerpt":{"rendered":"<p>Le 21 avril 2025, lundi de P\u00e2ques, l\u2019\u00c9glise universelle et le monde se sont unis dans une m\u00eame stupeur devant l\u2019annonce du tr\u00e9pas de Sa Saintet\u00e9 le pape Fran\u00e7ois, n\u00e9 Jorge Mario Bergoglio, \u00e0 l\u2019\u00e2ge v\u00e9n\u00e9rable de 88 ans. <\/p>\n","protected":false},"author":488,"featured_media":4000060292,"comment_status":"open","ping_status":"open","sticky":false,"template":"","format":"standard","meta":{"footnotes":""},"categories":[7529],"tags":[7605],"byline":[9102],"hashtag":[],"class_list":["post-37460","post","type-post","status-publish","format-standard","has-post-thumbnail","hentry","category-actualite-3","tag-homenews","byline-tite-gatabazi"],"bylines":[{"id":9102,"name":"Tite Gatabazi","slug":"tite-gatabazi","description":"","image":{"id":0,"url":"https:\/\/secure.gravatar.com\/avatar\/?s=96&d=mm&f=y&r=g","alt":"Default avatar","title":"Default avatar","caption":"","mime_type":"image\/jpeg","sizes":[]},"user_id":472}],"contributors":[{"id":9102,"name":"Tite Gatabazi","slug":"tite-gatabazi","description":"","image":{"id":0,"url":"https:\/\/secure.gravatar.com\/avatar\/?s=96&d=mm&f=y&r=g","alt":"Default avatar","title":"Default avatar","caption":"","mime_type":"image\/jpeg","sizes":[]},"user_id":472}],"featured_image":{"id":4000060292,"url":"https:\/\/fr-images.igihe.com\/IMG\/logo\/pf_cp-3.jpg","alt":"","caption":"","mime_type":"image\/jpeg","width":0,"height":0,"sizes":{"thumbnail":{"url":"https:\/\/fr-images.igihe.com\/IMG\/logo\/pf_cp-3.jpg","width":1,"height":1},"medium":{"url":"https:\/\/fr-images.igihe.com\/IMG\/logo\/pf_cp-3.jpg","width":1,"height":1},"medium_large":{"url":"https:\/\/fr-images.igihe.com\/IMG\/logo\/pf_cp-3.jpg","width":1,"height":1},"large":{"url":"https:\/\/fr-images.igihe.com\/IMG\/logo\/pf_cp-3.jpg","width":1,"height":1},"full":{"url":"https:\/\/fr-images.igihe.com\/IMG\/logo\/pf_cp-3.jpg","width":0,"height":0}}},"_links":{"self":[{"href":"https:\/\/new.igihe.com\/french\/wp-json\/wp\/v2\/posts\/37460","targetHints":{"allow":["GET"]}}],"collection":[{"href":"https:\/\/new.igihe.com\/french\/wp-json\/wp\/v2\/posts"}],"about":[{"href":"https:\/\/new.igihe.com\/french\/wp-json\/wp\/v2\/types\/post"}],"author":[{"embeddable":true,"href":"https:\/\/new.igihe.com\/french\/wp-json\/wp\/v2\/users\/488"}],"replies":[{"embeddable":true,"href":"https:\/\/new.igihe.com\/french\/wp-json\/wp\/v2\/comments?post=37460"}],"version-history":[{"count":0,"href":"https:\/\/new.igihe.com\/french\/wp-json\/wp\/v2\/posts\/37460\/revisions"}],"wp:featuredmedia":[{"embeddable":true,"href":"https:\/\/new.igihe.com\/french\/wp-json\/wp\/v2\/media\/4000060292"}],"wp:attachment":[{"href":"https:\/\/new.igihe.com\/french\/wp-json\/wp\/v2\/media?parent=37460"}],"wp:term":[{"taxonomy":"category","embeddable":true,"href":"https:\/\/new.igihe.com\/french\/wp-json\/wp\/v2\/categories?post=37460"},{"taxonomy":"post_tag","embeddable":true,"href":"https:\/\/new.igihe.com\/french\/wp-json\/wp\/v2\/tags?post=37460"},{"taxonomy":"byline","embeddable":true,"href":"https:\/\/new.igihe.com\/french\/wp-json\/wp\/v2\/byline?post=37460"},{"taxonomy":"hashtag","embeddable":true,"href":"https:\/\/new.igihe.com\/french\/wp-json\/wp\/v2\/hashtag?post=37460"}],"curies":[{"name":"wp","href":"https:\/\/api.w.org\/{rel}","templated":true}]}}