{"id":37455,"date":"2025-04-21T14:45:33","date_gmt":"2025-04-21T14:45:33","guid":{"rendered":"https:\/\/new.igihe.com\/french\/L-eglise-catholique-perd-son-premier-berger-37455\/"},"modified":"2025-04-21T14:45:21","modified_gmt":"2025-04-21T14:45:21","slug":"L-eglise-catholique-perd-son-premier-berger","status":"publish","type":"post","link":"https:\/\/new.igihe.com\/french\/L-eglise-catholique-perd-son-premier-berger\/","title":{"rendered":"L&#8217;\u00e9glise catholique perd son premier berger"},"content":{"rendered":"<p>La disparition du Souverain Pontife, h\u00e9ritier du Si\u00e8ge p\u00e9trinien, constitue en effet un s\u00e9isme th\u00e9ologique, pastoral et diplomatique dont les ondes de choc se propagent aux confins de la catholicit\u00e9 et bien au-del\u00e0, dans le concert des nations.<\/p>\n<p>Ainsi donc, au lendemain de l\u2019annonce du d\u00e9c\u00e8s du pape Fran\u00e7ois 1er, Jorge Mario Bergoglio de son nom de bapt\u00eame, ce lundi 21 avril, alors m\u00eame que,la veille encore, le Pontife s\u2019\u00e9tait pr\u00e9sent\u00e9 au balcon de la basilique vaticane dans un ultime geste d\u2019abandon et de sollicitude pour le troupeau du Christ, s\u2019est ouvert ce que la tradition s\u00e9culaire et le droit canonique d\u00e9signent sous le vocable de Sede Vacante.<\/p>\n<p>{{Du constat officiel du d\u00e9c\u00e8s et des premiers actes canoniques}}<\/p>\n<p>\u00c0 l\u2019instant m\u00eame o\u00f9 la nouvelle du tr\u00e9pas pontifical se confirme, il appartient au cardinal camerlingue de la Sainte \u00c9glise romaine d\u2019en prendre officiellement acte. Ce dernier, selon l\u2019antique et immuable rituel, se rend aupr\u00e8s du corps du d\u00e9funt pontife, l\u2019appelant par son nom de bapt\u00eame \u00e0 trois reprises. <\/p>\n<p>En l\u2019absence de r\u00e9ponse, qui en cette circonstance mortuaire ne saurait \u00eatre donn\u00e9e, le camerlingue prononce la formule rituelle Vere Papa mortuus est, scellant ainsi la vacance du si\u00e8ge apostolique.<\/p>\n<p>Cons\u00e9cutivement, sont d\u00e9truits, en pr\u00e9sence des cardinaux et des membres de la Pr\u00e9fecture de la Maison pontificale, l\u2019anneau du P\u00eacheur et le sceau officiel du pape d\u00e9funt, afin d\u2019\u00e9carter toute tentative d\u2019usurpation ou de faux instruments pontificaux. Simultan\u00e9ment, les appartements pontificaux sont scell\u00e9s et les insignes du pouvoir retir\u00e9s.<\/p>\n<p>{{De l\u2019administration int\u00e9rimaire de l\u2019\u00c9glise universelle}}<\/p>\n<p>Durant le Sede Vacante, le gouvernement ordinaire de l\u2019\u00c9glise est suspendu. Seules les affaires courantes sont poursuivies, \u00e0 l\u2019exception de celles qui rel\u00e8veraient exclusivement du Pontife r\u00e9gnant. Le Coll\u00e8ge des cardinaux, assembl\u00e9 en congr\u00e9gations g\u00e9n\u00e9rales quotidiennes, veille \u00e0 la bonne administration de la cit\u00e9 du Vatican et des int\u00e9r\u00eats spirituels et temporels de l\u2019\u00c9glise. Le cardinal camerlingue agit comme administrateur des biens et garant du bon ordre temporel.<\/p>\n<p>Aucune d\u00e9cision de port\u00e9e doctrinale, pastorale ou disciplinaire majeure ne saurait \u00eatre prise, l\u2019\u00c9glise \u00e9tant en \u00e9tat de vacance de pouvoir supr\u00eame.<\/p>\n<p>{{De la convocation du Conclave et de sa tenue}}<\/p>\n<p>Selon la Constitution apostolique Universi Dominici Gregis, promulgu\u00e9e par saint Jean-Paul II et amend\u00e9e en 2022 par Fran\u00e7ois lui-m\u00eame, le Coll\u00e8ge des cardinaux doit se r\u00e9unir dans un d\u00e9lai de 15 \u00e0 20 jours apr\u00e8s la vacance effective du Si\u00e8ge. Seuls les cardinaux de moins de quatre-vingts ans \u00e0 la date du d\u00e9c\u00e8s sont habilit\u00e9s \u00e0 prendre part au scrutin.<\/p>\n<p>Le conclave se tient dans la sacro-sainte chapelle Sixtine, sous la fresque du Jugement dernier de Michel-Ange, dans un huis clos rigoureux. Les cardinaux \u00e9lecteurs y pr\u00eatent un serment solennel de secret, et tout moyen de communication avec l\u2019ext\u00e9rieur leur est formellement interdit.<\/p>\n<p>{{De l\u2019\u00e9lection du nouveau Pontife romain}}<\/p>\n<p>L\u2019\u00e9lection se d\u00e9roule par scrutin secret. Chaque cardinal inscrit le nom de son choix sur un bulletin, qui est ensuite d\u00e9pos\u00e9 dans une urne apr\u00e8s qu\u2019il ait pr\u00eat\u00e9 serment : \u00ab Je prends \u00e0 t\u00e9moin le Christ Seigneur qui me jugera que je donne mon suffrage \u00e0 celui que, devant Dieu, je crois devoir \u00eatre \u00e9lu. \u00bb<\/p>\n<p>Pour \u00eatre \u00e9lu validement, le candidat doit recueillir les deux tiers des suffrages exprim\u00e9s. Apr\u00e8s chaque tour de scrutin, les bulletins sont br\u00fbl\u00e9s. La fum\u00e9e qui s\u2019\u00e9chappe de la chemin\u00e9e de la chapelle Sixtine est noire (fumata nera) si le scrutin est infructueux, blanche (fumata bianca) lorsqu\u2019un pape est \u00e9lu.<\/p>\n<p>Lorsque le consensus est enfin atteint, le doyen du Sacr\u00e9 Coll\u00e8ge demande \u00e0 l\u2019\u00e9lu s\u2019il accepte son \u00e9lection. Si ce dernier consent, il choisit le nom sous lequel il exercera son minist\u00e8re p\u00e9trinien.<\/p>\n<p>{{De la proclamation et de l\u2019intronisation du nouveau pape}}<\/p>\n<p>Le cardinal protodiacre se pr\u00e9sente alors au balcon central de la basilique Saint-Pierre pour proclamer au monde: habemus Papam ! suivi du nom de l\u2019\u00e9lu et du nom qu\u2019il a choisi. Le nouveau Pontife b\u00e9nit alors Urbi et Orbi, \u00e0 la ville et au monde.<\/p>\n<p>Dans les jours suivants, une messe solennelle d\u2019inauguration de pontificat est c\u00e9l\u00e9br\u00e9e sur la place Saint-Pierre, marquant publiquement l\u2019entr\u00e9e en charge du 267\u1d49 successeur de l\u2019Ap\u00f4tre Pierre.<\/p>\n<figure class=\"spip-document spip-document-60291 aligncenter\"><img decoding=\"async\" src=\"https:\/\/fr.igihe.com\/IMG\/jpg\/pff.jpg\" alt=\"La disparition du Souverain Pontife, h\u00e9ritier du Si\u00e8ge p\u00e9trinien, constitue en effet un s\u00e9isme th\u00e9ologique\" \/><\/figure>\n","protected":false},"excerpt":{"rendered":"<p>Il faut conf\u00e9rer \u00e0 cette douloureuse circonstance toute la gravit\u00e9 et la solennit\u00e9 qu\u2019exige un tel \u00e9v\u00e9nement dans la vie de la Sainte \u00c9glise catholique et romaine. <\/p>\n","protected":false},"author":488,"featured_media":4000060290,"comment_status":"open","ping_status":"open","sticky":false,"template":"","format":"standard","meta":{"footnotes":""},"categories":[7529],"tags":[7605],"byline":[9102],"hashtag":[],"class_list":["post-37455","post","type-post","status-publish","format-standard","has-post-thumbnail","hentry","category-actualite-3","tag-homenews","byline-tite-gatabazi"],"bylines":[{"id":9102,"name":"Tite Gatabazi","slug":"tite-gatabazi","description":"","image":{"id":0,"url":"https:\/\/secure.gravatar.com\/avatar\/?s=96&d=mm&f=y&r=g","alt":"Default avatar","title":"Default avatar","caption":"","mime_type":"image\/jpeg","sizes":[]},"user_id":472}],"contributors":[{"id":9102,"name":"Tite Gatabazi","slug":"tite-gatabazi","description":"","image":{"id":0,"url":"https:\/\/secure.gravatar.com\/avatar\/?s=96&d=mm&f=y&r=g","alt":"Default avatar","title":"Default avatar","caption":"","mime_type":"image\/jpeg","sizes":[]},"user_id":472}],"featured_image":{"id":4000060290,"url":"https:\/\/fr-images.igihe.com\/IMG\/logo\/pff_cp.jpg","alt":"","caption":"","mime_type":"image\/jpeg","width":0,"height":0,"sizes":{"thumbnail":{"url":"https:\/\/fr-images.igihe.com\/IMG\/logo\/pff_cp.jpg","width":1,"height":1},"medium":{"url":"https:\/\/fr-images.igihe.com\/IMG\/logo\/pff_cp.jpg","width":1,"height":1},"medium_large":{"url":"https:\/\/fr-images.igihe.com\/IMG\/logo\/pff_cp.jpg","width":1,"height":1},"large":{"url":"https:\/\/fr-images.igihe.com\/IMG\/logo\/pff_cp.jpg","width":1,"height":1},"full":{"url":"https:\/\/fr-images.igihe.com\/IMG\/logo\/pff_cp.jpg","width":0,"height":0}}},"_links":{"self":[{"href":"https:\/\/new.igihe.com\/french\/wp-json\/wp\/v2\/posts\/37455","targetHints":{"allow":["GET"]}}],"collection":[{"href":"https:\/\/new.igihe.com\/french\/wp-json\/wp\/v2\/posts"}],"about":[{"href":"https:\/\/new.igihe.com\/french\/wp-json\/wp\/v2\/types\/post"}],"author":[{"embeddable":true,"href":"https:\/\/new.igihe.com\/french\/wp-json\/wp\/v2\/users\/488"}],"replies":[{"embeddable":true,"href":"https:\/\/new.igihe.com\/french\/wp-json\/wp\/v2\/comments?post=37455"}],"version-history":[{"count":0,"href":"https:\/\/new.igihe.com\/french\/wp-json\/wp\/v2\/posts\/37455\/revisions"}],"wp:featuredmedia":[{"embeddable":true,"href":"https:\/\/new.igihe.com\/french\/wp-json\/wp\/v2\/media\/4000060290"}],"wp:attachment":[{"href":"https:\/\/new.igihe.com\/french\/wp-json\/wp\/v2\/media?parent=37455"}],"wp:term":[{"taxonomy":"category","embeddable":true,"href":"https:\/\/new.igihe.com\/french\/wp-json\/wp\/v2\/categories?post=37455"},{"taxonomy":"post_tag","embeddable":true,"href":"https:\/\/new.igihe.com\/french\/wp-json\/wp\/v2\/tags?post=37455"},{"taxonomy":"byline","embeddable":true,"href":"https:\/\/new.igihe.com\/french\/wp-json\/wp\/v2\/byline?post=37455"},{"taxonomy":"hashtag","embeddable":true,"href":"https:\/\/new.igihe.com\/french\/wp-json\/wp\/v2\/hashtag?post=37455"}],"curies":[{"name":"wp","href":"https:\/\/api.w.org\/{rel}","templated":true}]}}