{"id":37453,"date":"2025-04-21T11:55:11","date_gmt":"2025-04-21T11:55:11","guid":{"rendered":"https:\/\/new.igihe.com\/french\/Le-pape-Francois-est-mort-a-88-ans-37453\/"},"modified":"2025-04-23T09:50:46","modified_gmt":"2025-04-23T09:50:46","slug":"Le-pape-Francois-est-mort-a-88-ans","status":"publish","type":"post","link":"https:\/\/new.igihe.com\/french\/Le-pape-Francois-est-mort-a-88-ans\/","title":{"rendered":"Le pape Fran\u00e7ois est mort \u00e0 88 ans"},"content":{"rendered":"<p>\u00ab Ce matin, \u00e0 7h35, l\u2019\u00e9v\u00eaque de Rome, Fran\u00e7ois, est retourn\u00e9 \u00e0 la maison du P\u00e8re \u00bb, a annonc\u00e9 le cardinal Kevin Farrell, cam\u00e9rier du Vatican, dans un communiqu\u00e9.<\/p>\n<p>\u00ab Toute sa vie a \u00e9t\u00e9 consacr\u00e9e au service du Seigneur et de son \u00c9glise \u00bb, a-t-il ajout\u00e9.<\/p>\n<p>Le d\u00e9c\u00e8s du pape Fran\u00e7ois, survenu un lundi de P\u00e2ques, a boulevers\u00e9 la communaut\u00e9 catholique mondiale, assombrissant l\u2019un des jours les plus sacr\u00e9s du calendrier chr\u00e9tien. Il laisse derri\u00e8re lui des millions de fid\u00e8les en deuil, \u00e0 un moment traditionnellement empreint d\u2019esp\u00e9rance et de renouveau.<\/p>\n<p>Le pape avait \u00e9t\u00e9 hospitalis\u00e9 \u00e0 plusieurs reprises ces derniers mois en raison de probl\u00e8mes de sant\u00e9, dont le plus grave a eu lieu fin f\u00e9vrier. Le 28 f\u00e9vrier 2025, il a \u00e9t\u00e9 victime d\u2019une grave crise respiratoire et transport\u00e9 d\u2019urgence \u00e0 l\u2019h\u00f4pital Gemelli de Rome.<\/p>\n<p>Le Dr Sergio Alfieri, m\u00e9decin personnel du pontife, a confi\u00e9 qu\u2019\u00e0 un moment critique, l\u2019\u00e9quipe m\u00e9dicale avait s\u00e9rieusement envisag\u00e9 d\u2019interrompre les soins en raison de la d\u00e9t\u00e9rioration de son \u00e9tat.<\/p>\n<p>Le pape Fran\u00e7ois avait souffert d\u2019un bronchospasme s\u00e9v\u00e8re et aspir\u00e9 du vomi, mettant en p\u00e9ril plusieurs organes vitaux. L\u2019\u00e9quipe a alors d\u00fb prendre une d\u00e9cision capitale : suspendre les traitements pour le laisser partir en paix, ou poursuivre une intervention intensive, malgr\u00e9 les risques de l\u00e9sions suppl\u00e9mentaires.<\/p>\n<p>Apr\u00e8s un d\u00e9bat difficile, ils ont d\u00e9cid\u00e9 de continuer les soins. Le pape est rest\u00e9 conscient durant toute la crise, bien que les m\u00e9decins aient redout\u00e9, \u00e0 un moment donn\u00e9, qu\u2019il ne survive pas \u00e0 la nuit.<\/p>\n<p>Gr\u00e2ce \u00e0 une intervention rapide et aux efforts soutenus de son \u00e9quipe m\u00e9dicale \u2014 incluant une proc\u00e9dure d\u2019aspiration non invasive et un traitement m\u00e9dicamenteux intensif \u2014 son \u00e9tat s\u2019est stabilis\u00e9. Cependant, quelques jours plus tard, un second \u00e9pisode respiratoire aigu a n\u00e9cessit\u00e9 l\u2019insertion d\u2019un tube sp\u00e9cialis\u00e9 pour d\u00e9sobstruer ses poumons.<\/p>\n<p>La transparence affich\u00e9e par le Vatican tout au long de son hospitalisation a \u00e9t\u00e9 salu\u00e9e, avec des bulletins de sant\u00e9 quotidiens. Selon le Dr Alfieri, le pape avait express\u00e9ment demand\u00e9 que la v\u00e9rit\u00e9 soit dite sur son \u00e9tat. \u00ab Il voulait que tout soit partag\u00e9. Rien n\u2019a \u00e9t\u00e9 cach\u00e9 ni omis \u00bb, a-t-il affirm\u00e9.<\/p>\n<p>Apr\u00e8s 38 jours d\u2019hospitalisation, le pape Fran\u00e7ois a quitt\u00e9 l\u2019h\u00f4pital le 23 mars dernier, affaibli mais d\u00e9termin\u00e9. Depuis un balcon de l\u2019\u00e9tablissement, il a salu\u00e9 les fid\u00e8les et les a remerci\u00e9s pour leurs pri\u00e8res. Le Vatican a ensuite indiqu\u00e9 qu\u2019il entamerait une p\u00e9riode stricte de convalescence de deux mois \u00e0 la Casa Santa Marta, sa r\u00e9sidence au Vatican, sous surveillance m\u00e9dicale continue et avec assistance respiratoire.<\/p>\n<p>Malgr\u00e9 cette convalescence, le pape a continu\u00e9 \u00e0 affronter d\u2019importants probl\u00e8mes de sant\u00e9.<\/p>\n<p>N\u00e9 en Argentine sous le nom de Jorge Mario Bergoglio, il a \u00e9t\u00e9 \u00e9lu 266\u1d49 souverain pontife de l\u2019\u00c9glise catholique en mars 2013, \u00e0 la suite de la d\u00e9mission historique de Beno\u00eet XVI, survenue le 28 f\u00e9vrier de la m\u00eame ann\u00e9e.<\/p>\n<p>Reconnu pour son humilit\u00e9, sa proximit\u00e9 avec les plus vuln\u00e9rables et son engagement pour la justice sociale, Fran\u00e7ois a profond\u00e9ment renouvel\u00e9 l\u2019image du pontificat. Il a plac\u00e9 les pauvres, la protection de l\u2019environnement et le dialogue interreligieux au c\u0153ur de son action, marquant ainsi une rupture majeure avec certaines traditions de la Curie.<\/p>\n<figure class=\"spip-document spip-document-60283 aligncenter\"><img decoding=\"async\" src=\"https:\/\/fr.igihe.com\/IMG\/jpg\/pf.jpg\" alt=\"Le pape Fran\u00e7ois est d\u00e9c\u00e9d\u00e9 ce lundi matin \u00e0 l\u2019\u00e2ge de 88 ans\" \/><\/figure>\n","protected":false},"excerpt":{"rendered":"<p>Le pape Fran\u00e7ois est d\u00e9c\u00e9d\u00e9 ce lundi matin \u00e0 l\u2019\u00e2ge de 88 ans, a annonc\u00e9 le cardinal Kevin Farrell, cam\u00e9rier du Vatican.<\/p>\n","protected":false},"author":488,"featured_media":4000060284,"comment_status":"open","ping_status":"open","sticky":false,"template":"","format":"standard","meta":{"footnotes":""},"categories":[7529],"tags":[7605],"byline":[9865],"hashtag":[],"class_list":["post-37453","post","type-post","status-publish","format-standard","has-post-thumbnail","hentry","category-actualite-3","tag-homenews","byline-alain-bertrand-tunezerwe"],"bylines":[{"id":9865,"name":"Alain Bertrand Tunezerwe","slug":"alain-bertrand-tunezerwe","description":"","image":{"id":0,"url":"https:\/\/secure.gravatar.com\/avatar\/?s=96&d=mm&f=y&r=g","alt":"Default avatar","title":"Default avatar","caption":"","mime_type":"image\/jpeg","sizes":[]},"user_id":452}],"contributors":[{"id":9865,"name":"Alain Bertrand Tunezerwe","slug":"alain-bertrand-tunezerwe","description":"","image":{"id":0,"url":"https:\/\/secure.gravatar.com\/avatar\/?s=96&d=mm&f=y&r=g","alt":"Default avatar","title":"Default avatar","caption":"","mime_type":"image\/jpeg","sizes":[]},"user_id":452}],"featured_image":{"id":4000060284,"url":"https:\/\/fr-images.igihe.com\/IMG\/logo\/pf_cp-2.jpg","alt":"","caption":"","mime_type":"image\/jpeg","width":0,"height":0,"sizes":{"thumbnail":{"url":"https:\/\/fr-images.igihe.com\/IMG\/logo\/pf_cp-2.jpg","width":1,"height":1},"medium":{"url":"https:\/\/fr-images.igihe.com\/IMG\/logo\/pf_cp-2.jpg","width":1,"height":1},"medium_large":{"url":"https:\/\/fr-images.igihe.com\/IMG\/logo\/pf_cp-2.jpg","width":1,"height":1},"large":{"url":"https:\/\/fr-images.igihe.com\/IMG\/logo\/pf_cp-2.jpg","width":1,"height":1},"full":{"url":"https:\/\/fr-images.igihe.com\/IMG\/logo\/pf_cp-2.jpg","width":0,"height":0}}},"_links":{"self":[{"href":"https:\/\/new.igihe.com\/french\/wp-json\/wp\/v2\/posts\/37453","targetHints":{"allow":["GET"]}}],"collection":[{"href":"https:\/\/new.igihe.com\/french\/wp-json\/wp\/v2\/posts"}],"about":[{"href":"https:\/\/new.igihe.com\/french\/wp-json\/wp\/v2\/types\/post"}],"author":[{"embeddable":true,"href":"https:\/\/new.igihe.com\/french\/wp-json\/wp\/v2\/users\/488"}],"replies":[{"embeddable":true,"href":"https:\/\/new.igihe.com\/french\/wp-json\/wp\/v2\/comments?post=37453"}],"version-history":[{"count":0,"href":"https:\/\/new.igihe.com\/french\/wp-json\/wp\/v2\/posts\/37453\/revisions"}],"wp:featuredmedia":[{"embeddable":true,"href":"https:\/\/new.igihe.com\/french\/wp-json\/wp\/v2\/media\/4000060284"}],"wp:attachment":[{"href":"https:\/\/new.igihe.com\/french\/wp-json\/wp\/v2\/media?parent=37453"}],"wp:term":[{"taxonomy":"category","embeddable":true,"href":"https:\/\/new.igihe.com\/french\/wp-json\/wp\/v2\/categories?post=37453"},{"taxonomy":"post_tag","embeddable":true,"href":"https:\/\/new.igihe.com\/french\/wp-json\/wp\/v2\/tags?post=37453"},{"taxonomy":"byline","embeddable":true,"href":"https:\/\/new.igihe.com\/french\/wp-json\/wp\/v2\/byline?post=37453"},{"taxonomy":"hashtag","embeddable":true,"href":"https:\/\/new.igihe.com\/french\/wp-json\/wp\/v2\/hashtag?post=37453"}],"curies":[{"name":"wp","href":"https:\/\/api.w.org\/{rel}","templated":true}]}}