{"id":37448,"date":"2025-04-19T13:30:13","date_gmt":"2025-04-19T13:30:13","guid":{"rendered":"https:\/\/new.igihe.com\/french\/Goma-devient-le-theatre-d-une-recomposition-politique-de-la-RDC-37448\/"},"modified":"2025-04-19T13:28:51","modified_gmt":"2025-04-19T13:28:51","slug":"Goma-devient-le-theatre-d-une-recomposition-politique-de-la-RDC","status":"publish","type":"post","link":"https:\/\/new.igihe.com\/french\/Goma-devient-le-theatre-d-une-recomposition-politique-de-la-RDC\/","title":{"rendered":"Goma devient le th\u00e9\u00e2tre d\u2019une recomposition politique de la RDC"},"content":{"rendered":"<p>Ceux que le discours officiel qualifiait nagu\u00e8re de \u201c pantins \u00bb, de suppl\u00e9tifs de puissances \u00e9trang\u00e8res et de \u00ab terroristes \u00bb, sont d\u00e9sormais devenus des interlocuteurs que l\u2019on fr\u00e9quente, voire que l\u2019on courtise dans les arcanes feutr\u00e9s des n\u00e9gociations parall\u00e8les. Cette volte-face lexicale et diplomatique, lourde de significations politiques, t\u00e9moigne de l\u2019extraordinaire plasticit\u00e9 des alliances et de la brutalit\u00e9 des renversements d\u2019\u00e9quilibres dans un espace national o\u00f9 l\u2019id\u00e9ologie se plie ais\u00e9ment aux imp\u00e9ratifs de survie et de recomposition du pouvoir. <\/p>\n<p>A Goma comme \u00e0 Kinshasa, les masques tombent et la rh\u00e9torique guerri\u00e8re c\u00e8de peu \u00e0 peu la place aux tractations obscures, o\u00f9 les int\u00e9r\u00eats convergents de certains acteurs politiques et militaires r\u00e9\u00e9crivent \u00e0 huis clos les rapports de force que le peuple subit dans le fracas des armes et l\u2019\u00e9cho des promesses trahies.<\/p>\n<p>En politique congolaise, rien n\u2019est jamais anodin. Aucun d\u00e9placement ne se veut innocent, et chaque geste pos\u00e9 par les figures majeures de l\u2019histoire nationale rec\u00e8le son lot de symboles et de strat\u00e9gies voil\u00e9es. <\/p>\n<p>L\u2019arriv\u00e9e de l\u2019ancien pr\u00e9sident Joseph Kabila Kabange \u00e0 Goma, au c\u0153ur du Nord-Kivu ensanglant\u00e9, s\u2019inscrit pr\u00e9cis\u00e9ment dans cette logique de lectures \u00e0 plusieurs niveaux et d\u2019arri\u00e8re-plans mouvants.<\/p>\n<p>Confirm\u00e9e en ce 18 avril par des sources cr\u00e9dibles, aussi bien dans les cercles de l\u2019AFC\/M23 que dans l\u2019entourage imm\u00e9diat de l\u2019ancien chef de l\u2019\u00c9tat, cette descente a pris des allures de s\u00e9isme politique dans une r\u00e9gion o\u00f9 la moindre initiative d\u2019un acteur de cette stature p\u00e8se de tout son poids. <\/p>\n<p>Plus r\u00e9v\u00e9lateur encore : Joseph Kabila aurait transit\u00e9 par Kigali avant de gagner Goma, un itin\u00e9raire qui, dans le contexte actuel de tensions r\u00e9gionales et d\u2019accusations crois\u00e9es, ne peut relever du simple hasard diplomatique.<\/p>\n<p>Ce d\u00e9placement s\u2019apparente \u00e0 un acte politique d\u00e9lib\u00e9r\u00e9, un signal adress\u00e9 tant \u00e0 l\u2019int\u00e9rieur qu\u2019\u00e0 l\u2019ext\u00e9rieur des fronti\u00e8res, dans une RDC o\u00f9 le pouvoir se dispute et se n\u00e9gocie aussi bien \u00e0 Kinshasa qu\u2019\u00e0 travers les collines du Kivu. Il intervient dans un climat o\u00f9 l\u2019actuel pr\u00e9sident F\u00e9lix Tshisekedi accuse ouvertement son pr\u00e9d\u00e9cesseur d\u2019entretenir, dans l\u2019ombre, des accointances avec l\u2019AFC\/M23, acteur militaire et politique majeur dans la partie orientale du pays. D\u00e8s lors, loin d\u2019\u00eatre anodine, ceci pourrait bien s\u2019inscrire dans une vaste recomposition de la sc\u00e8ne politique congolaise.<\/p>\n<p>Sur les rives du lac Kivu, la population oscille entre espoir et m\u00e9fiance. Certains, lass\u00e9s d\u2019une guerre interminable, veulent croire \u00e0 la capacit\u00e9 de Joseph Kabila de servir, dans un conflit o\u00f9 les lignes de fracture d\u00e9passent de loin les seules consid\u00e9rations ethniques et militaires. D\u2019autres, \u00e0 raison, redoutent une man\u0153uvre de retour en gr\u00e2ce, un coup de ma\u00eetre dans l\u2019art congolais de la r\u00e9surgence politique par les marges.<\/p>\n<p>Car il serait na\u00eff de penser que l\u2019ancien pr\u00e9sident, fort de ses r\u00e9seaux s\u00e9curitaires, militaires et \u00e9conomiques tiss\u00e9s durant ses dix-huit ann\u00e9es de pouvoir, ne nourrit aucune ambition dans la configuration \u00e0 venir du pouvoir d\u2019\u00c9tat. <\/p>\n<p>La RDC se trouve ainsi \u00e0 la crois\u00e9e des chemins : entre la consolidation d\u2019un pouvoir central affaibli et contest\u00e9, et la r\u00e9surgence d\u2019anciens barons politiques pr\u00eats \u00e0 capter \u00e0 leur avantage les failles du syst\u00e8me. Joseph Kabila \u00e0 Goma pourrait bien \u00eatre le pr\u00e9lude \u00e0 une r\u00e9articulation politique de grande ampleur, o\u00f9 alliances, trahisons et nouvelles coalitions redessineront les contours du pouvoir congolais \u00e0 l\u2019approche des prochaines \u00e9ch\u00e9ances.<\/p>\n<p>Le pays, pris entre l\u2019aspiration l\u00e9gitime \u00e0 la paix et les jeux cyniques d\u2019appareils politiques en qu\u00eate de survie et d\u2019influence, s\u2019appr\u00eate sans doute \u00e0 \u00e9crire une nouvelle page de son histoire tourment\u00e9e.<\/p>\n<p>Le retour de Joseph Kabila sur le th\u00e9\u00e2tre politique, sous couvert d\u2019une visite dans une zone de conflit, sonne ainsi comme un rappel brutal : en RDC, le pass\u00e9 ne meurt jamais vraiment. Il sommeille, guette, et reprend place au moment o\u00f9 les fractures du pr\u00e9sent le rendent in\u00e9vitable.<\/p>\n<figure class=\"spip-document spip-document-60276 aligncenter\"><img decoding=\"async\" src=\"https:\/\/fr.igihe.com\/IMG\/jpg\/jkb-2.jpg\" alt=\"Joseph Kabila, ancien pr\u00e9sident de la RDC\" \/><\/figure>\n","protected":false},"excerpt":{"rendered":"<p>Depuis pr\u00e8s de trois mois que les forces de l\u2019AFC\/M23 ont pris le contr\u00f4le de la ville de Goma, v\u00e9ritable verrou strat\u00e9gique de l\u2019Est congolais, l\u2019on assiste \u00e0 une m\u00e9tamorphose in\u00e9dite et d\u00e9routante du paysage politique et s\u00e9curitaire de la R\u00e9publique d\u00e9mocratique du Congo. <\/p>\n","protected":false},"author":488,"featured_media":4000060275,"comment_status":"open","ping_status":"open","sticky":false,"template":"","format":"standard","meta":{"footnotes":""},"categories":[7544],"tags":[7605],"byline":[9102],"hashtag":[],"class_list":["post-37448","post","type-post","status-publish","format-standard","has-post-thumbnail","hentry","category-politique","tag-homenews","byline-tite-gatabazi"],"bylines":[{"id":9102,"name":"Tite Gatabazi","slug":"tite-gatabazi","description":"","image":{"id":0,"url":"https:\/\/secure.gravatar.com\/avatar\/?s=96&d=mm&f=y&r=g","alt":"Default avatar","title":"Default avatar","caption":"","mime_type":"image\/jpeg","sizes":[]},"user_id":472}],"contributors":[{"id":9102,"name":"Tite Gatabazi","slug":"tite-gatabazi","description":"","image":{"id":0,"url":"https:\/\/secure.gravatar.com\/avatar\/?s=96&d=mm&f=y&r=g","alt":"Default avatar","title":"Default avatar","caption":"","mime_type":"image\/jpeg","sizes":[]},"user_id":472}],"featured_image":{"id":4000060275,"url":"https:\/\/fr-images.igihe.com\/IMG\/logo\/cp-43.jpg","alt":"","caption":"","mime_type":"image\/jpeg","width":0,"height":0,"sizes":{"thumbnail":{"url":"https:\/\/fr-images.igihe.com\/IMG\/logo\/cp-43.jpg","width":1,"height":1},"medium":{"url":"https:\/\/fr-images.igihe.com\/IMG\/logo\/cp-43.jpg","width":1,"height":1},"medium_large":{"url":"https:\/\/fr-images.igihe.com\/IMG\/logo\/cp-43.jpg","width":1,"height":1},"large":{"url":"https:\/\/fr-images.igihe.com\/IMG\/logo\/cp-43.jpg","width":1,"height":1},"full":{"url":"https:\/\/fr-images.igihe.com\/IMG\/logo\/cp-43.jpg","width":0,"height":0}}},"_links":{"self":[{"href":"https:\/\/new.igihe.com\/french\/wp-json\/wp\/v2\/posts\/37448","targetHints":{"allow":["GET"]}}],"collection":[{"href":"https:\/\/new.igihe.com\/french\/wp-json\/wp\/v2\/posts"}],"about":[{"href":"https:\/\/new.igihe.com\/french\/wp-json\/wp\/v2\/types\/post"}],"author":[{"embeddable":true,"href":"https:\/\/new.igihe.com\/french\/wp-json\/wp\/v2\/users\/488"}],"replies":[{"embeddable":true,"href":"https:\/\/new.igihe.com\/french\/wp-json\/wp\/v2\/comments?post=37448"}],"version-history":[{"count":0,"href":"https:\/\/new.igihe.com\/french\/wp-json\/wp\/v2\/posts\/37448\/revisions"}],"wp:featuredmedia":[{"embeddable":true,"href":"https:\/\/new.igihe.com\/french\/wp-json\/wp\/v2\/media\/4000060275"}],"wp:attachment":[{"href":"https:\/\/new.igihe.com\/french\/wp-json\/wp\/v2\/media?parent=37448"}],"wp:term":[{"taxonomy":"category","embeddable":true,"href":"https:\/\/new.igihe.com\/french\/wp-json\/wp\/v2\/categories?post=37448"},{"taxonomy":"post_tag","embeddable":true,"href":"https:\/\/new.igihe.com\/french\/wp-json\/wp\/v2\/tags?post=37448"},{"taxonomy":"byline","embeddable":true,"href":"https:\/\/new.igihe.com\/french\/wp-json\/wp\/v2\/byline?post=37448"},{"taxonomy":"hashtag","embeddable":true,"href":"https:\/\/new.igihe.com\/french\/wp-json\/wp\/v2\/hashtag?post=37448"}],"curies":[{"name":"wp","href":"https:\/\/api.w.org\/{rel}","templated":true}]}}