{"id":37446,"date":"2025-04-19T13:21:11","date_gmt":"2025-04-19T13:21:11","guid":{"rendered":"https:\/\/new.igihe.com\/french\/Joseph-Kabila-arrive-a-Goma-37446\/"},"modified":"2025-04-19T13:21:02","modified_gmt":"2025-04-19T13:21:02","slug":"Joseph-Kabila-arrive-a-Goma","status":"publish","type":"post","link":"https:\/\/new.igihe.com\/french\/Joseph-Kabila-arrive-a-Goma\/","title":{"rendered":"Joseph Kabila arrive \u00e0 Goma"},"content":{"rendered":"<p>Des informations circulant au sein de l&#8217;AFC\/M23 sugg\u00e8rent qu&#8217;il aurait travers\u00e9 la fronti\u00e8re depuis le Rwanda. <\/p>\n<p>Depuis qu\u2019il a quitt\u00e9 le pouvoir, Joseph Kabila a pass\u00e9 la majeure partie de son temps en Afrique du Sud, avec des s\u00e9jours occasionnels au Zimbabwe. Des rumeurs concernant son retour en R\u00e9publique d\u00e9mocratique du Congo ont commenc\u00e9 \u00e0 circuler plus t\u00f4t ce mois-ci, plusieurs sources rapportant que les pr\u00e9paratifs pour l\u2019accueillir \u00e9taient en cours depuis plusieurs jours. L\u2019ancien chef de l\u2019\u00c9tat avait annonc\u00e9 son intention de revenir prochainement, invoquant les graves probl\u00e8mes de s\u00e9curit\u00e9 auxquels le pays fait face, ainsi que les nombreuses difficult\u00e9s touchant l\u2019ensemble des secteurs de la vie nationale. Il a exprim\u00e9 sa volont\u00e9 de contribuer activement \u00e0 la recherche de solutions durables.<\/p>\n<p>La RDC traverse actuellement une profonde crise, aliment\u00e9e par le conflit persistant entre les forces gouvernementales et les rebelles de l\u2019AFC\/M23, qui ont r\u00e9cemment pris le contr\u00f4le de vastes portions du territoire dans l\u2019est du pays. Ces rebelles accusent l\u2019administration du pr\u00e9sident F\u00e9lix Tshisekedi de mauvaise gouvernance et de mener des pers\u00e9cutions cibl\u00e9es contre certaines communaut\u00e9s, en particulier les Congolais rwandophones.<\/p>\n<p>Joseph Kabila demeure une figure de premier plan sur la sc\u00e8ne politique congolaise et conserve un large socle de partisans fid\u00e8les. R\u00e9agissant au retour de l\u2019ancien chef de l\u2019\u00c9tat, Olivier Kamitatu \u2014 ancien ministre et actuel porte-parole de l\u2019homme d\u2019affaires et homme politique Mo\u00efse Katumbi \u2014 a d\u00e9clar\u00e9 sur le r\u00e9seau X : \u00ab La d\u00e9cision de Joseph Kabila de se rendre dans l\u2019Est, une r\u00e9gion sous contr\u00f4le rebelle, ne rel\u00e8ve pas uniquement du symbole : elle constitue un puissant rappel de notre avenir commun. \u00bb<\/p>\n<figure class=\"spip-document spip-document-60272 aligncenter\"><img decoding=\"async\" src=\"https:\/\/fr.igihe.com\/IMG\/jpg\/jk-6.jpg\" alt=\"L&#039;ancien pr\u00e9sident de la R\u00e9publique d\u00e9mocratique du Congo, est arriv\u00e9 \u00e0 Goma ce vendredi apr\u00e8s-midi, selon plusieurs sources locales\" \/><\/figure>\n","protected":false},"excerpt":{"rendered":"<p>Joseph Kabila, ancien pr\u00e9sident de la R\u00e9publique d\u00e9mocratique du Congo, est arriv\u00e9 \u00e0 Goma ce vendredi apr\u00e8s-midi, selon plusieurs sources locales. Cette arriv\u00e9e intervient peu apr\u00e8s l&#8217;annonce de son intention de retourner en RDC par l&#8217;est du pays.<\/p>\n","protected":false},"author":488,"featured_media":4000060271,"comment_status":"open","ping_status":"open","sticky":false,"template":"","format":"standard","meta":{"footnotes":""},"categories":[7544],"tags":[7605],"byline":[7717],"hashtag":[],"class_list":["post-37446","post","type-post","status-publish","format-standard","has-post-thumbnail","hentry","category-politique","tag-homenews","byline-igihe"],"bylines":[{"id":7717,"name":"IGIHE","slug":"igihe","description":"","image":{"id":0,"url":"https:\/\/secure.gravatar.com\/avatar\/?s=96&d=mm&f=y&r=g","alt":"Default avatar","title":"Default avatar","caption":"","mime_type":"image\/jpeg","sizes":[]},"user_id":393}],"contributors":[{"id":7717,"name":"IGIHE","slug":"igihe","description":"","image":{"id":0,"url":"https:\/\/secure.gravatar.com\/avatar\/?s=96&d=mm&f=y&r=g","alt":"Default avatar","title":"Default avatar","caption":"","mime_type":"image\/jpeg","sizes":[]},"user_id":393}],"featured_image":{"id":4000060271,"url":"https:\/\/fr-images.igihe.com\/IMG\/logo\/jk_cp-2.jpg","alt":"","caption":"","mime_type":"image\/jpeg","width":0,"height":0,"sizes":{"thumbnail":{"url":"https:\/\/fr-images.igihe.com\/IMG\/logo\/jk_cp-2.jpg","width":1,"height":1},"medium":{"url":"https:\/\/fr-images.igihe.com\/IMG\/logo\/jk_cp-2.jpg","width":1,"height":1},"medium_large":{"url":"https:\/\/fr-images.igihe.com\/IMG\/logo\/jk_cp-2.jpg","width":1,"height":1},"large":{"url":"https:\/\/fr-images.igihe.com\/IMG\/logo\/jk_cp-2.jpg","width":1,"height":1},"full":{"url":"https:\/\/fr-images.igihe.com\/IMG\/logo\/jk_cp-2.jpg","width":0,"height":0}}},"_links":{"self":[{"href":"https:\/\/new.igihe.com\/french\/wp-json\/wp\/v2\/posts\/37446","targetHints":{"allow":["GET"]}}],"collection":[{"href":"https:\/\/new.igihe.com\/french\/wp-json\/wp\/v2\/posts"}],"about":[{"href":"https:\/\/new.igihe.com\/french\/wp-json\/wp\/v2\/types\/post"}],"author":[{"embeddable":true,"href":"https:\/\/new.igihe.com\/french\/wp-json\/wp\/v2\/users\/488"}],"replies":[{"embeddable":true,"href":"https:\/\/new.igihe.com\/french\/wp-json\/wp\/v2\/comments?post=37446"}],"version-history":[{"count":0,"href":"https:\/\/new.igihe.com\/french\/wp-json\/wp\/v2\/posts\/37446\/revisions"}],"wp:featuredmedia":[{"embeddable":true,"href":"https:\/\/new.igihe.com\/french\/wp-json\/wp\/v2\/media\/4000060271"}],"wp:attachment":[{"href":"https:\/\/new.igihe.com\/french\/wp-json\/wp\/v2\/media?parent=37446"}],"wp:term":[{"taxonomy":"category","embeddable":true,"href":"https:\/\/new.igihe.com\/french\/wp-json\/wp\/v2\/categories?post=37446"},{"taxonomy":"post_tag","embeddable":true,"href":"https:\/\/new.igihe.com\/french\/wp-json\/wp\/v2\/tags?post=37446"},{"taxonomy":"byline","embeddable":true,"href":"https:\/\/new.igihe.com\/french\/wp-json\/wp\/v2\/byline?post=37446"},{"taxonomy":"hashtag","embeddable":true,"href":"https:\/\/new.igihe.com\/french\/wp-json\/wp\/v2\/hashtag?post=37446"}],"curies":[{"name":"wp","href":"https:\/\/api.w.org\/{rel}","templated":true}]}}