{"id":37442,"date":"2025-04-18T13:22:46","date_gmt":"2025-04-18T13:22:46","guid":{"rendered":"https:\/\/new.igihe.com\/french\/La-diplomatie-en-deroute-et-le-naufrage-verbal-de-Madame-Kayikwamba-37442\/"},"modified":"2025-04-18T13:22:02","modified_gmt":"2025-04-18T13:22:02","slug":"La-diplomatie-en-deroute-et-le-naufrage-verbal-de-Madame-Kayikwamba","status":"publish","type":"post","link":"https:\/\/new.igihe.com\/french\/La-diplomatie-en-deroute-et-le-naufrage-verbal-de-Madame-Kayikwamba\/","title":{"rendered":"La diplomatie en d\u00e9route et le naufrage verbal de Madame Kayikwamba"},"content":{"rendered":"<p>Tel semble \u00eatre d\u00e9sormais le fardeau de Madame Th\u00e9r\u00e8se Kayikwamba Wagner, actuelle ministre des Affaires \u201c\u00e9tranges \u00bb de la R\u00e9publique D\u00e9mocratique du Congo, qui, depuis quelques mois, s\u2019illustre par des prises de parole dont l\u2019incongruit\u00e9 n\u2019a d\u2019\u00e9gale que l\u2019embarras croissant qu\u2019elles suscitent parmi ses interlocuteurs.<\/p>\n<p>Sous le poids des charges \u00e9crasantes d\u2019une diplomatie de crise, qu\u2019elle peine manifestement \u00e0 ma\u00eetriser, la ministre s\u2019\u00e9gare en d\u00e9clarations d\u00e9cousues et approximations historiques hasardeuses, allant jusqu\u2019\u00e0 prof\u00e9rer, en des ar\u00e8nes aussi solennelles que le Conseil de s\u00e9curit\u00e9 des Nations unies, des assertions qui confinent au d\u00e9lire verbal. <\/p>\n<p>D\u00e9j\u00e0, le 30 novembre 2022, la Conseill\u00e8re sp\u00e9ciale de l\u2019ONU pour la pr\u00e9vention du g\u00e9nocide sonnait l\u2019alarme face \u00e0 l\u2019escalade de la violence dans l\u2019Est de la RDC et rappelait avec gravit\u00e9 que les atrocit\u00e9s pass\u00e9es imposaient \u00e0 la communaut\u00e9 internationale un devoir imprescriptible de vigilance. Les propos alors tenus par la diplomatie congolaise, loin de s\u2019inscrire dans cette exigence de retenue et de lucidit\u00e9, venaient au contraire en troubler la port\u00e9e par leur tonalit\u00e9 d\u00e9sordonn\u00e9e.<\/p>\n<p>\u00ab Les abus qui se produisent actuellement dans l&#8217;Est de la RDC, y compris le ciblage de civils en raison de leur appartenance ethnique ou de leur affiliation pr\u00e9sum\u00e9e aux parties bellig\u00e9rantes, doivent cesser. Notre engagement collectif \u00e0 ne pas oublier les atrocit\u00e9s pass\u00e9es constitue une obligation d&#8217;emp\u00eacher qu&#8217;elles ne se reproduisent \u00bb, a-t-elle soulign\u00e9.<\/p>\n<p>C\u2019est dans ce contexte d\u00e9l\u00e9t\u00e8re que Madame Kayikwamba s\u2019est risqu\u00e9e \u00e0 \u00e9voquer, de mani\u00e8re pour le moins imprudente, qu\u2019aucune communaut\u00e9 n\u2019est pers\u00e9cut\u00e9e en RDC.<\/p>\n<p>Et passant du coq a l\u2019\u00e2ne, elle invoque  la trag\u00e9die des Hutus au Burundi en 1994, un sujet d\u2019une extr\u00eame sensibilit\u00e9 et dont l\u2019instrumentalisation diplomatique est non seulement p\u00e9rilleuse mais moralement ind\u00e9fendable. <\/p>\n<p>Si la man\u0153uvre visait \u00e0 s\u2019attirer les bonnes gr\u00e2ces du Pr\u00e9sident burundais, elle s\u2019est sold\u00e9e par un \u00e9chec manifeste : la ficelle, trop visible, n\u2019aura \u00e9chapp\u00e9 \u00e0 personne et a suscit\u00e9 le malaise au sein m\u00eame des c\u00e9nacles diplomatiques o\u00f9 la prudence est pourtant de rigueur.<\/p>\n<p>Le constat est sans appel : ce p\u00e9riple international, \u00e9maill\u00e9 de d\u00e9clarations \u00e0 l\u2019emporte-pi\u00e8ce et d\u2019initiatives malheureuses, n\u2019a nullement contribu\u00e9 \u00e0 redorer le blason du Pr\u00e9sident Tshisekedi ni \u00e0 restaurer la cr\u00e9dibilit\u00e9 d\u2019une diplomatie congolaise vacillante, d\u00e9j\u00e0 \u00e9prouv\u00e9e par les convulsions internes, les tensions r\u00e9gionales et une ministre z\u00e9l\u00e9e et incomp\u00e9tente.  <\/p>\n<p>Pis encore, il aura accentu\u00e9 l\u2019impression d\u2019un appareil diplomatique d\u00e9liquescent, livr\u00e9 \u00e0 des \u00e9lans d\u2019improvisation et \u00e0 des calculs maladroits, l\u00e0 o\u00f9 l\u2019heure aurait exig\u00e9 hauteur de vue, rigueur analytique et parole ma\u00eetris\u00e9e.<\/p>\n<p>Que reste-t-il, d\u00e8s lors, de cette diplomatie congolaise ? Un instrument d\u00e9voy\u00e9, prisonnier de ses contradictions et dont les repr\u00e9sentants les plus en vue s\u2019illustrent par une parole dissonante, symptomatique d\u2019une crise de gouvernance et de vision strat\u00e9gique.<\/p>\n<figure class=\"spip-document spip-document-60263 aligncenter\"><img decoding=\"async\" src=\"https:\/\/fr.igihe.com\/IMG\/jpg\/kw-7.jpg\" alt=\"Kayikwamba Wagner, ministre des affaires \u00e9trang\u00e8res de la RDC\" \/><\/figure>\n","protected":false},"excerpt":{"rendered":"<p>Il est des moments o\u00f9 l\u2019exercice diplomatique, lorsqu\u2019il cesse d\u2019\u00eatre art et mesure pour sombrer dans l\u2019invective brouillonne et l\u2019approximation m\u00e9morielle, devient non seulement pr\u00e9judiciable \u00e0 celui qui le professe mais encore pernicieux pour l\u2019\u00c9tat qu\u2019il pr\u00e9tend incarner. <\/p>\n","protected":false},"author":488,"featured_media":4000060264,"comment_status":"open","ping_status":"open","sticky":false,"template":"","format":"standard","meta":{"footnotes":""},"categories":[7544],"tags":[7605],"byline":[9102],"hashtag":[],"class_list":["post-37442","post","type-post","status-publish","format-standard","has-post-thumbnail","hentry","category-politique","tag-homenews","byline-tite-gatabazi"],"bylines":[{"id":9102,"name":"Tite Gatabazi","slug":"tite-gatabazi","description":"","image":{"id":0,"url":"https:\/\/secure.gravatar.com\/avatar\/?s=96&d=mm&f=y&r=g","alt":"Default avatar","title":"Default avatar","caption":"","mime_type":"image\/jpeg","sizes":[]},"user_id":472}],"contributors":[{"id":9102,"name":"Tite Gatabazi","slug":"tite-gatabazi","description":"","image":{"id":0,"url":"https:\/\/secure.gravatar.com\/avatar\/?s=96&d=mm&f=y&r=g","alt":"Default avatar","title":"Default avatar","caption":"","mime_type":"image\/jpeg","sizes":[]},"user_id":472}],"featured_image":{"id":4000060264,"url":"https:\/\/fr-images.igihe.com\/IMG\/logo\/kw_cp-7.jpg","alt":"","caption":"","mime_type":"image\/jpeg","width":0,"height":0,"sizes":{"thumbnail":{"url":"https:\/\/fr-images.igihe.com\/IMG\/logo\/kw_cp-7.jpg","width":1,"height":1},"medium":{"url":"https:\/\/fr-images.igihe.com\/IMG\/logo\/kw_cp-7.jpg","width":1,"height":1},"medium_large":{"url":"https:\/\/fr-images.igihe.com\/IMG\/logo\/kw_cp-7.jpg","width":1,"height":1},"large":{"url":"https:\/\/fr-images.igihe.com\/IMG\/logo\/kw_cp-7.jpg","width":1,"height":1},"full":{"url":"https:\/\/fr-images.igihe.com\/IMG\/logo\/kw_cp-7.jpg","width":0,"height":0}}},"_links":{"self":[{"href":"https:\/\/new.igihe.com\/french\/wp-json\/wp\/v2\/posts\/37442","targetHints":{"allow":["GET"]}}],"collection":[{"href":"https:\/\/new.igihe.com\/french\/wp-json\/wp\/v2\/posts"}],"about":[{"href":"https:\/\/new.igihe.com\/french\/wp-json\/wp\/v2\/types\/post"}],"author":[{"embeddable":true,"href":"https:\/\/new.igihe.com\/french\/wp-json\/wp\/v2\/users\/488"}],"replies":[{"embeddable":true,"href":"https:\/\/new.igihe.com\/french\/wp-json\/wp\/v2\/comments?post=37442"}],"version-history":[{"count":0,"href":"https:\/\/new.igihe.com\/french\/wp-json\/wp\/v2\/posts\/37442\/revisions"}],"wp:featuredmedia":[{"embeddable":true,"href":"https:\/\/new.igihe.com\/french\/wp-json\/wp\/v2\/media\/4000060264"}],"wp:attachment":[{"href":"https:\/\/new.igihe.com\/french\/wp-json\/wp\/v2\/media?parent=37442"}],"wp:term":[{"taxonomy":"category","embeddable":true,"href":"https:\/\/new.igihe.com\/french\/wp-json\/wp\/v2\/categories?post=37442"},{"taxonomy":"post_tag","embeddable":true,"href":"https:\/\/new.igihe.com\/french\/wp-json\/wp\/v2\/tags?post=37442"},{"taxonomy":"byline","embeddable":true,"href":"https:\/\/new.igihe.com\/french\/wp-json\/wp\/v2\/byline?post=37442"},{"taxonomy":"hashtag","embeddable":true,"href":"https:\/\/new.igihe.com\/french\/wp-json\/wp\/v2\/hashtag?post=37442"}],"curies":[{"name":"wp","href":"https:\/\/api.w.org\/{rel}","templated":true}]}}