{"id":37438,"date":"2025-04-18T10:16:03","date_gmt":"2025-04-18T10:16:03","guid":{"rendered":"https:\/\/new.igihe.com\/french\/Tensions-entre-les-troupes-burundaises-et-la-coalition-Wazalendo-dans-l-est-de-37438\/"},"modified":"2025-04-18T10:14:39","modified_gmt":"2025-04-18T10:14:39","slug":"Tensions-entre-les-troupes-burundaises-et-la-coalition-Wazalendo-dans-l-est-de","status":"publish","type":"post","link":"https:\/\/new.igihe.com\/french\/Tensions-entre-les-troupes-burundaises-et-la-coalition-Wazalendo-dans-l-est-de\/","title":{"rendered":"Tensions entre les troupes burundaises et la coalition Wazalendo dans l\u2019est de la RDC"},"content":{"rendered":"<p>De nombreux combattants Wazalendo, accompagn\u00e9s de soldats burundais, se sont repli\u00e9s dans le territoire d\u2019Uvira apr\u00e8s avoir \u00e9t\u00e9 repouss\u00e9s par l\u2019AFC\/M23 dans plusieurs localit\u00e9s du Sud-Kivu, notamment la ville de Bukavu.<\/p>\n<p>Ces groupes arm\u00e9s, pourtant soutenus par le gouvernement congolais, s\u2019\u00e9taient d\u2019abord heurt\u00e9s aux Forces arm\u00e9es de la RDC (FARDC), qu\u2019ils accusent de l\u00e2chet\u00e9 pour avoir abandonn\u00e9 le champ de bataille et tent\u00e9 de se replier vers des zones comme Kalemie, dans la province du Tanganyika.<\/p>\n<p>Depuis plusieurs jours, les combattants Wazalendo tentent de reprendre les zones tomb\u00e9es aux mains de l\u2019AFC\/M23, notamment au Sud-Kivu. Toutefois, ces offensives se sont syst\u00e9matiquement sold\u00e9es par des \u00e9checs, les obligeant \u00e0 se retirer rapidement face \u00e0 la riposte adverse.<\/p>\n<p>Alors que les relations avec les troupes burundaises avaient jusque-l\u00e0 \u00e9t\u00e9 relativement cordiales, la visite du ministre congolais de la D\u00e9fense, Guy Kabombo Muadiamvita, \u00e0 Uvira le 7 avril 2025, a r\u00e9v\u00e9l\u00e9 une nette d\u00e9t\u00e9rioration du climat entre les deux camps.<\/p>\n<p>L\u2019un des chefs Wazalendo a accus\u00e9 les forces burundaises de faire obstacle \u00e0 leurs offensives contre l\u2019AFC\/M23, m\u00eame dans des situations jug\u00e9es favorables.<\/p>\n<p>\u00ab Nous, les Wazalendo, faisons face \u00e0 des blocages sur le front. Vous \u00eates ici avec notre chef et le commandant r\u00e9gional ; dites-nous clairement quels sont les objectifs et la mission des troupes burundaises sur notre territoire. Chaque fois que nous sommes sur le point de remporter une victoire contre l\u2019ennemi \u00e0 Kamanyola, les Burundais nous stoppent et disent : \u201cNon, vous n\u2019\u00eates pas autoris\u00e9s \u00e0 attaquer ici.\u201d \u00bb a-t-il d\u00e9clar\u00e9. <\/p>\n<p>Le ministre Muadiamvita a tent\u00e9 d\u2019apaiser les tensions, rappelant que le Burundi est un partenaire de la RDC. Il a pr\u00e9cis\u00e9 que si les forces burundaises s\u2019opposaient \u00e0 certaines offensives, c\u2019\u00e9tait en raison d\u2019une strat\u00e9gie militaire rigoureusement planifi\u00e9e.<\/p>\n<p>De leur c\u00f4t\u00e9, les combattants Wazalendo affirment assumer seuls la d\u00e9fense d\u2019Uvira. Selon eux, un retrait de leurs positions entra\u00eenerait la chute imm\u00e9diate de la ville entre les mains de l\u2019AFC\/M23. Une prise de position qui illustre clairement la perte de confiance envers les troupes burundaises comme envers les forces congolaises.<\/p>\n<p> La coalition Wazalendo est \u00e9galement confront\u00e9e \u00e0 de graves difficult\u00e9s logistiques, notamment une p\u00e9nurie d\u2019armes, de munitions et de vivres. Elle affirme qu\u2019\u00ab il est difficile de subvenir aux besoins de plus de 6 000 combattants \u00bb et a lanc\u00e9 un appel d\u00e9sesp\u00e9r\u00e9 au pr\u00e9sident congolais F\u00e9lix Tshisekedi pour qu\u2019il prenne en compte ses dol\u00e9ances. <\/p>\n<p>Ces r\u00e9v\u00e9lations sur les conditions de vie pr\u00e9caires des combattants interviennent alors que le commandant de la coalition, le lieutenant-g\u00e9n\u00e9ral Padiri Bulenda David, a \u00e9t\u00e9 convoqu\u00e9 \u00e0 Kinshasa pour des raisons qui n\u2019ont pas encore \u00e9t\u00e9 officiellement communiqu\u00e9es.<\/p>\n<figure class=\"spip-document spip-document-60250 aligncenter\"><img decoding=\"async\" src=\"https:\/\/fr.igihe.com\/IMG\/jpg\/sk.jpg\" alt=\"Le ministre Muadiamvita a tent\u00e9 d\u2019apaiser les tensions entre les wazalendo et les troupes burundaises\" \/><\/figure>\n<figure class=\"spip-document spip-document-60251 aligncenter\"><img decoding=\"async\" src=\"https:\/\/fr.igihe.com\/IMG\/jpg\/bd.jpg\" alt=\"Le lieutenant-g\u00e9n\u00e9ral Padiri Bulenda David, a \u00e9t\u00e9 convoqu\u00e9 \u00e0 Kinshasa pour des raisons pas encore communiqu\u00e9es\" \/><\/figure>\n","protected":false},"excerpt":{"rendered":"<p>L&#8217;incapacit\u00e9 \u00e0 s&#8217;accorder sur une strat\u00e9gie commune de lutte contre la coalition AFC\/M23 a engendr\u00e9 des tensions entre les troupes burundaises pr\u00e9sentes dans l&#8217;est de la RDC et les groupes de la coalition Wazalendo.<\/p>\n","protected":false},"author":488,"featured_media":4000060252,"comment_status":"open","ping_status":"open","sticky":false,"template":"","format":"standard","meta":{"footnotes":""},"categories":[7540],"tags":[7605],"byline":[7717],"hashtag":[],"class_list":["post-37438","post","type-post","status-publish","format-standard","has-post-thumbnail","hentry","category-securite","tag-homenews","byline-igihe"],"bylines":[{"id":7717,"name":"IGIHE","slug":"igihe","description":"","image":{"id":0,"url":"https:\/\/secure.gravatar.com\/avatar\/?s=96&d=mm&f=y&r=g","alt":"Default avatar","title":"Default avatar","caption":"","mime_type":"image\/jpeg","sizes":[]},"user_id":393}],"contributors":[{"id":7717,"name":"IGIHE","slug":"igihe","description":"","image":{"id":0,"url":"https:\/\/secure.gravatar.com\/avatar\/?s=96&d=mm&f=y&r=g","alt":"Default avatar","title":"Default avatar","caption":"","mime_type":"image\/jpeg","sizes":[]},"user_id":393}],"featured_image":{"id":4000060252,"url":"https:\/\/fr-images.igihe.com\/IMG\/logo\/fdnb.jpg","alt":"","caption":"","mime_type":"image\/jpeg","width":0,"height":0,"sizes":{"thumbnail":{"url":"https:\/\/fr-images.igihe.com\/IMG\/logo\/fdnb.jpg","width":1,"height":1},"medium":{"url":"https:\/\/fr-images.igihe.com\/IMG\/logo\/fdnb.jpg","width":1,"height":1},"medium_large":{"url":"https:\/\/fr-images.igihe.com\/IMG\/logo\/fdnb.jpg","width":1,"height":1},"large":{"url":"https:\/\/fr-images.igihe.com\/IMG\/logo\/fdnb.jpg","width":1,"height":1},"full":{"url":"https:\/\/fr-images.igihe.com\/IMG\/logo\/fdnb.jpg","width":0,"height":0}}},"_links":{"self":[{"href":"https:\/\/new.igihe.com\/french\/wp-json\/wp\/v2\/posts\/37438","targetHints":{"allow":["GET"]}}],"collection":[{"href":"https:\/\/new.igihe.com\/french\/wp-json\/wp\/v2\/posts"}],"about":[{"href":"https:\/\/new.igihe.com\/french\/wp-json\/wp\/v2\/types\/post"}],"author":[{"embeddable":true,"href":"https:\/\/new.igihe.com\/french\/wp-json\/wp\/v2\/users\/488"}],"replies":[{"embeddable":true,"href":"https:\/\/new.igihe.com\/french\/wp-json\/wp\/v2\/comments?post=37438"}],"version-history":[{"count":0,"href":"https:\/\/new.igihe.com\/french\/wp-json\/wp\/v2\/posts\/37438\/revisions"}],"wp:featuredmedia":[{"embeddable":true,"href":"https:\/\/new.igihe.com\/french\/wp-json\/wp\/v2\/media\/4000060252"}],"wp:attachment":[{"href":"https:\/\/new.igihe.com\/french\/wp-json\/wp\/v2\/media?parent=37438"}],"wp:term":[{"taxonomy":"category","embeddable":true,"href":"https:\/\/new.igihe.com\/french\/wp-json\/wp\/v2\/categories?post=37438"},{"taxonomy":"post_tag","embeddable":true,"href":"https:\/\/new.igihe.com\/french\/wp-json\/wp\/v2\/tags?post=37438"},{"taxonomy":"byline","embeddable":true,"href":"https:\/\/new.igihe.com\/french\/wp-json\/wp\/v2\/byline?post=37438"},{"taxonomy":"hashtag","embeddable":true,"href":"https:\/\/new.igihe.com\/french\/wp-json\/wp\/v2\/hashtag?post=37438"}],"curies":[{"name":"wp","href":"https:\/\/api.w.org\/{rel}","templated":true}]}}