{"id":37437,"date":"2025-04-18T10:38:48","date_gmt":"2025-04-18T10:38:48","guid":{"rendered":"https:\/\/new.igihe.com\/french\/La-SADC-demande-l-autorisation-du-Rwanda-pour-le-transit-de-ses-troupes-de-la-37437\/"},"modified":"2025-04-22T13:11:52","modified_gmt":"2025-04-22T13:11:52","slug":"La-SADC-demande-l-autorisation-du-Rwanda-pour-le-transit-de-ses-troupes-de-la","status":"publish","type":"post","link":"https:\/\/new.igihe.com\/french\/La-SADC-demande-l-autorisation-du-Rwanda-pour-le-transit-de-ses-troupes-de-la\/","title":{"rendered":"La SADC demande l&#8217;autorisation du Rwanda pour le transit de ses troupes de la RDC"},"content":{"rendered":"<p>Le 13 mars dernier, les dirigeants des pays membres ont act\u00e9 la suspension de leur mission militaire en RDC et ont demand\u00e9 un rapatriement progressif des troupes impliqu\u00e9es, notamment celles d\u2019Afrique du Sud, de Tanzanie et du Malawi. Ces forces avaient cess\u00e9 toute coop\u00e9ration avec l\u2019arm\u00e9e congolaise depuis que les rebelles du M23 aient pris le contr\u00f4le de plusieurs localit\u00e9s, dont Sake et Goma, \u00e0 la fin janvier 2025.<\/p>\n<p>Depuis lors, les troupes de la SADC sont cantonn\u00e9es dans diff\u00e9rents camps de l\u2019est congolais, sous la protection du mouvement rebelle M23, regroup\u00e9 au sein de la coalition AFC. Ce dernier leur fournit assistance humanitaire de base, incluant nourriture, eau et m\u00e9dicaments.<\/p>\n<p>Afin de faciliter leur retrait, la SADC a sollicit\u00e9 l\u2019autorisation du Rwanda pour le transit de ses contingents par son territoire. Le ministre rwandais des Affaires \u00e9trang\u00e8res, Olivier Nduhungirehe, a confirm\u00e9 que Kigali avait re\u00e7u, bien que la date pr\u00e9cise du d\u00e9part des troupes reste \u00e0 d\u00e9terminer.<\/p>\n<p>Parall\u00e8lement, une \u00e9quipe technique conjointe a \u00e9t\u00e9 mise en place \u00e0 l\u2019issue d\u2019une r\u00e9union tenue le 11 avril dernier \u00e0 Dar es Salaam entre les chefs d\u2019\u00e9tat-major d\u2019Afrique du Sud, du Malawi et de Tanzanie. Selon le g\u00e9n\u00e9ral sud-africain Rudzani Maphwanya, ce groupe est charg\u00e9 d\u2019acc\u00e9l\u00e9rer la planification logistique du retrait, une t\u00e2che qu\u2019il a qualifi\u00e9e d\u2019urgente. \u00ab Nous avons convenu qu\u2019il faut aller vite pour permettre \u00e0 nos soldats de rentrer dans les plus brefs d\u00e9lais \u00bb, a-t-il d\u00e9clar\u00e9 dans une interview \u00e0 SABC News.<\/p>\n<p>Un accord pr\u00e9alable entre la SADC et l\u2019AFC\/M23 pr\u00e9voyait l\u2019utilisation de l\u2019a\u00e9roport international de Goma comme point de sortie pour les troupes. Toutefois, ce plan a \u00e9t\u00e9 compromis par l\u2019\u00e9tat de l\u2019a\u00e9rodrome, suspect\u00e9 d\u2019avoir \u00e9t\u00e9 endommag\u00e9 lors des r\u00e9cents affrontements, et par l\u2019absence du gouvernement congolais dans l\u2019accord de s\u00e9curisation de l\u2019a\u00e9roport.<\/p>\n<p>La situation s\u2019est davantage complexifi\u00e9e apr\u00e8s l\u2019attaque du 11 au 12 avril 2025, men\u00e9e \u00e0 l\u2019ouest de Goma par les Forces arm\u00e9es de la RDC (FARDC), appuy\u00e9es par les milices FDLR et Wazalendo. L\u2019assaut a fortement d\u00e9t\u00e9rior\u00e9 les relations entre la SADC et l\u2019AFC\/M23, ce dernier exigeant le retrait imm\u00e9diat des troupes de la r\u00e9gion, les accusant d\u2019avoir indirectement soutenu les FARDC.<\/p>\n<figure class=\"spip-document spip-document-60248 aligncenter\"><img decoding=\"async\" src=\"https:\/\/fr.igihe.com\/IMG\/jpg\/sadc-7.jpg\" alt=\"La SADC a sollicit\u00e9 l\u2019autorisation du Rwanda pour le transit de ses troupes bas\u00e9es dans l\u2019est de la RDC lors de leur rapatriement\" \/><\/figure>\n<figure class=\"spip-document spip-document-60255 aligncenter\"><img decoding=\"async\" src=\"https:\/\/fr.igihe.com\/IMG\/jpg\/maph.jpg\" alt=\"Une \u00e9quipe technique a \u00e9t\u00e9 form\u00e9e pour acc\u00e9l\u00e9rer la planification du retrait, jug\u00e9e urgente par le g\u00e9n\u00e9ral Maphwanya\" \/><\/figure>\n","protected":false},"excerpt":{"rendered":"<p>La Communaut\u00e9 de d\u00e9veloppement de l&#8217;Afrique australe (SADC) a sollicit\u00e9 l&#8217;autorisation du Rwanda pour le transit de ses troupes bas\u00e9es dans l&#8217;est de la R\u00e9publique d\u00e9mocratique du Congo lors de leur rapatriement.<\/p>\n","protected":false},"author":488,"featured_media":4000060247,"comment_status":"open","ping_status":"open","sticky":false,"template":"","format":"standard","meta":{"footnotes":""},"categories":[7540],"tags":[7605],"byline":[9865],"hashtag":[],"class_list":["post-37437","post","type-post","status-publish","format-standard","has-post-thumbnail","hentry","category-securite","tag-homenews","byline-alain-bertrand-tunezerwe"],"bylines":[{"id":9865,"name":"Alain Bertrand Tunezerwe","slug":"alain-bertrand-tunezerwe","description":"","image":{"id":0,"url":"https:\/\/secure.gravatar.com\/avatar\/?s=96&d=mm&f=y&r=g","alt":"Default avatar","title":"Default avatar","caption":"","mime_type":"image\/jpeg","sizes":[]},"user_id":452}],"contributors":[{"id":9865,"name":"Alain Bertrand Tunezerwe","slug":"alain-bertrand-tunezerwe","description":"","image":{"id":0,"url":"https:\/\/secure.gravatar.com\/avatar\/?s=96&d=mm&f=y&r=g","alt":"Default avatar","title":"Default avatar","caption":"","mime_type":"image\/jpeg","sizes":[]},"user_id":452}],"featured_image":{"id":4000060247,"url":"https:\/\/fr-images.igihe.com\/IMG\/logo\/sadc_cp-3.jpg","alt":"","caption":"","mime_type":"image\/jpeg","width":0,"height":0,"sizes":{"thumbnail":{"url":"https:\/\/fr-images.igihe.com\/IMG\/logo\/sadc_cp-3.jpg","width":1,"height":1},"medium":{"url":"https:\/\/fr-images.igihe.com\/IMG\/logo\/sadc_cp-3.jpg","width":1,"height":1},"medium_large":{"url":"https:\/\/fr-images.igihe.com\/IMG\/logo\/sadc_cp-3.jpg","width":1,"height":1},"large":{"url":"https:\/\/fr-images.igihe.com\/IMG\/logo\/sadc_cp-3.jpg","width":1,"height":1},"full":{"url":"https:\/\/fr-images.igihe.com\/IMG\/logo\/sadc_cp-3.jpg","width":0,"height":0}}},"_links":{"self":[{"href":"https:\/\/new.igihe.com\/french\/wp-json\/wp\/v2\/posts\/37437","targetHints":{"allow":["GET"]}}],"collection":[{"href":"https:\/\/new.igihe.com\/french\/wp-json\/wp\/v2\/posts"}],"about":[{"href":"https:\/\/new.igihe.com\/french\/wp-json\/wp\/v2\/types\/post"}],"author":[{"embeddable":true,"href":"https:\/\/new.igihe.com\/french\/wp-json\/wp\/v2\/users\/488"}],"replies":[{"embeddable":true,"href":"https:\/\/new.igihe.com\/french\/wp-json\/wp\/v2\/comments?post=37437"}],"version-history":[{"count":0,"href":"https:\/\/new.igihe.com\/french\/wp-json\/wp\/v2\/posts\/37437\/revisions"}],"wp:featuredmedia":[{"embeddable":true,"href":"https:\/\/new.igihe.com\/french\/wp-json\/wp\/v2\/media\/4000060247"}],"wp:attachment":[{"href":"https:\/\/new.igihe.com\/french\/wp-json\/wp\/v2\/media?parent=37437"}],"wp:term":[{"taxonomy":"category","embeddable":true,"href":"https:\/\/new.igihe.com\/french\/wp-json\/wp\/v2\/categories?post=37437"},{"taxonomy":"post_tag","embeddable":true,"href":"https:\/\/new.igihe.com\/french\/wp-json\/wp\/v2\/tags?post=37437"},{"taxonomy":"byline","embeddable":true,"href":"https:\/\/new.igihe.com\/french\/wp-json\/wp\/v2\/byline?post=37437"},{"taxonomy":"hashtag","embeddable":true,"href":"https:\/\/new.igihe.com\/french\/wp-json\/wp\/v2\/hashtag?post=37437"}],"curies":[{"name":"wp","href":"https:\/\/api.w.org\/{rel}","templated":true}]}}