{"id":37435,"date":"2025-04-17T19:34:43","date_gmt":"2025-04-17T19:34:43","guid":{"rendered":"https:\/\/new.igihe.com\/french\/Cardinal-Fridolin-Ambongo-reste-le-vigie-du-droit-et-la-dignite-37435\/"},"modified":"2025-04-17T19:34:27","modified_gmt":"2025-04-17T19:34:27","slug":"Cardinal-Fridolin-Ambongo-reste-le-vigie-du-droit-et-la-dignite","status":"publish","type":"post","link":"https:\/\/new.igihe.com\/french\/Cardinal-Fridolin-Ambongo-reste-le-vigie-du-droit-et-la-dignite\/","title":{"rendered":"Cardinal Fridolin Ambongo reste le vigie du droit et la dignit\u00e9"},"content":{"rendered":"<p>Son franc-parler, rare dans les sph\u00e8res o\u00f9 les convenances \u00e9touffent la v\u00e9rit\u00e9, t\u00e9moigne d\u2019une fid\u00e9lit\u00e9 in\u00e9branlable \u00e0 la mission proph\u00e9tique que l\u2019histoire exige des consciences libres.<\/p>\n<p>Car nul tr\u00f4ne ne saurait pr\u00e9tendre \u00e0 l\u2019\u00e9ternit\u00e9 ; nul sceptre ne peut se soustraire \u00e0 l\u2019implacable sentence du peuple. L\u2019histoire, capricieuse et inflexible, ne se laisse point suborner par les ors du pouvoir, et lorsqu\u2019elle dresse son tribunal, les vanit\u00e9s et les abus sont immanquablement livr\u00e9s \u00e0 l\u2019opprobre. <\/p>\n<p>En RDC l\u2019injustice, loin de demeurer un accident de l\u2019histoire ou une anomalie conjoncturelle, se p\u00e9trifie en syst\u00e8me, s\u2019\u00e9rige en architecture permanente, et se propage jusque dans les replis les plus intimes des institutions et des consciences. <\/p>\n<p>Lorsqu\u2019elle se fait norme, lorsqu\u2019elle devient la trame invisible des relations humaines et le soubassement occulte des ordres \u00e9tablis, elle ne suscite plus seulement des murmures, mais enfante des supplications ardentes et d\u00e9sesp\u00e9r\u00e9es. La col\u00e8re des opprim\u00e9s, ainsi sublim\u00e9e par la douleur et transfigur\u00e9e par l\u2019esp\u00e9rance, se mue en une supplique adress\u00e9e au ciel, un appel que ni les murailles des palais ni les arguties des gouvernants ne sauraient \u00e9touffer. Cette clameur silencieuse mais tenace s\u2019\u00e9l\u00e8ve, d\u00e9fiant l\u2019indiff\u00e9rence des puissants et d\u00e9non\u00e7ant, devant l\u2019absolu, les forfaits des empires terrestres.<\/p>\n<p>Et quiconque, f\u00fbt-il drap\u00e9 dans les oripeaux fallacieux de la l\u00e9gitimit\u00e9 apparente, se hasarde \u00e0 feindre d\u2019ignorer ce cri, s\u2019expose \u00e0 l\u2019in\u00e9vitable retour du tragique dans l\u2019histoire. Car nul pouvoir, si solidement enracin\u00e9 paraisse-t-il, ne peut durablement se soustraire \u00e0 l\u2019\u00e9preuve du cri des humili\u00e9s.<\/p>\n<p>Le sort des r\u00e9gimes b\u00e2tis sur l\u2019injustice est de p\u00e9rir sous le poids des douleurs qu\u2019ils enfantent, et les clameurs des opprim\u00e9s, longtemps \u00e9touff\u00e9es sous les fastes de la domination, se muent un jour en oracles de renversement. <\/p>\n<p>Ainsi, l\u2019histoire enseigne qu\u2019il n\u2019est de paix v\u00e9ritable que fond\u00e9e sur la justice, et qu\u2019il n\u2019est de pouvoir durable que celui qui sait entendre la plainte des siens avant qu\u2019elle ne se fasse temp\u00eate.<\/p>\n<p>Le Cardinal Ambongo, fid\u00e8le \u00e0 la tradition \u00e9vang\u00e9lique qui place l\u2019homme avant les institutions, rappelle avec une acuit\u00e9 redoutable que gouverner n\u2019est point dominer. Ceux qui confondent l\u2019exercice de l\u2019autorit\u00e9 avec l\u2019usage arbitraire et pr\u00e9dateur du pouvoir ne font, en r\u00e9alit\u00e9, que pr\u00e9cipiter leur propre perte. L\u2019histoire humaine est jalonn\u00e9e de ces figures tragiques qui, abusant de la charge re\u00e7ue, ont vu leur nom effac\u00e9 des m\u00e9moires, tandis que leur ignominie survivait \u00e0 leur empire.<\/p>\n<p>Ainsi, le pr\u00e9lat kinois enseigne que les dignit\u00e9s ne sauvent point de la disgr\u00e2ce, et que les titres honorifiques sont de fr\u00eales paravents face \u00e0 l\u2019\u00e9preuve du jugement populaire et divin. L\u2019autorit\u00e9 v\u00e9ritable, celle qui \u00e9difie et non qui asservit, repose sur la vertu, la compassion et le sens aigu de la responsabilit\u00e9 envers les plus vuln\u00e9rables. \u00c0 d\u00e9faut, les peuples meurtris s\u2019arrogent le droit de se lever, non plus dans la supplique, mais dans la r\u00e9volte, lorsque les pouvoirs l\u00e9gitimes faillissent \u00e0 leur devoir sacr\u00e9.<\/p>\n<figure class=\"spip-document spip-document-60244 aligncenter\"><img decoding=\"async\" src=\"https:\/\/fr.igihe.com\/IMG\/jpg\/amb-6.jpg\" alt=\"Dans les troubles de notre \u00e9poque, la voix du Cardinal Fridolin Ambongo s\u2019\u00e9l\u00e8ve comme celle d\u2019un fervent d\u00e9fenseur de la justice et de la dignit\u00e9 humaine\" \/><\/figure>\n","protected":false},"excerpt":{"rendered":"<p>Dans l\u2019\u00e2pret\u00e9 des convulsions politiques et sociales qui \u00e9branlent notre temps, la voix du Cardinal Fridolin Ambongo s\u2019\u00e9l\u00e8ve, non point comme celle d\u2019un pr\u00e9lat retir\u00e9 dans la tour d\u2019ivoire de ses pr\u00e9rogatives eccl\u00e9siales, mais tel un h\u00e9raut inlassable de la justice et de la dignit\u00e9 humaine. <\/p>\n","protected":false},"author":488,"featured_media":4000060243,"comment_status":"open","ping_status":"open","sticky":false,"template":"","format":"standard","meta":{"footnotes":""},"categories":[7544],"tags":[7605],"byline":[9102],"hashtag":[],"class_list":["post-37435","post","type-post","status-publish","format-standard","has-post-thumbnail","hentry","category-politique","tag-homenews","byline-tite-gatabazi"],"bylines":[{"id":9102,"name":"Tite Gatabazi","slug":"tite-gatabazi","description":"","image":{"id":0,"url":"https:\/\/secure.gravatar.com\/avatar\/?s=96&d=mm&f=y&r=g","alt":"Default avatar","title":"Default avatar","caption":"","mime_type":"image\/jpeg","sizes":[]},"user_id":472}],"contributors":[{"id":9102,"name":"Tite Gatabazi","slug":"tite-gatabazi","description":"","image":{"id":0,"url":"https:\/\/secure.gravatar.com\/avatar\/?s=96&d=mm&f=y&r=g","alt":"Default avatar","title":"Default avatar","caption":"","mime_type":"image\/jpeg","sizes":[]},"user_id":472}],"featured_image":{"id":4000060243,"url":"https:\/\/fr-images.igihe.com\/IMG\/logo\/amb_cp-3.jpg","alt":"","caption":"","mime_type":"image\/jpeg","width":0,"height":0,"sizes":{"thumbnail":{"url":"https:\/\/fr-images.igihe.com\/IMG\/logo\/amb_cp-3.jpg","width":1,"height":1},"medium":{"url":"https:\/\/fr-images.igihe.com\/IMG\/logo\/amb_cp-3.jpg","width":1,"height":1},"medium_large":{"url":"https:\/\/fr-images.igihe.com\/IMG\/logo\/amb_cp-3.jpg","width":1,"height":1},"large":{"url":"https:\/\/fr-images.igihe.com\/IMG\/logo\/amb_cp-3.jpg","width":1,"height":1},"full":{"url":"https:\/\/fr-images.igihe.com\/IMG\/logo\/amb_cp-3.jpg","width":0,"height":0}}},"_links":{"self":[{"href":"https:\/\/new.igihe.com\/french\/wp-json\/wp\/v2\/posts\/37435","targetHints":{"allow":["GET"]}}],"collection":[{"href":"https:\/\/new.igihe.com\/french\/wp-json\/wp\/v2\/posts"}],"about":[{"href":"https:\/\/new.igihe.com\/french\/wp-json\/wp\/v2\/types\/post"}],"author":[{"embeddable":true,"href":"https:\/\/new.igihe.com\/french\/wp-json\/wp\/v2\/users\/488"}],"replies":[{"embeddable":true,"href":"https:\/\/new.igihe.com\/french\/wp-json\/wp\/v2\/comments?post=37435"}],"version-history":[{"count":0,"href":"https:\/\/new.igihe.com\/french\/wp-json\/wp\/v2\/posts\/37435\/revisions"}],"wp:featuredmedia":[{"embeddable":true,"href":"https:\/\/new.igihe.com\/french\/wp-json\/wp\/v2\/media\/4000060243"}],"wp:attachment":[{"href":"https:\/\/new.igihe.com\/french\/wp-json\/wp\/v2\/media?parent=37435"}],"wp:term":[{"taxonomy":"category","embeddable":true,"href":"https:\/\/new.igihe.com\/french\/wp-json\/wp\/v2\/categories?post=37435"},{"taxonomy":"post_tag","embeddable":true,"href":"https:\/\/new.igihe.com\/french\/wp-json\/wp\/v2\/tags?post=37435"},{"taxonomy":"byline","embeddable":true,"href":"https:\/\/new.igihe.com\/french\/wp-json\/wp\/v2\/byline?post=37435"},{"taxonomy":"hashtag","embeddable":true,"href":"https:\/\/new.igihe.com\/french\/wp-json\/wp\/v2\/hashtag?post=37435"}],"curies":[{"name":"wp","href":"https:\/\/api.w.org\/{rel}","templated":true}]}}