{"id":37434,"date":"2025-04-17T19:43:37","date_gmt":"2025-04-17T19:43:37","guid":{"rendered":"https:\/\/new.igihe.com\/french\/Olive-Lembe-Kabila-deplore-les-persecutions-de-sa-famille-37434\/"},"modified":"2025-04-17T19:42:36","modified_gmt":"2025-04-17T19:42:36","slug":"Olive-Lembe-Kabila-deplore-les-persecutions-de-sa-famille","status":"publish","type":"post","link":"https:\/\/new.igihe.com\/french\/Olive-Lembe-Kabila-deplore-les-persecutions-de-sa-famille\/","title":{"rendered":"Olive Lembe Kabila d\u00e9plore les pers\u00e9cutions de sa famille"},"content":{"rendered":"<p>Depuis plusieurs lunes, un vent mauvais souffle sur Kinshasa, charriant avec lui des relents de r\u00e8glements de comptes politiques et de haine ourdie dans les antichambres du pouvoir. Nul n\u2019ignore les deux attaques arm\u00e9es perp\u00e9tr\u00e9s contre l\u2019ancienne Premi\u00e8re Dame alors qu\u2019elle se recueillait, entour\u00e9e d\u2019autres m\u00e8res, dans la qui\u00e9tude de sa propri\u00e9t\u00e9. Ces actes de barbarie, perp\u00e9tr\u00e9s en profanation du sacr\u00e9 et du droit \u00e0 la s\u00e9curit\u00e9 priv\u00e9e, trahissent la d\u00e9rive d\u2019un r\u00e9gime devenu ivre de son propre arbitraire.<\/p>\n<p>Le saccage ignominieux du mus\u00e9e d\u00e9di\u00e9 \u00e0 la m\u00e9moire de Mzee Laurent-D\u00e9sir\u00e9 Kabila, p\u00e8re de la r\u00e9volution congolaise, constitue un outrage \u00e0 la conscience nationale, une tentative \u00e9hont\u00e9e d\u2019effacer les traces lumineuses d\u2019une \u00e9poque et de ravaler l\u2019Histoire au rang d\u2019anecdote falsifi\u00e9e. <\/p>\n<p>A cela s\u2019ajoute l\u2019interpellation brutale et sans m\u00e9nagement de Madame Janet Kabila, s\u0153ur jumelle de l\u2019ancien pr\u00e9sident, livr\u00e9e \u00e0 la vindicte d\u2019un appareil s\u00e9curitaire d\u00e9voy\u00e9, plus prompt \u00e0 pourchasser les spectres du pass\u00e9 qu\u2019\u00e0 affronter les urgences du pr\u00e9sent.<\/p>\n<p>Et comme si l\u2019infamie ne suffisait point, l\u2019espace m\u00e9diatique se voit satur\u00e9, \u00e0 longueur de journ\u00e9e, par des discours de haine, de d\u00e9nigrement et de violence verbale, savamment orchestr\u00e9s et aliment\u00e9s par le z\u00e8le pernicieux de certains dignitaires, parmi lesquels l\u2019in\u00e9narrable Jean-Pierre Bemba, dont le ressentiment visc\u00e9ral, nourri dans les ge\u00f4les de La Haye, semble aujourd\u2019hui dicter la conduite publique.<\/p>\n<p>Dans cette temp\u00eate d\u2019injustices, l\u2019\u00e9pouse de Joseph Kabila \u00e9l\u00e8ve une parole d\u2019une rare gravit\u00e9, d\u00e9non\u00e7ant les man\u0153uvres de d\u00e9stabilisation, les pers\u00e9cutions programm\u00e9es et le dessein manifeste d\u2019avilir son nom, sa famille et les \u0153uvres qu\u2019ils ont sem\u00e9es dans le sillage tumultueux de la R\u00e9publique. <\/p>\n<p>Son cri n\u2019est pas seulement celui d\u2019une femme meurtrie, mais celui d\u2019une m\u00e9moire que l\u2019on voudrait \u00e9touffer, d\u2019un h\u00e9ritage que l\u2019on s\u2019acharne \u00e0 d\u00e9l\u00e9gitimer et d\u2019une r\u00e9sistance qui, dans le silence et la pri\u00e8re, demeure plus vivante que jamais.<\/p>\n<p>Car dans les heures sombres de l\u2019Histoire, il est des voix qui, m\u00eame pers\u00e9cut\u00e9es, refusent de se taire et dont la clameur finit toujours par fissurer les murailles du mensonge et de la tyrannie.<\/p>\n<figure class=\"spip-document spip-document-60241 aligncenter\"><img decoding=\"async\" src=\"https:\/\/fr.igihe.com\/IMG\/jpg\/ok-3.jpg\" alt=\"Madame Marie Olive Lembe Kabila, \u00e9pouse de l\u2019ancien Chef de l\u2019\u00c9tat congolais, Joseph Kabila\" \/><\/figure>\n","protected":false},"excerpt":{"rendered":"<p>Il est des heures dans l\u2019histoire des nations o\u00f9 l\u2019ombre du pouvoir, tel un spectre insatiable, s\u2019\u00e9tend sur les destin\u00e9es humaines, broyant sans vergogne les innocents dans sa m\u00e9canique brutale. C\u2019est dans ce climat d\u2019oppression insidieuse et de harc\u00e8lement syst\u00e9mique qu\u2019\u00e9l\u00e8ve aujourd\u2019hui sa voix Madame Marie Olive Lembe Kabila, \u00e9pouse de l\u2019ancien Chef de l\u2019\u00c9tat congolais, pour d\u00e9noncer avec une dignit\u00e9 farouche les pers\u00e9cutions dont elle et les siens sont victimes.<\/p>\n","protected":false},"author":488,"featured_media":4000060240,"comment_status":"open","ping_status":"open","sticky":false,"template":"","format":"standard","meta":{"footnotes":""},"categories":[7544],"tags":[7605],"byline":[9102],"hashtag":[],"class_list":["post-37434","post","type-post","status-publish","format-standard","has-post-thumbnail","hentry","category-politique","tag-homenews","byline-tite-gatabazi"],"bylines":[{"id":9102,"name":"Tite Gatabazi","slug":"tite-gatabazi","description":"","image":{"id":0,"url":"https:\/\/secure.gravatar.com\/avatar\/?s=96&d=mm&f=y&r=g","alt":"Default avatar","title":"Default avatar","caption":"","mime_type":"image\/jpeg","sizes":[]},"user_id":472}],"contributors":[{"id":9102,"name":"Tite Gatabazi","slug":"tite-gatabazi","description":"","image":{"id":0,"url":"https:\/\/secure.gravatar.com\/avatar\/?s=96&d=mm&f=y&r=g","alt":"Default avatar","title":"Default avatar","caption":"","mime_type":"image\/jpeg","sizes":[]},"user_id":472}],"featured_image":{"id":4000060240,"url":"https:\/\/fr-images.igihe.com\/IMG\/logo\/ok_cp-3.jpg","alt":"","caption":"","mime_type":"image\/jpeg","width":0,"height":0,"sizes":{"thumbnail":{"url":"https:\/\/fr-images.igihe.com\/IMG\/logo\/ok_cp-3.jpg","width":1,"height":1},"medium":{"url":"https:\/\/fr-images.igihe.com\/IMG\/logo\/ok_cp-3.jpg","width":1,"height":1},"medium_large":{"url":"https:\/\/fr-images.igihe.com\/IMG\/logo\/ok_cp-3.jpg","width":1,"height":1},"large":{"url":"https:\/\/fr-images.igihe.com\/IMG\/logo\/ok_cp-3.jpg","width":1,"height":1},"full":{"url":"https:\/\/fr-images.igihe.com\/IMG\/logo\/ok_cp-3.jpg","width":0,"height":0}}},"_links":{"self":[{"href":"https:\/\/new.igihe.com\/french\/wp-json\/wp\/v2\/posts\/37434","targetHints":{"allow":["GET"]}}],"collection":[{"href":"https:\/\/new.igihe.com\/french\/wp-json\/wp\/v2\/posts"}],"about":[{"href":"https:\/\/new.igihe.com\/french\/wp-json\/wp\/v2\/types\/post"}],"author":[{"embeddable":true,"href":"https:\/\/new.igihe.com\/french\/wp-json\/wp\/v2\/users\/488"}],"replies":[{"embeddable":true,"href":"https:\/\/new.igihe.com\/french\/wp-json\/wp\/v2\/comments?post=37434"}],"version-history":[{"count":0,"href":"https:\/\/new.igihe.com\/french\/wp-json\/wp\/v2\/posts\/37434\/revisions"}],"wp:featuredmedia":[{"embeddable":true,"href":"https:\/\/new.igihe.com\/french\/wp-json\/wp\/v2\/media\/4000060240"}],"wp:attachment":[{"href":"https:\/\/new.igihe.com\/french\/wp-json\/wp\/v2\/media?parent=37434"}],"wp:term":[{"taxonomy":"category","embeddable":true,"href":"https:\/\/new.igihe.com\/french\/wp-json\/wp\/v2\/categories?post=37434"},{"taxonomy":"post_tag","embeddable":true,"href":"https:\/\/new.igihe.com\/french\/wp-json\/wp\/v2\/tags?post=37434"},{"taxonomy":"byline","embeddable":true,"href":"https:\/\/new.igihe.com\/french\/wp-json\/wp\/v2\/byline?post=37434"},{"taxonomy":"hashtag","embeddable":true,"href":"https:\/\/new.igihe.com\/french\/wp-json\/wp\/v2\/hashtag?post=37434"}],"curies":[{"name":"wp","href":"https:\/\/api.w.org\/{rel}","templated":true}]}}