{"id":37423,"date":"2025-04-16T17:23:12","date_gmt":"2025-04-16T17:23:12","guid":{"rendered":"https:\/\/new.igihe.com\/french\/Les-forces-sud-africaines-preoccupees-par-l-incertitude-entourant-leur-retrait-37423\/"},"modified":"2025-04-16T17:21:39","modified_gmt":"2025-04-16T17:21:39","slug":"Les-forces-sud-africaines-preoccupees-par-l-incertitude-entourant-leur-retrait","status":"publish","type":"post","link":"https:\/\/new.igihe.com\/french\/Les-forces-sud-africaines-preoccupees-par-l-incertitude-entourant-leur-retrait\/","title":{"rendered":"Les forces sud-africaines pr\u00e9occup\u00e9es par l\u2019incertitude entourant leur retrait de la RDC"},"content":{"rendered":"<p>Le 13 mars 2025, les chefs d&#8217;\u00c9tat de la SADC ont d\u00e9cid\u00e9 de suspendre la mission, lanc\u00e9e en d\u00e9cembre 2023, et ont ordonn\u00e9 le retrait progressif des troupes sud-africaines, tanzaniennes et malawites.<\/p>\n<p>Avant cette suspension, ces forces n\u2019apportaient plus leur soutien \u00e0 l\u2019arm\u00e9e congolaise dans sa lutte contre la coalition AFC\/M23, qui avait pris le contr\u00f4le de la ville de Goma le 27 janvier. Les troupes sud-africaines \u00e9taient rest\u00e9es cantonn\u00e9es dans leurs bases, dans l\u2019attente de leur rapatriement.<\/p>\n<p>Depuis la d\u00e9cision de la SADC, aucun retrait n\u2019a encore \u00e9t\u00e9 effectu\u00e9, principalement en raison de la fermeture de l\u2019a\u00e9roport de Goma, pr\u00e9vu pour leur \u00e9vacuation.<\/p>\n<p>L\u2019a\u00e9roport de Goma a \u00e9t\u00e9 endommag\u00e9 par les combats survenus dans les environs, laissant des traces de destruction et la pr\u00e9sence de mines. Le 28 mars dernier, la SADC et la coalition AFC\/M23 avaient convenu de coop\u00e9rer \u00e0 sa r\u00e9habilitation. Toutefois, les tensions entre les deux parties se sont rapidement raviv\u00e9es.<\/p>\n<p>L\u2019AFC\/M23 a accus\u00e9 les forces de la SADC d\u2019avoir pris part \u00e0 une attaque men\u00e9e dans l\u2019ouest de Goma durant la nuit du 11 au 12 avril 2025, qui aurait vis\u00e9 \u00e0 reprendre la ville.<\/p>\n<p>Des militaires sud-africains ont confi\u00e9 au journal &#8220;IOL&#8221; qu\u2019ils \u00e9taient pr\u00e9occup\u00e9s par leur situation actuelle, demeurant dans l\u2019est de la RDC sans aucune information pr\u00e9cise sur la date de leur rapatriement.<\/p>\n<p>Pour subvenir \u00e0 leurs besoins essentiels, ces militaires d\u00e9pendent de l\u2019AFC\/M23, qui leur fournit notamment de l\u2019eau potable et assure en permanence leur s\u00e9curit\u00e9.<\/p>\n<p>Interrog\u00e9 sur l\u2019avenir de ces troupes, le bureau du porte-parole de l\u2019arm\u00e9e sud-africaine a indiqu\u00e9 que la SADC \u00e9tait la seule autorit\u00e9 comp\u00e9tente pour r\u00e9pondre \u00e0 ces questions.<\/p>\n<p>\u00ab Nos services ont \u00e9t\u00e9 inform\u00e9s que c\u2019est \u00e0 la SADC qu\u2019il revient de r\u00e9pondre \u00e0 vos pr\u00e9occupations. Nous continuerons \u00e0 collaborer avec elle pour assurer l\u2019assistance n\u00e9cessaire \u00bb, a pr\u00e9cis\u00e9 le porte-parole.<\/p>\n<p>La SADC a confirm\u00e9 la perte de 18 soldats lors des affrontements survenus dans et autour de la ville de Sake, avant la prise de Goma par l\u2019AFC\/M23. Les soldats bless\u00e9s ont \u00e9t\u00e9 \u00e9vacu\u00e9s via le Rwanda, \u00e0 la suite de n\u00e9gociations men\u00e9es sous l\u2019\u00e9gide des Nations Unies.<\/p>\n<figure class=\"spip-document spip-document-60208 aligncenter\"><img decoding=\"async\" src=\"https:\/\/fr.igihe.com\/IMG\/jpg\/sandf-4.jpg\" alt=\"Les forces sud-africaines d\u00e9ploy\u00e9es dans le cadre de la mission de la SADC en RDC se disent pr\u00e9occup\u00e9es par l\u2019incertitude entourant la date de leur retrait\" \/><\/figure>\n","protected":false},"excerpt":{"rendered":"<p>Les forces sud-africaines d\u00e9ploy\u00e9es dans le cadre de la mission de la Communaut\u00e9 de D\u00e9veloppement de l\u2019Afrique Australe (SADC) en R\u00e9publique D\u00e9mocratique du Congo se disent pr\u00e9occup\u00e9es par l\u2019incertitude entourant la date de leur retrait.<\/p>\n","protected":false},"author":488,"featured_media":4000060207,"comment_status":"open","ping_status":"open","sticky":false,"template":"","format":"standard","meta":{"footnotes":""},"categories":[7540],"tags":[7605],"byline":[9865],"hashtag":[],"class_list":["post-37423","post","type-post","status-publish","format-standard","has-post-thumbnail","hentry","category-securite","tag-homenews","byline-alain-bertrand-tunezerwe"],"bylines":[{"id":9865,"name":"Alain Bertrand Tunezerwe","slug":"alain-bertrand-tunezerwe","description":"","image":{"id":0,"url":"https:\/\/secure.gravatar.com\/avatar\/?s=96&d=mm&f=y&r=g","alt":"Default avatar","title":"Default avatar","caption":"","mime_type":"image\/jpeg","sizes":[]},"user_id":452}],"contributors":[{"id":9865,"name":"Alain Bertrand Tunezerwe","slug":"alain-bertrand-tunezerwe","description":"","image":{"id":0,"url":"https:\/\/secure.gravatar.com\/avatar\/?s=96&d=mm&f=y&r=g","alt":"Default avatar","title":"Default avatar","caption":"","mime_type":"image\/jpeg","sizes":[]},"user_id":452}],"featured_image":{"id":4000060207,"url":"https:\/\/fr-images.igihe.com\/IMG\/logo\/sandf_cp-3.jpg","alt":"","caption":"","mime_type":"image\/jpeg","width":0,"height":0,"sizes":{"thumbnail":{"url":"https:\/\/fr-images.igihe.com\/IMG\/logo\/sandf_cp-3.jpg","width":1,"height":1},"medium":{"url":"https:\/\/fr-images.igihe.com\/IMG\/logo\/sandf_cp-3.jpg","width":1,"height":1},"medium_large":{"url":"https:\/\/fr-images.igihe.com\/IMG\/logo\/sandf_cp-3.jpg","width":1,"height":1},"large":{"url":"https:\/\/fr-images.igihe.com\/IMG\/logo\/sandf_cp-3.jpg","width":1,"height":1},"full":{"url":"https:\/\/fr-images.igihe.com\/IMG\/logo\/sandf_cp-3.jpg","width":0,"height":0}}},"_links":{"self":[{"href":"https:\/\/new.igihe.com\/french\/wp-json\/wp\/v2\/posts\/37423","targetHints":{"allow":["GET"]}}],"collection":[{"href":"https:\/\/new.igihe.com\/french\/wp-json\/wp\/v2\/posts"}],"about":[{"href":"https:\/\/new.igihe.com\/french\/wp-json\/wp\/v2\/types\/post"}],"author":[{"embeddable":true,"href":"https:\/\/new.igihe.com\/french\/wp-json\/wp\/v2\/users\/488"}],"replies":[{"embeddable":true,"href":"https:\/\/new.igihe.com\/french\/wp-json\/wp\/v2\/comments?post=37423"}],"version-history":[{"count":0,"href":"https:\/\/new.igihe.com\/french\/wp-json\/wp\/v2\/posts\/37423\/revisions"}],"wp:featuredmedia":[{"embeddable":true,"href":"https:\/\/new.igihe.com\/french\/wp-json\/wp\/v2\/media\/4000060207"}],"wp:attachment":[{"href":"https:\/\/new.igihe.com\/french\/wp-json\/wp\/v2\/media?parent=37423"}],"wp:term":[{"taxonomy":"category","embeddable":true,"href":"https:\/\/new.igihe.com\/french\/wp-json\/wp\/v2\/categories?post=37423"},{"taxonomy":"post_tag","embeddable":true,"href":"https:\/\/new.igihe.com\/french\/wp-json\/wp\/v2\/tags?post=37423"},{"taxonomy":"byline","embeddable":true,"href":"https:\/\/new.igihe.com\/french\/wp-json\/wp\/v2\/byline?post=37423"},{"taxonomy":"hashtag","embeddable":true,"href":"https:\/\/new.igihe.com\/french\/wp-json\/wp\/v2\/hashtag?post=37423"}],"curies":[{"name":"wp","href":"https:\/\/api.w.org\/{rel}","templated":true}]}}