{"id":37422,"date":"2025-04-16T16:18:15","date_gmt":"2025-04-16T16:18:15","guid":{"rendered":"https:\/\/new.igihe.com\/french\/Le-Premier-ministre-souligne-l-impact-du-VUP-sur-les-conditions-de-vie-des-37422\/"},"modified":"2025-04-18T11:32:35","modified_gmt":"2025-04-18T11:32:35","slug":"Le-Premier-ministre-souligne-l-impact-du-VUP-sur-les-conditions-de-vie-des","status":"publish","type":"post","link":"https:\/\/new.igihe.com\/french\/Le-Premier-ministre-souligne-l-impact-du-VUP-sur-les-conditions-de-vie-des\/","title":{"rendered":"Le Premier ministre souligne l&#8217;impact du VUP sur les conditions de vie des Rwandais"},"content":{"rendered":"<p>Dr. Ngirente s\u2019exprimait ce 16 avril 2025, \u00e0 l\u2019occasion de la pr\u00e9sentation des r\u00e9sultats de l\u2019enqu\u00eate sur les conditions de vie des m\u00e9nages men\u00e9e en 2024.<\/p>\n<p>Selon les donn\u00e9es issues de cette \u00e9tude, le taux de pauvret\u00e9 est pass\u00e9 de 39,8 % en 2017 \u00e0 27,4 % en 2024, tandis que l\u2019extr\u00eame pauvret\u00e9 a recul\u00e9 \u00e0 5,4 %, contre 11,3 % en 2017.<\/p>\n<p>Le Premier ministre a soulign\u00e9 que cette nette am\u00e9lioration t\u00e9moigne des efforts soutenus engag\u00e9s dans le cadre de la strat\u00e9gie nationale visant \u00e0 acc\u00e9l\u00e9rer le d\u00e9veloppement du pays.<\/p>\n<p>\u00ab Ces r\u00e9sultats t\u00e9moignent du chemin parcouru et des avanc\u00e9es significatives r\u00e9alis\u00e9es, tout en confirmant la solidit\u00e9 de notre partenariat fond\u00e9 sur une vision partag\u00e9e \u00bb, a d\u00e9clar\u00e9 Dr Ngirente. \u00ab Les donn\u00e9es contenues dans ce rapport illustrent clairement l\u2019am\u00e9lioration du bien-\u00eatre des Rwandais. \u00bb<\/p>\n<p>Le Premier ministre a pr\u00e9cis\u00e9 que les programmes mis en \u0153uvre par le gouvernement, en collaboration avec ses partenaires, ont jou\u00e9 un r\u00f4le essentiel dans l\u2019am\u00e9lioration des conditions de vie de la population.<\/p>\n<p>\u00ab Ces progr\u00e8s ont \u00e9t\u00e9 rendus possibles gr\u00e2ce aux investissements substantiels consentis par l\u2019\u00c9tat dans des initiatives durables, con\u00e7ues pour promouvoir le bien-\u00eatre des citoyens \u00bb, a-t-il ajout\u00e9.<\/p>\n<p>Il a \u00e9galement soulign\u00e9 que ces programmes ont permis de g\u00e9n\u00e9rer des emplois d\u00e9cents, mettant en lumi\u00e8re l\u2019impact positif d\u2019une planification rigoureuse et d\u2019une ex\u00e9cution efficace.<\/p>\n<p>Dr Ngirente a soulign\u00e9 que les efforts consentis pour surmonter rapidement les cons\u00e9quences de la pand\u00e9mie de Covid-19 ont favoris\u00e9 l\u2019\u00e9mergence de nouvelles opportunit\u00e9s d\u2019emploi, facilitant ainsi l\u2019int\u00e9gration de nombreux Rwandais, en particulier les jeunes, sur le march\u00e9 du travail.<\/p>\n<p>\u00ab L\u2019un des enseignements majeurs de cette enqu\u00eate est la forte corr\u00e9lation entre les d\u00e9penses des m\u00e9nages et la croissance \u00e9conomique \u00bb, a-t-il expliqu\u00e9. \u00ab Cette dynamique traduit une augmentation de revenus, une diversification des opportunit\u00e9s professionnelles, ainsi que les effets b\u00e9n\u00e9fiques des politiques sociales. Par ailleurs, de nombreuses familles ont d\u00e9sormais acc\u00e8s \u00e0 une alimentation de qualit\u00e9, \u00e0 des soins de sant\u00e9 appropri\u00e9s, \u00e0 une \u00e9ducation de qualit\u00e9 pour leurs enfants, et b\u00e9n\u00e9ficient dans l\u2019ensemble de meilleures conditions de vie. \u00bb<\/p>\n<p>L\u2019enqu\u00eate nationale concernant la structure de l\u2019emploi, r\u00e9alis\u00e9e par l\u2019Institut national des statistiques du Rwanda (NISR), r\u00e9v\u00e8le que plus de 5,3 millions de personnes \u00e2g\u00e9es de 16 ans et plus sont actives sur le march\u00e9 du travail, dont 4,5 millions exercent un emploi.<\/p>\n<p>Le NISR pr\u00e9cise que 749 000 individus, soit 14,7 %, sont au ch\u00f4mage, bien qu\u2019en recherche active d\u2019un emploi et disponibles pour travailler.<\/p>\n<p>L\u2019\u00e9tude met \u00e9galement en lumi\u00e8re que 3 018 614 personnes ne font pas partie du march\u00e9 du travail et ne sont pas consid\u00e9r\u00e9es comme ch\u00f4meurs. Parmi elles, 24,7 % sont encore scolaris\u00e9es, 27,7 % sont des personnes \u00e2g\u00e9es, en situation de handicap ou ayant renonc\u00e9 \u00e0 chercher un emploi, tandis que 47,6 % exercent une activit\u00e9 dans l\u2019agriculture de subsistance.<\/p>\n<p>Le directeur g\u00e9n\u00e9ral de l\u2019Institut national des statistiques du Rwanda (NISR), Yvan Murenzi, a soulign\u00e9 que la croissance \u00e9conomique du pays avait des retomb\u00e9es directes et positives sur les conditions de vie de la population.<\/p>\n<p>\u00ab Le programme de cantines scolaires, mis en \u0153uvre dans l\u2019ensemble des \u00e9coles publiques, a permis aux \u00e9l\u00e8ves de b\u00e9n\u00e9ficier d\u2019un repas quotidien \u00e0 l\u2019\u00e9cole. Cette initiative a eu un impact significatif en all\u00e9geant les charges des m\u00e9nages. C\u2019est un exemple concret de service public qui contribue directement au bien-\u00eatre des citoyens. Pour les plus d\u00e9favoris\u00e9s, des programmes comme le VUP ont \u00e9t\u00e9 sp\u00e9cifiquement \u00e9labor\u00e9s afin de cibler les populations les plus vuln\u00e9rables et d\u2019am\u00e9liorer durablement leurs conditions de vie \u00bb, a-t-il d\u00e9clar\u00e9.<\/p>\n<p>Les donn\u00e9es r\u00e9v\u00e8lent qu\u2019un Rwandais a besoin de 500 026 francs rwandais par an pour subvenir \u00e0 ses besoins essentiels, en particulier en mati\u00e8re d\u2019alimentation.<\/p>\n<p>Au cours des sept derni\u00e8res ann\u00e9es, plus d&#8217;1,5 million de Rwandais ont r\u00e9ussi \u00e0 sortir de la pr\u00e9carit\u00e9.<\/p>\n<p>Le Premier ministre a conclu en r\u00e9affirmant l\u2019importance de renforcer les investissements dans le secteur de l\u2019\u00e9ducation, afin de doter le march\u00e9 du travail des comp\u00e9tences n\u00e9cessaires pour r\u00e9pondre aux enjeux futurs.<\/p>\n<p>\u00ab Le Rwanda demeure fermement engag\u00e9 \u00e0 investir dans les secteurs de son \u00e9conomie, tels que l\u2019\u00e9nergie, l\u2019eau, l\u2019assainissement et la sant\u00e9 \u00bb, a-t-il d\u00e9clar\u00e9, soulignant que le gouvernement poursuivait ses efforts soutenus pour renforcer les investissements dans les infrastructures de base, dans le but d&#8217;am\u00e9liorer la qualit\u00e9 des services offerts \u00e0 la population.<\/p>\n<figure class=\"spip-document spip-document-60205 aligncenter\"><img decoding=\"async\" src=\"https:\/\/fr.igihe.com\/IMG\/jpg\/pm_1-4.jpg\" alt=\"Le Premier ministre, Dr. Ngirente, a soulign\u00e9 que plusieurs programmes mis en place ont contribu\u00e9 de mani\u00e8re significative \u00e0 la r\u00e9duction de la pauvret\u00e9\" \/><\/figure>\n<figure class=\"spip-document spip-document-60204 aligncenter\"><img decoding=\"async\" src=\"https:\/\/fr.igihe.com\/IMG\/jpg\/pm_2-5.jpg\" alt=\"Dr. Ngirente s\u2019exprimait ce 16 avril 2025, \u00e0 l\u2019occasion de la pr\u00e9sentation des r\u00e9sultats de l\u2019enqu\u00eate sur les conditions de vie des m\u00e9nages men\u00e9e en 2024\" \/><\/figure>\n<figure class=\"spip-document spip-document-60203 aligncenter\"><img decoding=\"async\" src=\"https:\/\/fr.igihe.com\/IMG\/jpg\/pm_3-5.jpg\" alt=\"\" \/><\/figure>\n<figure class=\"spip-document spip-document-60202 aligncenter\"><img decoding=\"async\" src=\"https:\/\/fr.igihe.com\/IMG\/jpg\/pm_5-3.jpg\" alt=\"\" \/><\/figure>\n<figure class=\"spip-document spip-document-60201 aligncenter\"><img decoding=\"async\" src=\"https:\/\/fr.igihe.com\/IMG\/jpg\/pm_4-4.jpg\" alt=\"Des personnes issues de divers horizons ont exprim\u00e9 leur satisfaction face \u00e0 l&#039;am\u00e9lioration constante des conditions de vie des Rwandais\" \/><\/figure>\n","protected":false},"excerpt":{"rendered":"<p>Le Premier ministre, Dr Edouard Ngirente, a soulign\u00e9 que le programme VUP ainsi que diverses initiatives de cr\u00e9ation d\u2019emplois ont contribu\u00e9 de mani\u00e8re significative \u00e0 l\u2019am\u00e9lioration des conditions de vie et \u00e0 l\u2019augmentation des revenus des Rwandais.<\/p>\n","protected":false},"author":488,"featured_media":4000060206,"comment_status":"open","ping_status":"open","sticky":false,"template":"","format":"standard","meta":{"footnotes":""},"categories":[7544],"tags":[7605],"byline":[7717],"hashtag":[],"class_list":["post-37422","post","type-post","status-publish","format-standard","has-post-thumbnail","hentry","category-politique","tag-homenews","byline-igihe"],"bylines":[{"id":7717,"name":"IGIHE","slug":"igihe","description":"","image":{"id":0,"url":"https:\/\/secure.gravatar.com\/avatar\/?s=96&d=mm&f=y&r=g","alt":"Default avatar","title":"Default avatar","caption":"","mime_type":"image\/jpeg","sizes":[]},"user_id":393}],"contributors":[{"id":7717,"name":"IGIHE","slug":"igihe","description":"","image":{"id":0,"url":"https:\/\/secure.gravatar.com\/avatar\/?s=96&d=mm&f=y&r=g","alt":"Default avatar","title":"Default avatar","caption":"","mime_type":"image\/jpeg","sizes":[]},"user_id":393}],"featured_image":{"id":4000060206,"url":"https:\/\/fr-images.igihe.com\/IMG\/logo\/pm_1_cp-2.jpg","alt":"","caption":"","mime_type":"image\/jpeg","width":0,"height":0,"sizes":{"thumbnail":{"url":"https:\/\/fr-images.igihe.com\/IMG\/logo\/pm_1_cp-2.jpg","width":1,"height":1},"medium":{"url":"https:\/\/fr-images.igihe.com\/IMG\/logo\/pm_1_cp-2.jpg","width":1,"height":1},"medium_large":{"url":"https:\/\/fr-images.igihe.com\/IMG\/logo\/pm_1_cp-2.jpg","width":1,"height":1},"large":{"url":"https:\/\/fr-images.igihe.com\/IMG\/logo\/pm_1_cp-2.jpg","width":1,"height":1},"full":{"url":"https:\/\/fr-images.igihe.com\/IMG\/logo\/pm_1_cp-2.jpg","width":0,"height":0}}},"_links":{"self":[{"href":"https:\/\/new.igihe.com\/french\/wp-json\/wp\/v2\/posts\/37422","targetHints":{"allow":["GET"]}}],"collection":[{"href":"https:\/\/new.igihe.com\/french\/wp-json\/wp\/v2\/posts"}],"about":[{"href":"https:\/\/new.igihe.com\/french\/wp-json\/wp\/v2\/types\/post"}],"author":[{"embeddable":true,"href":"https:\/\/new.igihe.com\/french\/wp-json\/wp\/v2\/users\/488"}],"replies":[{"embeddable":true,"href":"https:\/\/new.igihe.com\/french\/wp-json\/wp\/v2\/comments?post=37422"}],"version-history":[{"count":0,"href":"https:\/\/new.igihe.com\/french\/wp-json\/wp\/v2\/posts\/37422\/revisions"}],"wp:featuredmedia":[{"embeddable":true,"href":"https:\/\/new.igihe.com\/french\/wp-json\/wp\/v2\/media\/4000060206"}],"wp:attachment":[{"href":"https:\/\/new.igihe.com\/french\/wp-json\/wp\/v2\/media?parent=37422"}],"wp:term":[{"taxonomy":"category","embeddable":true,"href":"https:\/\/new.igihe.com\/french\/wp-json\/wp\/v2\/categories?post=37422"},{"taxonomy":"post_tag","embeddable":true,"href":"https:\/\/new.igihe.com\/french\/wp-json\/wp\/v2\/tags?post=37422"},{"taxonomy":"byline","embeddable":true,"href":"https:\/\/new.igihe.com\/french\/wp-json\/wp\/v2\/byline?post=37422"},{"taxonomy":"hashtag","embeddable":true,"href":"https:\/\/new.igihe.com\/french\/wp-json\/wp\/v2\/hashtag?post=37422"}],"curies":[{"name":"wp","href":"https:\/\/api.w.org\/{rel}","templated":true}]}}