{"id":37421,"date":"2025-04-16T17:03:00","date_gmt":"2025-04-16T17:03:00","guid":{"rendered":"https:\/\/new.igihe.com\/french\/La-residence-de-Joseph-Kabila-perquisitionnee-37421\/"},"modified":"2025-04-16T16:57:04","modified_gmt":"2025-04-16T16:57:04","slug":"La-residence-de-Joseph-Kabila-perquisitionnee","status":"publish","type":"post","link":"https:\/\/new.igihe.com\/french\/La-residence-de-Joseph-Kabila-perquisitionnee\/","title":{"rendered":"La r\u00e9sidence de Joseph Kabila, perquisitionn\u00e9e"},"content":{"rendered":"<p>Le porte-parole de la famille Kabila, Adam Shemisi, a pr\u00e9cis\u00e9 que les militaires se sont rendus \u00e0 la r\u00e9sidence dans la matin\u00e9e de ce 15 avril 2025.<\/p>\n<p>\u00ab Des hommes en tenue militaire congolaise sont arriv\u00e9s sans mandat l\u00e9gal leur permettant d\u2019effectuer une perquisition, perturbant ainsi la tranquillit\u00e9 des occupants. La famille Kabila d\u00e9nonce vigoureusement cet abus de pouvoir et cette op\u00e9ration ill\u00e9gale. \u00bb a affirm\u00e9 Shemisi.<\/p>\n<p>L\u2019incident a eu lieu dans la commune de Limete, une zone industrielle. Une altercation verbale a \u00e9clat\u00e9 entre les militaires et les occupants, ces derniers exigeant la pr\u00e9sentation d\u2019un mandat officiel, ce que les soldats n\u2019ont pas pu fournir.<\/p>\n<p>Les militaires soutenaient que la pr\u00e9sence de deux v\u00e9hicules Jeep Defender dans la cour \u00e9tait un indice que les occupants se pr\u00e9paraient \u00e0 mener des actions visant \u00e0 d\u00e9stabiliser les institutions de l&#8217;\u00c9tat. En r\u00e9ponse, les r\u00e9sidents ont expliqu\u00e9 que ces v\u00e9hicules \u00e9taient utilis\u00e9s uniquement \u00e0 des fins civiles.<\/p>\n<p>Shemisi a \u00e9galement pr\u00e9cis\u00e9 que les militaires avaient d&#8217;abord interpell\u00e9 un comptable travaillant dans la r\u00e9sidence, avant de le rel\u00e2cher, tout en annon\u00e7ant que l&#8217;enqu\u00eate se poursuivrait ce 16 avril 2025.<\/p>\n<p>Vers deux heures du matin, les militaires \u00e9taient toujours pr\u00e9sents sur les lieux. Le porte-parole de la famille Kabila les a accus\u00e9s de violation de propri\u00e9t\u00e9 priv\u00e9e, soulignant qu&#8217;ils avaient forc\u00e9 l&#8217;acc\u00e8s de plusieurs pi\u00e8ces, semant la panique parmi les occupants.<\/p>\n<p>Les autorit\u00e9s congolaises accusent Joseph Kabila depuis longtemps de collusion avec la coalition AFC, qui inclut le groupe arm\u00e9 M23, engag\u00e9 dans un conflit avec l\u2019arm\u00e9e congolaise dans les provinces du Nord-Kivu et du Sud-Kivu.<\/p>\n<p>En mars 2025, Kabila, qui vit actuellement en exil au Zimbabwe, a formellement ni\u00e9 toute implication avec l&#8217;AFC\/M23, arguant que si tel avait \u00e9t\u00e9 le cas, le conflit aurait pris une dimension bien plus grave.<\/p>\n<p>Ce n\u2019est pas la premi\u00e8re fois qu\u2019un tel incident se produit. En juillet 2024, des jeunes portant des effigies de F\u00e9lix Tshisekedi ont attaqu\u00e9 la r\u00e9sidence de Joseph Kabila, dans une tentative \u00e9vidente d&#8217;intimider l&#8217;ex-pr\u00e9sident congolais.<\/p>\n<p>L\u2019ancien pr\u00e9sident, qui a dirig\u00e9 la RDC de 2001 \u00e0 2019, a r\u00e9cemment exprim\u00e9 son intention de revenir dans son pays en empruntant la route de l\u2019Est.<\/p>\n<figure class=\"spip-document spip-document-60200 aligncenter\"><img decoding=\"async\" src=\"https:\/\/fr.igihe.com\/IMG\/jpg\/kab-5.jpg\" alt=\"Des agents du renseignement militaire congolais ont effectu\u00e9 une perquisition dans l\u2019une des r\u00e9sidences de l\u2019ex-pr\u00e9sident Joseph Kabila\" \/><\/figure>\n","protected":false},"excerpt":{"rendered":"<p>Des agents du renseignement militaire de la R\u00e9publique D\u00e9mocratique du Congo ont effectu\u00e9 une perquisition dans l\u2019une des r\u00e9sidences de l\u2019ex-pr\u00e9sident Joseph Kabila, situ\u00e9e \u00e0 Kinshasa.<\/p>\n","protected":false},"author":488,"featured_media":4000060199,"comment_status":"open","ping_status":"open","sticky":false,"template":"","format":"standard","meta":{"footnotes":""},"categories":[7544],"tags":[7605],"byline":[9865],"hashtag":[],"class_list":["post-37421","post","type-post","status-publish","format-standard","has-post-thumbnail","hentry","category-politique","tag-homenews","byline-alain-bertrand-tunezerwe"],"bylines":[{"id":9865,"name":"Alain Bertrand Tunezerwe","slug":"alain-bertrand-tunezerwe","description":"","image":{"id":0,"url":"https:\/\/secure.gravatar.com\/avatar\/?s=96&d=mm&f=y&r=g","alt":"Default avatar","title":"Default avatar","caption":"","mime_type":"image\/jpeg","sizes":[]},"user_id":452}],"contributors":[{"id":9865,"name":"Alain Bertrand Tunezerwe","slug":"alain-bertrand-tunezerwe","description":"","image":{"id":0,"url":"https:\/\/secure.gravatar.com\/avatar\/?s=96&d=mm&f=y&r=g","alt":"Default avatar","title":"Default avatar","caption":"","mime_type":"image\/jpeg","sizes":[]},"user_id":452}],"featured_image":{"id":4000060199,"url":"https:\/\/fr-images.igihe.com\/IMG\/logo\/ka_cp.jpg","alt":"","caption":"","mime_type":"image\/jpeg","width":0,"height":0,"sizes":{"thumbnail":{"url":"https:\/\/fr-images.igihe.com\/IMG\/logo\/ka_cp.jpg","width":1,"height":1},"medium":{"url":"https:\/\/fr-images.igihe.com\/IMG\/logo\/ka_cp.jpg","width":1,"height":1},"medium_large":{"url":"https:\/\/fr-images.igihe.com\/IMG\/logo\/ka_cp.jpg","width":1,"height":1},"large":{"url":"https:\/\/fr-images.igihe.com\/IMG\/logo\/ka_cp.jpg","width":1,"height":1},"full":{"url":"https:\/\/fr-images.igihe.com\/IMG\/logo\/ka_cp.jpg","width":0,"height":0}}},"_links":{"self":[{"href":"https:\/\/new.igihe.com\/french\/wp-json\/wp\/v2\/posts\/37421","targetHints":{"allow":["GET"]}}],"collection":[{"href":"https:\/\/new.igihe.com\/french\/wp-json\/wp\/v2\/posts"}],"about":[{"href":"https:\/\/new.igihe.com\/french\/wp-json\/wp\/v2\/types\/post"}],"author":[{"embeddable":true,"href":"https:\/\/new.igihe.com\/french\/wp-json\/wp\/v2\/users\/488"}],"replies":[{"embeddable":true,"href":"https:\/\/new.igihe.com\/french\/wp-json\/wp\/v2\/comments?post=37421"}],"version-history":[{"count":0,"href":"https:\/\/new.igihe.com\/french\/wp-json\/wp\/v2\/posts\/37421\/revisions"}],"wp:featuredmedia":[{"embeddable":true,"href":"https:\/\/new.igihe.com\/french\/wp-json\/wp\/v2\/media\/4000060199"}],"wp:attachment":[{"href":"https:\/\/new.igihe.com\/french\/wp-json\/wp\/v2\/media?parent=37421"}],"wp:term":[{"taxonomy":"category","embeddable":true,"href":"https:\/\/new.igihe.com\/french\/wp-json\/wp\/v2\/categories?post=37421"},{"taxonomy":"post_tag","embeddable":true,"href":"https:\/\/new.igihe.com\/french\/wp-json\/wp\/v2\/tags?post=37421"},{"taxonomy":"byline","embeddable":true,"href":"https:\/\/new.igihe.com\/french\/wp-json\/wp\/v2\/byline?post=37421"},{"taxonomy":"hashtag","embeddable":true,"href":"https:\/\/new.igihe.com\/french\/wp-json\/wp\/v2\/hashtag?post=37421"}],"curies":[{"name":"wp","href":"https:\/\/api.w.org\/{rel}","templated":true}]}}