{"id":37419,"date":"2025-04-16T16:27:03","date_gmt":"2025-04-16T16:27:03","guid":{"rendered":"https:\/\/new.igihe.com\/french\/L-impunite-du-Pere-Mendelo-Gabriel-indigne-a-Rutsiro-37419\/"},"modified":"2025-04-16T16:22:14","modified_gmt":"2025-04-16T16:22:14","slug":"L-impunite-du-Pere-Mendelo-Gabriel-indigne-a-Rutsiro","status":"publish","type":"post","link":"https:\/\/new.igihe.com\/french\/L-impunite-du-Pere-Mendelo-Gabriel-indigne-a-Rutsiro\/","title":{"rendered":"L&#8217;impunit\u00e9 du P\u00e8re Mendelo Gabriel indigne \u00e0 Rutsiro"},"content":{"rendered":"<p>Cette question a \u00e9t\u00e9 soulev\u00e9e lors des comm\u00e9morations du 31e anniversaire du g\u00e9nocide contre les Tutsi, qui se sont tenues dans l&#8217;ancienne commune de Mabanza et de Rutsiro, dans la pr\u00e9fecture de Kibuye, sur la colline o\u00f9 plus de 9 600 Tutsi ont \u00e9t\u00e9 brutalement massacr\u00e9s.<\/p>\n<p>Le 13 avril 1994, sur la colline de Nyamagumba, anciennement Gitwa, de nombreux Tutsi ont \u00e9t\u00e9 extermin\u00e9s, et le P\u00e8re Mendelo Gabriel, alors \u00e0 la t\u00eate de la paroisse de Cr\u00eate Congo Nil, a jou\u00e9 un r\u00f4le central dans ces meurtres.<\/p>\n<p>Le pr\u00e9sident d&#8217;IBUKA dans le district de Rutsiro, Niyonsenga Philippe, a exprim\u00e9 sa profonde consternation face \u00e0 l&#8217;inaction persistante concernant l&#8217;arrestation du P\u00e8re Mendelo Gabriel, malgr\u00e9 son r\u00f4le d\u00e9terminant dans le massacre des Tutsi r\u00e9fugi\u00e9s sur la colline de Nyamagumba. Il a insist\u00e9 sur le fait que ce criminel de guerre, dont la responsabilit\u00e9 dans ces atrocit\u00e9s est bien document\u00e9e, n\u2019a toujours pas \u00e9t\u00e9 appr\u00e9hend\u00e9.<\/p>\n<p>Niyonsenga a \u00e9galement rappel\u00e9 que le P\u00e8re Mendelo avait jou\u00e9 un r\u00f4le actif dans le massacre des &#8220;Abagogwe&#8221; r\u00e9fugi\u00e9s dans la commune de Rutsiro en 1992, en les contraignant \u00e0 affirmer que ces meurtres n&#8217;\u00e9taient que des troubles internes, afin de minimiser leur gravit\u00e9.<\/p>\n<p>Il a ajout\u00e9 que le P\u00e8re Mendelo \u00e9tait membre du parti CDR, ce qui lui permettait d\u2019entretenir une collaboration directe et sans \u00e9quivoque avec les auteurs du g\u00e9nocide, contribuant ainsi de mani\u00e8re significative \u00e0 l&#8217;ex\u00e9cution de l&#8217;horrible massacre qui a fait plus de 9 600 victimes sur la colline de Nyamagumba.<\/p>\n<p>Le 12 avril 1994, le pr\u00eatre avait donn\u00e9 l&#8217;ordre \u00e0 quelqu&#8217;un de recenser les Tutsi r\u00e9fugi\u00e9s sur la colline de Nyamagumba. &#8220;Cette d\u00e9marche visait \u00e0 conna\u00eetre leur nombre et \u00e0 solliciter des renforts aupr\u00e8s des Interahamwe des communes voisines, afin de pouvoir les exterminer, car ils r\u00e9sistaient encore&#8221;, a expliqu\u00e9 Niyonsenga.<\/p>\n<p>Comme pr\u00e9vu, des Interahamwe en provenance des communes environnantes telles que Gisenyi, Nyamyumba, Kayove, Rutsiro, Ramba, Satinsyi, Giciye et Mabanza ont \u00e9t\u00e9 rassembl\u00e9es pour participer au massacre.<\/p>\n<p>Niyonsenga a soulign\u00e9 qu&#8217;IBUKA exige la traduction en justice du P\u00e8re Mendelo, qui a \u00e9t\u00e9 condamn\u00e9 par les juridictions Gacaca en son absence. Il a appel\u00e9 le gouvernement \u00e0 prendre des mesures pour \u00e9mettre un mandat d&#8217;arr\u00eat contre lui, afin qu&#8217;il puisse enfin \u00eatre jug\u00e9 de mani\u00e8re juste et transparente.<\/p>\n<p>Uwimana Emmanuel, un survivant du massacre de Nyamagumba, a affirm\u00e9 que le P\u00e8re Mendelo Gabriel devrait absolument \u00eatre captur\u00e9 et jug\u00e9 pour ses crimes. &#8220;Mendelo Gabriel \u00e9tait un individu d&#8217;une grande cruaut\u00e9, il portait constamment un chapeau du CDR. Son implication est largement document\u00e9e, et il a \u00e9t\u00e9 condamn\u00e9 \u00e0 une peine de prison \u00e0 perp\u00e9tuit\u00e9 par les juridictions Gacaca. Pourtant, il a chang\u00e9 plusieurs fois de nom pour \u00e9chapper \u00e0 la justice. Ne pas l\u2019arr\u00eater et l&#8217;interroger sur son r\u00f4le dans le g\u00e9nocide contre les Tutsi serait une v\u00e9ritable injustice&#8221;, a-t-il insist\u00e9.<\/p>\n<p>Le m\u00e9morial du g\u00e9nocide de Nyamagumba, \u00e9rig\u00e9 sur l\u2019ancienne colline de Gitwa, o\u00f9 se trouvait autrefois une chapelle catholique, rend hommage aux victimes. C\u2019est l\u00e0 que de nombreux Tutsi, croyant \u00e0 la protection promise par le P\u00e8re Mendelo Gabriel, ont \u00e9t\u00e9 trahis et massacr\u00e9s, avec plus de 9600 victimes \u00e0 d\u00e9plorer.<\/p>\n<figure class=\"spip-document spip-document-60195 aligncenter\"><img decoding=\"async\" src=\"https:\/\/fr.igihe.com\/IMG\/jpg\/pi.jpg\" alt=\"Le P\u00e8re Mendelo Gabriel, originaire de France a \u00e9t\u00e9 condamn\u00e9 \u00e0 la r\u00e9clusion \u00e0 perp\u00e9tuit\u00e9 par les juridictions Gacaca\" \/><\/figure>\n","protected":false},"excerpt":{"rendered":"<p>Les survivants du g\u00e9nocide perp\u00e9tr\u00e9 contre les Tutsi dans le district de Rutsiro ont exprim\u00e9 leur profonde indignation face au fait que le P\u00e8re Mendelo Gabriel, originaire de France et condamn\u00e9 \u00e0 la r\u00e9clusion \u00e0 perp\u00e9tuit\u00e9 par les juridictions Gacaca pour son r\u00f4le crucial dans le g\u00e9nocide contre les Tutsi de 1994, n&#8217;ait toujours pas \u00e9t\u00e9 arr\u00eat\u00e9 ni traduit en justice pour ses crimes.<\/p>\n","protected":false},"author":488,"featured_media":4000060194,"comment_status":"open","ping_status":"open","sticky":false,"template":"","format":"standard","meta":{"footnotes":""},"categories":[7542],"tags":[7605],"byline":[9865],"hashtag":[],"class_list":["post-37419","post","type-post","status-publish","format-standard","has-post-thumbnail","hentry","category-art-de-vivre","tag-homenews","byline-alain-bertrand-tunezerwe"],"bylines":[{"id":9865,"name":"Alain Bertrand Tunezerwe","slug":"alain-bertrand-tunezerwe","description":"","image":{"id":0,"url":"https:\/\/secure.gravatar.com\/avatar\/?s=96&d=mm&f=y&r=g","alt":"Default avatar","title":"Default avatar","caption":"","mime_type":"image\/jpeg","sizes":[]},"user_id":452}],"contributors":[{"id":9865,"name":"Alain Bertrand Tunezerwe","slug":"alain-bertrand-tunezerwe","description":"","image":{"id":0,"url":"https:\/\/secure.gravatar.com\/avatar\/?s=96&d=mm&f=y&r=g","alt":"Default avatar","title":"Default avatar","caption":"","mime_type":"image\/jpeg","sizes":[]},"user_id":452}],"featured_image":{"id":4000060194,"url":"https:\/\/fr-images.igihe.com\/IMG\/logo\/pi_cp.jpg","alt":"","caption":"","mime_type":"image\/jpeg","width":0,"height":0,"sizes":{"thumbnail":{"url":"https:\/\/fr-images.igihe.com\/IMG\/logo\/pi_cp.jpg","width":1,"height":1},"medium":{"url":"https:\/\/fr-images.igihe.com\/IMG\/logo\/pi_cp.jpg","width":1,"height":1},"medium_large":{"url":"https:\/\/fr-images.igihe.com\/IMG\/logo\/pi_cp.jpg","width":1,"height":1},"large":{"url":"https:\/\/fr-images.igihe.com\/IMG\/logo\/pi_cp.jpg","width":1,"height":1},"full":{"url":"https:\/\/fr-images.igihe.com\/IMG\/logo\/pi_cp.jpg","width":0,"height":0}}},"_links":{"self":[{"href":"https:\/\/new.igihe.com\/french\/wp-json\/wp\/v2\/posts\/37419","targetHints":{"allow":["GET"]}}],"collection":[{"href":"https:\/\/new.igihe.com\/french\/wp-json\/wp\/v2\/posts"}],"about":[{"href":"https:\/\/new.igihe.com\/french\/wp-json\/wp\/v2\/types\/post"}],"author":[{"embeddable":true,"href":"https:\/\/new.igihe.com\/french\/wp-json\/wp\/v2\/users\/488"}],"replies":[{"embeddable":true,"href":"https:\/\/new.igihe.com\/french\/wp-json\/wp\/v2\/comments?post=37419"}],"version-history":[{"count":0,"href":"https:\/\/new.igihe.com\/french\/wp-json\/wp\/v2\/posts\/37419\/revisions"}],"wp:featuredmedia":[{"embeddable":true,"href":"https:\/\/new.igihe.com\/french\/wp-json\/wp\/v2\/media\/4000060194"}],"wp:attachment":[{"href":"https:\/\/new.igihe.com\/french\/wp-json\/wp\/v2\/media?parent=37419"}],"wp:term":[{"taxonomy":"category","embeddable":true,"href":"https:\/\/new.igihe.com\/french\/wp-json\/wp\/v2\/categories?post=37419"},{"taxonomy":"post_tag","embeddable":true,"href":"https:\/\/new.igihe.com\/french\/wp-json\/wp\/v2\/tags?post=37419"},{"taxonomy":"byline","embeddable":true,"href":"https:\/\/new.igihe.com\/french\/wp-json\/wp\/v2\/byline?post=37419"},{"taxonomy":"hashtag","embeddable":true,"href":"https:\/\/new.igihe.com\/french\/wp-json\/wp\/v2\/hashtag?post=37419"}],"curies":[{"name":"wp","href":"https:\/\/api.w.org\/{rel}","templated":true}]}}