{"id":37417,"date":"2025-04-16T16:21:41","date_gmt":"2025-04-16T16:21:41","guid":{"rendered":"https:\/\/new.igihe.com\/french\/Le-diagnostic-du-pouvoir-en-RDC-de-Kikaya-Bin-Karubi-37417\/"},"modified":"2025-04-16T11:10:17","modified_gmt":"2025-04-16T11:10:17","slug":"Le-diagnostic-du-pouvoir-en-RDC-de-Kikaya-Bin-Karubi","status":"publish","type":"post","link":"https:\/\/new.igihe.com\/french\/Le-diagnostic-du-pouvoir-en-RDC-de-Kikaya-Bin-Karubi\/","title":{"rendered":"Le diagnostic du pouvoir en RDC de Kikaya Bin Karubi"},"content":{"rendered":"<p>En affirmant que \u00ab tous les Congolais impliqu\u00e9s dans le deal ayant fait de F\u00e9lix Tshisekedi chef de l\u2019\u00c9tat sont soit d\u00e9c\u00e9d\u00e9s, soit contraints \u00e0 l\u2019exil, soit maintenus \u00e0 Kinshasa mais r\u00e9duits au silence \u00bb, il dresse le tableau sinistre d\u2019un pouvoir dont l\u2019ascension repose non sur le suffrage \u00e9clair\u00e9 et libre d\u2019un peuple souverain, mais sur des arrangements obscurs, scell\u00e9s dans le secret des arri\u00e8re-salles du pouvoir, et dont les acteurs, pi\u00e8ces devenues g\u00eanantes, sont m\u00e9thodiquement \u00e9cart\u00e9s.<\/p>\n<p>Ce propos, lourd de sous-entendus, sugg\u00e8re que le r\u00e9gime actuel s\u2019est constitu\u00e9 sur un pacte tacite d\u2019int\u00e9r\u00eats particuliers et de calculs opportunistes, d\u00e9sormais dissimul\u00e9 sous le voile d\u2019une gouvernance autoritaire et r\u00e9pressive. <\/p>\n<p>L\u2019\u00e9viction ou la neutralisation syst\u00e9matique de ceux qui furent les artisans ou t\u00e9moins de cette accession irr\u00e9guli\u00e8re au sommet de l\u2019\u00c9tat trahit la f\u00e9brilit\u00e9 d\u2019un pouvoir soucieux d\u2019effacer les traces de son origine contestable, et de verrouiller tout espace de dissidence ou de v\u00e9rit\u00e9.<\/p>\n<p>Plus encore, Kikaya d\u00e9nonce un glissement pernicieux dans le discours officiel et dans l\u2019espace public congolais : toute critique \u00e9mise \u00e0 l\u2019encontre de la gouvernance calamiteuse de F\u00e9lix Tshisekedi serait d\u00e9sormais assimil\u00e9e, de mani\u00e8re fallacieuse et infamante, \u00e0 une posture pro-Rwanda. <\/p>\n<p>Cette strat\u00e9gie d\u2019amalgame et de disqualification morale vise non seulement \u00e0 d\u00e9l\u00e9gitimer l\u2019opposition et les voix dissidentes, mais aussi \u00e0 d\u00e9tourner l\u2019attention de l\u2019opinion publique des responsabilit\u00e9s r\u00e9elles dans l\u2019aggravation de la crise s\u00e9curitaire \u00e0 l\u2019Est. <\/p>\n<p>Elle proc\u00e8de d\u2019une m\u00e9canique rh\u00e9torique bien connue des r\u00e9gimes en qu\u00eate de l\u00e9gitimit\u00e9 fragile : transformer toute contestation en trahison, et tout opposant en ennemi de la Nation.<\/p>\n<p>L\u2019ironie tragique que rel\u00e8ve Kikaya r\u00e9side dans cette inversion accusatoire : alors que le chef de l\u2019\u00c9tat lui-m\u00eame serait, selon ses propos, \u00ab la cause premi\u00e8re de l\u2019agression actuelle \u00bb, il parvient, par une op\u00e9ration de communication et de narratif ma\u00eetris\u00e9e, \u00e0 rejeter l\u2019opprobre sur ceux qui osent d\u00e9noncer les errements et les compromissions du r\u00e9gime. <\/p>\n<p>Cette situation, o\u00f9 le pouvoir s\u2019arroge le monopole du patriotisme et de la parole l\u00e9gitime, rappelle les d\u00e9rives des syst\u00e8mes autoritaires o\u00f9 la v\u00e9rit\u00e9 historique et politique est soumise aux imp\u00e9ratifs de la raison d\u2019\u00c9tat.<\/p>\n<p>En d\u00e9finitive, cette analyse jette une lumi\u00e8re crue sur le climat politique d\u00e9l\u00e9t\u00e8re qui r\u00e8gne en R\u00e9publique D\u00e9mocratique du Congo, o\u00f9 les \u00e9quilibres institutionnels sont fragilis\u00e9s, les libert\u00e9s d\u2019expression et de critique s\u00e9v\u00e8rement entrav\u00e9es, et o\u00f9 l\u2019exercice du pouvoir semble de plus en plus s\u2019inscrire dans une logique de contr\u00f4le absolu et de r\u00e9pression silencieuse des consciences \u00e9veill\u00e9es. <\/p>\n<p>L\u2019histoire politique du Congo enseigne pourtant que ces configurations, b\u00e2ties sur l\u2019opacit\u00e9, la peur et l\u2019exclusion, ne sauraient perdurer ind\u00e9finiment sans c\u00e9der, t\u00f4t ou tard, sous le poids de leurs propres contradictions.<\/p>\n<figure class=\"spip-document spip-document-60191 aligncenter\"><img decoding=\"async\" src=\"https:\/\/fr.igihe.com\/IMG\/jpg\/kr.jpg\" alt=\"Le constat formul\u00e9 par Kikaya Bin Karubi r\u00e9sonne comme un diagnostic implacable et d\u2019une gravit\u00e9 rare dans le paysage politique congolais contemporain\" \/><\/figure>\n","protected":false},"excerpt":{"rendered":"<p>Le constat formul\u00e9 par Kikaya Bin Karubi r\u00e9sonne comme un diagnostic implacable et d\u2019une gravit\u00e9 rare dans le paysage politique congolais contemporain. <\/p>\n","protected":false},"author":488,"featured_media":4000060190,"comment_status":"open","ping_status":"open","sticky":false,"template":"","format":"standard","meta":{"footnotes":""},"categories":[7544],"tags":[],"byline":[9102],"hashtag":[],"class_list":["post-37417","post","type-post","status-publish","format-standard","has-post-thumbnail","hentry","category-politique","byline-tite-gatabazi"],"bylines":[{"id":9102,"name":"Tite Gatabazi","slug":"tite-gatabazi","description":"","image":{"id":0,"url":"https:\/\/secure.gravatar.com\/avatar\/?s=96&d=mm&f=y&r=g","alt":"Default avatar","title":"Default avatar","caption":"","mime_type":"image\/jpeg","sizes":[]},"user_id":472}],"contributors":[{"id":9102,"name":"Tite Gatabazi","slug":"tite-gatabazi","description":"","image":{"id":0,"url":"https:\/\/secure.gravatar.com\/avatar\/?s=96&d=mm&f=y&r=g","alt":"Default avatar","title":"Default avatar","caption":"","mime_type":"image\/jpeg","sizes":[]},"user_id":472}],"featured_image":{"id":4000060190,"url":"https:\/\/fr-images.igihe.com\/IMG\/logo\/kr_cp.jpg","alt":"","caption":"","mime_type":"image\/jpeg","width":0,"height":0,"sizes":{"thumbnail":{"url":"https:\/\/fr-images.igihe.com\/IMG\/logo\/kr_cp.jpg","width":1,"height":1},"medium":{"url":"https:\/\/fr-images.igihe.com\/IMG\/logo\/kr_cp.jpg","width":1,"height":1},"medium_large":{"url":"https:\/\/fr-images.igihe.com\/IMG\/logo\/kr_cp.jpg","width":1,"height":1},"large":{"url":"https:\/\/fr-images.igihe.com\/IMG\/logo\/kr_cp.jpg","width":1,"height":1},"full":{"url":"https:\/\/fr-images.igihe.com\/IMG\/logo\/kr_cp.jpg","width":0,"height":0}}},"_links":{"self":[{"href":"https:\/\/new.igihe.com\/french\/wp-json\/wp\/v2\/posts\/37417","targetHints":{"allow":["GET"]}}],"collection":[{"href":"https:\/\/new.igihe.com\/french\/wp-json\/wp\/v2\/posts"}],"about":[{"href":"https:\/\/new.igihe.com\/french\/wp-json\/wp\/v2\/types\/post"}],"author":[{"embeddable":true,"href":"https:\/\/new.igihe.com\/french\/wp-json\/wp\/v2\/users\/488"}],"replies":[{"embeddable":true,"href":"https:\/\/new.igihe.com\/french\/wp-json\/wp\/v2\/comments?post=37417"}],"version-history":[{"count":0,"href":"https:\/\/new.igihe.com\/french\/wp-json\/wp\/v2\/posts\/37417\/revisions"}],"wp:featuredmedia":[{"embeddable":true,"href":"https:\/\/new.igihe.com\/french\/wp-json\/wp\/v2\/media\/4000060190"}],"wp:attachment":[{"href":"https:\/\/new.igihe.com\/french\/wp-json\/wp\/v2\/media?parent=37417"}],"wp:term":[{"taxonomy":"category","embeddable":true,"href":"https:\/\/new.igihe.com\/french\/wp-json\/wp\/v2\/categories?post=37417"},{"taxonomy":"post_tag","embeddable":true,"href":"https:\/\/new.igihe.com\/french\/wp-json\/wp\/v2\/tags?post=37417"},{"taxonomy":"byline","embeddable":true,"href":"https:\/\/new.igihe.com\/french\/wp-json\/wp\/v2\/byline?post=37417"},{"taxonomy":"hashtag","embeddable":true,"href":"https:\/\/new.igihe.com\/french\/wp-json\/wp\/v2\/hashtag?post=37417"}],"curies":[{"name":"wp","href":"https:\/\/api.w.org\/{rel}","templated":true}]}}